{"id":3205,"date":"2025-01-03T15:53:42","date_gmt":"2025-01-03T14:53:42","guid":{"rendered":"https:\/\/josepcarleslainez.com\/?p=3205"},"modified":"2025-01-09T13:24:39","modified_gmt":"2025-01-09T12:24:39","slug":"ipsissima-lux","status":"publish","type":"post","link":"https:\/\/josepcarleslainez.com\/va\/art-va\/fotografia-va\/ipsissima-lux\/","title":{"rendered":"Ipsissima Lux"},"content":{"rendered":"<p>Las fotograf\u00edas de\u00a0<em>Ipsissima lux<\/em>\u00a0(2023) han de entenderse como glosas de mi tercer cortometraje ritual,\u00a0<em>Vt nox lvx<\/em>\u00a0(2021). He querido mostrar en ellas aquello que no se revela, espacios \u00edntimos de la oferente a trav\u00e9s de nueve fotograf\u00edas y de un poema en lat\u00edn. En\u00a0<em>Ipsissima Lux<\/em>, el personaje principal (y adem\u00e1s \u00fanico) vuelve a ser una mujer entre el mundo profano y el sacro, entre el mundo falso de los sentidos y el \u00fanico real de la b\u00fasqueda interior.<\/p>\n<p>La colecci\u00f3n fue publicada como volumen independiente por Gudua Deisdea en colaboraci\u00f3n con GH Records, y se expuso en la librer\u00eda Nemo (Albacete) y en La Casa de Patraix (Valencia).<\/p>\n<h3 style=\"font-size: 13px; font-weight: 600;\">Ipsissima Lux (2023)<\/h3>\n","protected":false},"excerpt":{"rendered":"<p>Las fotograf\u00edas de\u00a0Ipsissima lux\u00a0(2023) han de entenderse como glosas de mi tercer cortometraje ritual,\u00a0Vt nox lvx\u00a0(2021). He querido mostrar en ellas aquello que no se revela, espacios \u00edntimos de la oferente a trav\u00e9s de nueve fotograf\u00edas y de un poema en lat\u00edn. En\u00a0Ipsissima Lux, el personaje principal (y adem\u00e1s \u00fanico) vuelve a ser una mujer&hellip;<\/p>\n","protected":false},"author":2,"featured_media":3209,"comment_status":"closed","ping_status":"closed","sticky":false,"template":"","format":"standard","meta":{"footnotes":""},"categories":[176],"tags":[67],"class_list":["post-3205","post","type-post","status-publish","format-standard","has-post-thumbnail","hentry","category-fotografia-va","tag-2023-va"],"yoast_head":"<!-- This site is optimized with the Yoast SEO plugin v27.4 - https:\/\/yoast.com\/product\/yoast-seo-wordpress\/ -->\n<title>Ipsissima Lux | Josep Carles La\u00ednez<\/title>\n<meta name=\"description\" content=\"Las fotograf\u00edas de\u00a0Ipsissima lux\u00a0(2023) han de entenderse como glosas de mi tercer cortometraje ritual,\u00a0Vt nox lvx\u00a0(2021). He querido mostrar\" \/>\n<meta name=\"robots\" content=\"index, follow, max-snippet:-1, max-image-preview:large, max-video-preview:-1\" \/>\n<link rel=\"canonical\" href=\"https:\/\/josepcarleslainez.com\/va\/art-va\/fotografia-va\/ipsissima-lux\/\" \/>\n<meta property=\"og:locale\" content=\"en_US\" \/>\n<meta property=\"og:type\" content=\"article\" \/>\n<meta property=\"og:title\" content=\"Ipsissima Lux | Josep Carles La\u00ednez\" \/>\n<meta property=\"og:description\" content=\"Las fotograf\u00edas de\u00a0Ipsissima lux\u00a0(2023) han de entenderse como glosas de mi tercer cortometraje ritual,\u00a0Vt nox lvx\u00a0(2021). He querido mostrar\" \/>\n<meta property=\"og:url\" content=\"https:\/\/josepcarleslainez.com\/va\/art-va\/fotografia-va\/ipsissima-lux\/\" \/>\n<meta property=\"og:site_name\" content=\"Josep Carles La\u00ednez\" \/>\n<meta property=\"article:published_time\" content=\"2025-01-03T14:53:42+00:00\" \/>\n<meta property=\"article:modified_time\" content=\"2025-01-09T12:24:39+00:00\" \/>\n<meta property=\"og:image\" content=\"https:\/\/josepcarleslainez.com\/wp-content\/uploads\/Ipsissima-Lux-1.png\" \/>\n\t<meta property=\"og:image:width\" content=\"400\" \/>\n\t<meta property=\"og:image:height\" content=\"500\" \/>\n\t<meta property=\"og:image:type\" content=\"image\/png\" \/>\n<meta name=\"author\" content=\"Josep Carles La\u00ednez\" \/>\n<meta name=\"twitter:card\" content=\"summary_large_image\" \/>\n<meta name=\"twitter:label1\" content=\"Written by\" \/>\n\t<meta name=\"twitter:data1\" content=\"Josep Carles La\u00ednez\" \/>\n\t<meta name=\"twitter:label2\" content=\"Est. reading time\" \/>\n\t<meta name=\"twitter:data2\" content=\"1 minute\" \/>\n<script type=\"application\/ld+json\" class=\"yoast-schema-graph\">{\"@context\":\"https:\\\/\\\/schema.org\",\"@graph\":[{\"@type\":\"Article\",\"@id\":\"https:\\\/\\\/josepcarleslainez.com\\\/va\\\/art-va\\\/fotografia-va\\\/ipsissima-lux\\\/#article\",\"isPartOf\":{\"@id\":\"https:\\\/\\\/josepcarleslainez.com\\\/va\\\/art-va\\\/fotografia-va\\\/ipsissima-lux\\\/\"},\"author\":{\"name\":\"Josep Carles La\u00ednez\",\"@id\":\"https:\\\/\\\/josepcarleslainez.com\\\/va\\\/#\\\/schema\\\/person\\\/4df12f79903b0a8f8bda77c99ca37ca1\"},\"headline\":\"Ipsissima Lux\",\"datePublished\":\"2025-01-03T14:53:42+00:00\",\"dateModified\":\"2025-01-09T12:24:39+00:00\",\"mainEntityOfPage\":{\"@id\":\"https:\\\/\\\/josepcarleslainez.com\\\/va\\\/art-va\\\/fotografia-va\\\/ipsissima-lux\\\/\"},\"wordCount\":123,\"publisher\":{\"@id\":\"https:\\\/\\\/josepcarleslainez.com\\\/va\\\/#\\\/schema\\\/person\\\/4df12f79903b0a8f8bda77c99ca37ca1\"},\"image\":{\"@id\":\"https:\\\/\\\/josepcarleslainez.com\\\/va\\\/art-va\\\/fotografia-va\\\/ipsissima-lux\\\/#primaryimage\"},\"thumbnailUrl\":\"https:\\\/\\\/josepcarleslainez.com\\\/wp-content\\\/uploads\\\/Ipsissima-Lux-1.png\",\"keywords\":[\"2023\"],\"articleSection\":[\"Fotografia\"],\"inLanguage\":\"va-ES\"},{\"@type\":[\"WebPage\",\"ItemPage\"],\"@id\":\"https:\\\/\\\/josepcarleslainez.com\\\/va\\\/art-va\\\/fotografia-va\\\/ipsissima-lux\\\/\",\"url\":\"https:\\\/\\\/josepcarleslainez.com\\\/va\\\/art-va\\\/fotografia-va\\\/ipsissima-lux\\\/\",\"name\":\"Ipsissima Lux | Josep Carles La\u00ednez\",\"isPartOf\":{\"@id\":\"https:\\\/\\\/josepcarleslainez.com\\\/va\\\/#website\"},\"primaryImageOfPage\":{\"@id\":\"https:\\\/\\\/josepcarleslainez.com\\\/va\\\/art-va\\\/fotografia-va\\\/ipsissima-lux\\\/#primaryimage\"},\"image\":{\"@id\":\"https:\\\/\\\/josepcarleslainez.com\\\/va\\\/art-va\\\/fotografia-va\\\/ipsissima-lux\\\/#primaryimage\"},\"thumbnailUrl\":\"https:\\\/\\\/josepcarleslainez.com\\\/wp-content\\\/uploads\\\/Ipsissima-Lux-1.png\",\"datePublished\":\"2025-01-03T14:53:42+00:00\",\"dateModified\":\"2025-01-09T12:24:39+00:00\",\"description\":\"Las fotograf\u00edas de\u00a0Ipsissima lux\u00a0(2023) han de entenderse como glosas de mi tercer cortometraje ritual,\u00a0Vt nox lvx\u00a0(2021). He querido mostrar\",\"breadcrumb\":{\"@id\":\"https:\\\/\\\/josepcarleslainez.com\\\/va\\\/art-va\\\/fotografia-va\\\/ipsissima-lux\\\/#breadcrumb\"},\"inLanguage\":\"va-ES\",\"potentialAction\":[{\"@type\":\"ReadAction\",\"target\":[\"https:\\\/\\\/josepcarleslainez.com\\\/va\\\/art-va\\\/fotografia-va\\\/ipsissima-lux\\\/\"]}]},{\"@type\":\"ImageObject\",\"inLanguage\":\"va-ES\",\"@id\":\"https:\\\/\\\/josepcarleslainez.com\\\/va\\\/art-va\\\/fotografia-va\\\/ipsissima-lux\\\/#primaryimage\",\"url\":\"https:\\\/\\\/josepcarleslainez.com\\\/wp-content\\\/uploads\\\/Ipsissima-Lux-1.png\",\"contentUrl\":\"https:\\\/\\\/josepcarleslainez.com\\\/wp-content\\\/uploads\\\/Ipsissima-Lux-1.png\",\"width\":400,\"height\":500,\"caption\":\"Ipsissima Lux\"},{\"@type\":\"BreadcrumbList\",\"@id\":\"https:\\\/\\\/josepcarleslainez.com\\\/va\\\/art-va\\\/fotografia-va\\\/ipsissima-lux\\\/#breadcrumb\",\"itemListElement\":[{\"@type\":\"ListItem\",\"position\":1,\"name\":\"Inici\",\"item\":\"https:\\\/\\\/josepcarleslainez.com\\\/va\\\/\"},{\"@type\":\"ListItem\",\"position\":2,\"name\":\"Art\",\"item\":\"https:\\\/\\\/josepcarleslainez.com\\\/va\\\/categoria\\\/art-va\\\/\"},{\"@type\":\"ListItem\",\"position\":3,\"name\":\"Fotografia\",\"item\":\"https:\\\/\\\/josepcarleslainez.com\\\/va\\\/categoria\\\/art-va\\\/fotografia-va\\\/\"},{\"@type\":\"ListItem\",\"position\":4,\"name\":\"Ipsissima Lux\"}]},{\"@type\":\"WebSite\",\"@id\":\"https:\\\/\\\/josepcarleslainez.com\\\/va\\\/#website\",\"url\":\"https:\\\/\\\/josepcarleslainez.com\\\/va\\\/\",\"name\":\"Josep Carles La\u00ednez\",\"description\":\"Literatura &amp; Arte\",\"publisher\":{\"@id\":\"https:\\\/\\\/josepcarleslainez.com\\\/va\\\/#\\\/schema\\\/person\\\/4df12f79903b0a8f8bda77c99ca37ca1\"},\"potentialAction\":[{\"@type\":\"SearchAction\",\"target\":{\"@type\":\"EntryPoint\",\"urlTemplate\":\"https:\\\/\\\/josepcarleslainez.com\\\/va\\\/?s={search_term_string}\"},\"query-input\":{\"@type\":\"PropertyValueSpecification\",\"valueRequired\":true,\"valueName\":\"search_term_string\"}}],\"inLanguage\":\"va-ES\"},{\"@type\":[\"Person\",\"Organization\"],\"@id\":\"https:\\\/\\\/josepcarleslainez.com\\\/va\\\/#\\\/schema\\\/person\\\/4df12f79903b0a8f8bda77c99ca37ca1\",\"name\":\"Josep Carles La\u00ednez\",\"image\":{\"@type\":\"ImageObject\",\"inLanguage\":\"va-ES\",\"@id\":\"https:\\\/\\\/josepcarleslainez.com\\\/wp-content\\\/uploads\\\/JosepCarlesLainez_Biografia.jpg\",\"url\":\"https:\\\/\\\/josepcarleslainez.com\\\/wp-content\\\/uploads\\\/JosepCarlesLainez_Biografia.jpg\",\"contentUrl\":\"https:\\\/\\\/josepcarleslainez.com\\\/wp-content\\\/uploads\\\/JosepCarlesLainez_Biografia.jpg\",\"width\":571,\"height\":600,\"caption\":\"Josep Carles La\u00ednez\"},\"logo\":{\"@id\":\"https:\\\/\\\/josepcarleslainez.com\\\/wp-content\\\/uploads\\\/JosepCarlesLainez_Biografia.jpg\"},\"sameAs\":[\"https:\\\/\\\/josepcarleslainez.com\"],\"url\":\"https:\\\/\\\/josepcarleslainez.com\\\/va\\\/author\\\/j_carleslainez\\\/\"}]}<\/script>\n<!-- \/ Yoast SEO plugin. -->","yoast_head_json":{"title":"Ipsissima Lux | Josep Carles La\u00ednez","description":"Las fotograf\u00edas de\u00a0Ipsissima lux\u00a0(2023) han de entenderse como glosas de mi tercer cortometraje ritual,\u00a0Vt nox lvx\u00a0(2021). He querido mostrar","robots":{"index":"index","follow":"follow","max-snippet":"max-snippet:-1","max-image-preview":"max-image-preview:large","max-video-preview":"max-video-preview:-1"},"canonical":"https:\/\/josepcarleslainez.com\/va\/art-va\/fotografia-va\/ipsissima-lux\/","og_locale":"en_US","og_type":"article","og_title":"Ipsissima Lux | Josep Carles La\u00ednez","og_description":"Las fotograf\u00edas de\u00a0Ipsissima lux\u00a0(2023) han de entenderse como glosas de mi tercer cortometraje ritual,\u00a0Vt nox lvx\u00a0(2021). He querido mostrar","og_url":"https:\/\/josepcarleslainez.com\/va\/art-va\/fotografia-va\/ipsissima-lux\/","og_site_name":"Josep Carles La\u00ednez","article_published_time":"2025-01-03T14:53:42+00:00","article_modified_time":"2025-01-09T12:24:39+00:00","og_image":[{"width":400,"height":500,"url":"https:\/\/josepcarleslainez.com\/wp-content\/uploads\/Ipsissima-Lux-1.png","type":"image\/png"}],"author":"Josep Carles La\u00ednez","twitter_card":"summary_large_image","twitter_misc":{"Written by":"Josep Carles La\u00ednez","Est. reading time":"1 minute"},"schema":{"@context":"https:\/\/schema.org","@graph":[{"@type":"Article","@id":"https:\/\/josepcarleslainez.com\/va\/art-va\/fotografia-va\/ipsissima-lux\/#article","isPartOf":{"@id":"https:\/\/josepcarleslainez.com\/va\/art-va\/fotografia-va\/ipsissima-lux\/"},"author":{"name":"Josep Carles La\u00ednez","@id":"https:\/\/josepcarleslainez.com\/va\/#\/schema\/person\/4df12f79903b0a8f8bda77c99ca37ca1"},"headline":"Ipsissima Lux","datePublished":"2025-01-03T14:53:42+00:00","dateModified":"2025-01-09T12:24:39+00:00","mainEntityOfPage":{"@id":"https:\/\/josepcarleslainez.com\/va\/art-va\/fotografia-va\/ipsissima-lux\/"},"wordCount":123,"publisher":{"@id":"https:\/\/josepcarleslainez.com\/va\/#\/schema\/person\/4df12f79903b0a8f8bda77c99ca37ca1"},"image":{"@id":"https:\/\/josepcarleslainez.com\/va\/art-va\/fotografia-va\/ipsissima-lux\/#primaryimage"},"thumbnailUrl":"https:\/\/josepcarleslainez.com\/wp-content\/uploads\/Ipsissima-Lux-1.png","keywords":["2023"],"articleSection":["Fotografia"],"inLanguage":"va-ES"},{"@type":["WebPage","ItemPage"],"@id":"https:\/\/josepcarleslainez.com\/va\/art-va\/fotografia-va\/ipsissima-lux\/","url":"https:\/\/josepcarleslainez.com\/va\/art-va\/fotografia-va\/ipsissima-lux\/","name":"Ipsissima Lux | Josep Carles La\u00ednez","isPartOf":{"@id":"https:\/\/josepcarleslainez.com\/va\/#website"},"primaryImageOfPage":{"@id":"https:\/\/josepcarleslainez.com\/va\/art-va\/fotografia-va\/ipsissima-lux\/#primaryimage"},"image":{"@id":"https:\/\/josepcarleslainez.com\/va\/art-va\/fotografia-va\/ipsissima-lux\/#primaryimage"},"thumbnailUrl":"https:\/\/josepcarleslainez.com\/wp-content\/uploads\/Ipsissima-Lux-1.png","datePublished":"2025-01-03T14:53:42+00:00","dateModified":"2025-01-09T12:24:39+00:00","description":"Las fotograf\u00edas de\u00a0Ipsissima lux\u00a0(2023) han de entenderse como glosas de mi tercer cortometraje ritual,\u00a0Vt nox lvx\u00a0(2021). He querido mostrar","breadcrumb":{"@id":"https:\/\/josepcarleslainez.com\/va\/art-va\/fotografia-va\/ipsissima-lux\/#breadcrumb"},"inLanguage":"va-ES","potentialAction":[{"@type":"ReadAction","target":["https:\/\/josepcarleslainez.com\/va\/art-va\/fotografia-va\/ipsissima-lux\/"]}]},{"@type":"ImageObject","inLanguage":"va-ES","@id":"https:\/\/josepcarleslainez.com\/va\/art-va\/fotografia-va\/ipsissima-lux\/#primaryimage","url":"https:\/\/josepcarleslainez.com\/wp-content\/uploads\/Ipsissima-Lux-1.png","contentUrl":"https:\/\/josepcarleslainez.com\/wp-content\/uploads\/Ipsissima-Lux-1.png","width":400,"height":500,"caption":"Ipsissima Lux"},{"@type":"BreadcrumbList","@id":"https:\/\/josepcarleslainez.com\/va\/art-va\/fotografia-va\/ipsissima-lux\/#breadcrumb","itemListElement":[{"@type":"ListItem","position":1,"name":"Inici","item":"https:\/\/josepcarleslainez.com\/va\/"},{"@type":"ListItem","position":2,"name":"Art","item":"https:\/\/josepcarleslainez.com\/va\/categoria\/art-va\/"},{"@type":"ListItem","position":3,"name":"Fotografia","item":"https:\/\/josepcarleslainez.com\/va\/categoria\/art-va\/fotografia-va\/"},{"@type":"ListItem","position":4,"name":"Ipsissima Lux"}]},{"@type":"WebSite","@id":"https:\/\/josepcarleslainez.com\/va\/#website","url":"https:\/\/josepcarleslainez.com\/va\/","name":"Josep Carles La\u00ednez","description":"Literatura &amp; Arte","publisher":{"@id":"https:\/\/josepcarleslainez.com\/va\/#\/schema\/person\/4df12f79903b0a8f8bda77c99ca37ca1"},"potentialAction":[{"@type":"SearchAction","target":{"@type":"EntryPoint","urlTemplate":"https:\/\/josepcarleslainez.com\/va\/?s={search_term_string}"},"query-input":{"@type":"PropertyValueSpecification","valueRequired":true,"valueName":"search_term_string"}}],"inLanguage":"va-ES"},{"@type":["Person","Organization"],"@id":"https:\/\/josepcarleslainez.com\/va\/#\/schema\/person\/4df12f79903b0a8f8bda77c99ca37ca1","name":"Josep Carles La\u00ednez","image":{"@type":"ImageObject","inLanguage":"va-ES","@id":"https:\/\/josepcarleslainez.com\/wp-content\/uploads\/JosepCarlesLainez_Biografia.jpg","url":"https:\/\/josepcarleslainez.com\/wp-content\/uploads\/JosepCarlesLainez_Biografia.jpg","contentUrl":"https:\/\/josepcarleslainez.com\/wp-content\/uploads\/JosepCarlesLainez_Biografia.jpg","width":571,"height":600,"caption":"Josep Carles La\u00ednez"},"logo":{"@id":"https:\/\/josepcarleslainez.com\/wp-content\/uploads\/JosepCarlesLainez_Biografia.jpg"},"sameAs":["https:\/\/josepcarleslainez.com"],"url":"https:\/\/josepcarleslainez.com\/va\/author\/j_carleslainez\/"}]}},"_links":{"self":[{"href":"https:\/\/josepcarleslainez.com\/va\/wp-json\/wp\/v2\/posts\/3205","targetHints":{"allow":["GET"]}}],"collection":[{"href":"https:\/\/josepcarleslainez.com\/va\/wp-json\/wp\/v2\/posts"}],"about":[{"href":"https:\/\/josepcarleslainez.com\/va\/wp-json\/wp\/v2\/types\/post"}],"author":[{"embeddable":true,"href":"https:\/\/josepcarleslainez.com\/va\/wp-json\/wp\/v2\/users\/2"}],"replies":[{"embeddable":true,"href":"https:\/\/josepcarleslainez.com\/va\/wp-json\/wp\/v2\/comments?post=3205"}],"version-history":[{"count":1,"href":"https:\/\/josepcarleslainez.com\/va\/wp-json\/wp\/v2\/posts\/3205\/revisions"}],"predecessor-version":[{"id":3573,"href":"https:\/\/josepcarleslainez.com\/va\/wp-json\/wp\/v2\/posts\/3205\/revisions\/3573"}],"wp:featuredmedia":[{"embeddable":true,"href":"https:\/\/josepcarleslainez.com\/va\/wp-json\/wp\/v2\/media\/3209"}],"wp:attachment":[{"href":"https:\/\/josepcarleslainez.com\/va\/wp-json\/wp\/v2\/media?parent=3205"}],"wp:term":[{"taxonomy":"category","embeddable":true,"href":"https:\/\/josepcarleslainez.com\/va\/wp-json\/wp\/v2\/categories?post=3205"},{"taxonomy":"post_tag","embeddable":true,"href":"https:\/\/josepcarleslainez.com\/va\/wp-json\/wp\/v2\/tags?post=3205"}],"curies":[{"name":"wp","href":"https:\/\/api.w.org\/{rel}","templated":true}]}}