{"id":3164,"date":"2025-01-03T15:32:38","date_gmt":"2025-01-03T14:32:38","guid":{"rendered":"https:\/\/josepcarleslainez.com\/?p=3164"},"modified":"2025-01-09T13:24:31","modified_gmt":"2025-01-09T12:24:31","slug":"interior-invierno","status":"publish","type":"post","link":"https:\/\/josepcarleslainez.com\/va\/art-va\/fotografia-va\/interior-invierno\/","title":{"rendered":"Interior, invierno"},"content":{"rendered":"<p>Realic\u00e9 la serie <em>Interior, invierno<\/em> en el mes de marzo de 2023, en el jard\u00edn y el cobertizo de mi casa. No iba en pos de una fotograf\u00eda espiritual, aunque tal vez acab\u00e9 en ella al perseguir sobre todo el silencio y cierta eternidad del fr\u00edo. Quiz\u00e1 tambi\u00e9n buscaba la desolaci\u00f3n que marcan el tiempo y el abandono.<\/p>\n<p>La colecci\u00f3n completa puede verse en la revista <em>Letralia<\/em>, en <a href=\"https:\/\/letralia.com\/fotan-fotografia\/2024\/04\/14\/interior-invierno\/\" target=\"_blank\" rel=\"noopener\"><span style=\"color: #d9c8b4;\">Interior, invierno, serie fotogr\u00e1fica de Josep Carles La\u00ednez<\/span><\/a>, que la public\u00f3.<\/p>\n<h3 style=\"font-size: 13px; font-weight: 600;\">Interior, invierno (2024)<\/h3>\n","protected":false},"excerpt":{"rendered":"<p>Realic\u00e9 la serie Interior, invierno en el mes de marzo de 2023, en el jard\u00edn y el cobertizo de mi casa. No iba en pos de una fotograf\u00eda espiritual, aunque tal vez acab\u00e9 en ella al perseguir sobre todo el silencio y cierta eternidad del fr\u00edo. Quiz\u00e1 tambi\u00e9n buscaba la desolaci\u00f3n que marcan el tiempo&hellip;<\/p>\n","protected":false},"author":2,"featured_media":3168,"comment_status":"closed","ping_status":"closed","sticky":false,"template":"","format":"standard","meta":{"footnotes":""},"categories":[176],"tags":[164],"class_list":["post-3164","post","type-post","status-publish","format-standard","has-post-thumbnail","hentry","category-fotografia-va","tag-2024-va"],"yoast_head":"<!-- This site is optimized with the Yoast SEO plugin v27.4 - https:\/\/yoast.com\/product\/yoast-seo-wordpress\/ -->\n<title>Interior, invierno | Josep Carles La\u00ednez<\/title>\n<meta name=\"description\" content=\"Realic\u00e9 la serie Interior, invierno en el mes de marzo de 2023, en el jard\u00edn y el cobertizo de mi casa. No iba en pos de una fotograf\u00eda\" \/>\n<meta name=\"robots\" content=\"index, follow, max-snippet:-1, max-image-preview:large, max-video-preview:-1\" \/>\n<link rel=\"canonical\" href=\"https:\/\/josepcarleslainez.com\/va\/art-va\/fotografia-va\/interior-invierno\/\" \/>\n<meta property=\"og:locale\" content=\"en_US\" \/>\n<meta property=\"og:type\" content=\"article\" \/>\n<meta property=\"og:title\" content=\"Interior, invierno | Josep Carles La\u00ednez\" \/>\n<meta property=\"og:description\" content=\"Realic\u00e9 la serie Interior, invierno en el mes de marzo de 2023, en el jard\u00edn y el cobertizo de mi casa. No iba en pos de una fotograf\u00eda\" \/>\n<meta property=\"og:url\" content=\"https:\/\/josepcarleslainez.com\/va\/art-va\/fotografia-va\/interior-invierno\/\" \/>\n<meta property=\"og:site_name\" content=\"Josep Carles La\u00ednez\" \/>\n<meta property=\"article:published_time\" content=\"2025-01-03T14:32:38+00:00\" \/>\n<meta property=\"article:modified_time\" content=\"2025-01-09T12:24:31+00:00\" \/>\n<meta property=\"og:image\" content=\"https:\/\/josepcarleslainez.com\/wp-content\/uploads\/Interior-invierno.png\" \/>\n\t<meta property=\"og:image:width\" content=\"400\" \/>\n\t<meta property=\"og:image:height\" content=\"500\" \/>\n\t<meta property=\"og:image:type\" content=\"image\/png\" \/>\n<meta name=\"author\" content=\"Josep Carles La\u00ednez\" \/>\n<meta name=\"twitter:card\" content=\"summary_large_image\" \/>\n<meta name=\"twitter:label1\" content=\"Written by\" \/>\n\t<meta name=\"twitter:data1\" content=\"Josep Carles La\u00ednez\" \/>\n\t<meta name=\"twitter:label2\" content=\"Est. reading time\" \/>\n\t<meta name=\"twitter:data2\" content=\"1 minute\" \/>\n<script type=\"application\/ld+json\" class=\"yoast-schema-graph\">{\"@context\":\"https:\\\/\\\/schema.org\",\"@graph\":[{\"@type\":\"Article\",\"@id\":\"https:\\\/\\\/josepcarleslainez.com\\\/va\\\/art-va\\\/fotografia-va\\\/interior-invierno\\\/#article\",\"isPartOf\":{\"@id\":\"https:\\\/\\\/josepcarleslainez.com\\\/va\\\/art-va\\\/fotografia-va\\\/interior-invierno\\\/\"},\"author\":{\"name\":\"Josep Carles La\u00ednez\",\"@id\":\"https:\\\/\\\/josepcarleslainez.com\\\/va\\\/#\\\/schema\\\/person\\\/4df12f79903b0a8f8bda77c99ca37ca1\"},\"headline\":\"Interior, invierno\",\"datePublished\":\"2025-01-03T14:32:38+00:00\",\"dateModified\":\"2025-01-09T12:24:31+00:00\",\"mainEntityOfPage\":{\"@id\":\"https:\\\/\\\/josepcarleslainez.com\\\/va\\\/art-va\\\/fotografia-va\\\/interior-invierno\\\/\"},\"wordCount\":90,\"publisher\":{\"@id\":\"https:\\\/\\\/josepcarleslainez.com\\\/va\\\/#\\\/schema\\\/person\\\/4df12f79903b0a8f8bda77c99ca37ca1\"},\"image\":{\"@id\":\"https:\\\/\\\/josepcarleslainez.com\\\/va\\\/art-va\\\/fotografia-va\\\/interior-invierno\\\/#primaryimage\"},\"thumbnailUrl\":\"https:\\\/\\\/josepcarleslainez.com\\\/wp-content\\\/uploads\\\/Interior-invierno.png\",\"keywords\":[\"2024\"],\"articleSection\":[\"Fotografia\"],\"inLanguage\":\"va-ES\"},{\"@type\":[\"WebPage\",\"ItemPage\"],\"@id\":\"https:\\\/\\\/josepcarleslainez.com\\\/va\\\/art-va\\\/fotografia-va\\\/interior-invierno\\\/\",\"url\":\"https:\\\/\\\/josepcarleslainez.com\\\/va\\\/art-va\\\/fotografia-va\\\/interior-invierno\\\/\",\"name\":\"Interior, invierno | Josep Carles La\u00ednez\",\"isPartOf\":{\"@id\":\"https:\\\/\\\/josepcarleslainez.com\\\/va\\\/#website\"},\"primaryImageOfPage\":{\"@id\":\"https:\\\/\\\/josepcarleslainez.com\\\/va\\\/art-va\\\/fotografia-va\\\/interior-invierno\\\/#primaryimage\"},\"image\":{\"@id\":\"https:\\\/\\\/josepcarleslainez.com\\\/va\\\/art-va\\\/fotografia-va\\\/interior-invierno\\\/#primaryimage\"},\"thumbnailUrl\":\"https:\\\/\\\/josepcarleslainez.com\\\/wp-content\\\/uploads\\\/Interior-invierno.png\",\"datePublished\":\"2025-01-03T14:32:38+00:00\",\"dateModified\":\"2025-01-09T12:24:31+00:00\",\"description\":\"Realic\u00e9 la serie Interior, invierno en el mes de marzo de 2023, en el jard\u00edn y el cobertizo de mi casa. No iba en pos de una fotograf\u00eda\",\"breadcrumb\":{\"@id\":\"https:\\\/\\\/josepcarleslainez.com\\\/va\\\/art-va\\\/fotografia-va\\\/interior-invierno\\\/#breadcrumb\"},\"inLanguage\":\"va-ES\",\"potentialAction\":[{\"@type\":\"ReadAction\",\"target\":[\"https:\\\/\\\/josepcarleslainez.com\\\/va\\\/art-va\\\/fotografia-va\\\/interior-invierno\\\/\"]}]},{\"@type\":\"ImageObject\",\"inLanguage\":\"va-ES\",\"@id\":\"https:\\\/\\\/josepcarleslainez.com\\\/va\\\/art-va\\\/fotografia-va\\\/interior-invierno\\\/#primaryimage\",\"url\":\"https:\\\/\\\/josepcarleslainez.com\\\/wp-content\\\/uploads\\\/Interior-invierno.png\",\"contentUrl\":\"https:\\\/\\\/josepcarleslainez.com\\\/wp-content\\\/uploads\\\/Interior-invierno.png\",\"width\":400,\"height\":500,\"caption\":\"Interior, invierno\"},{\"@type\":\"BreadcrumbList\",\"@id\":\"https:\\\/\\\/josepcarleslainez.com\\\/va\\\/art-va\\\/fotografia-va\\\/interior-invierno\\\/#breadcrumb\",\"itemListElement\":[{\"@type\":\"ListItem\",\"position\":1,\"name\":\"Inici\",\"item\":\"https:\\\/\\\/josepcarleslainez.com\\\/va\\\/\"},{\"@type\":\"ListItem\",\"position\":2,\"name\":\"Art\",\"item\":\"https:\\\/\\\/josepcarleslainez.com\\\/va\\\/categoria\\\/art-va\\\/\"},{\"@type\":\"ListItem\",\"position\":3,\"name\":\"Fotografia\",\"item\":\"https:\\\/\\\/josepcarleslainez.com\\\/va\\\/categoria\\\/art-va\\\/fotografia-va\\\/\"},{\"@type\":\"ListItem\",\"position\":4,\"name\":\"Interior, invierno\"}]},{\"@type\":\"WebSite\",\"@id\":\"https:\\\/\\\/josepcarleslainez.com\\\/va\\\/#website\",\"url\":\"https:\\\/\\\/josepcarleslainez.com\\\/va\\\/\",\"name\":\"Josep Carles La\u00ednez\",\"description\":\"Literatura &amp; Arte\",\"publisher\":{\"@id\":\"https:\\\/\\\/josepcarleslainez.com\\\/va\\\/#\\\/schema\\\/person\\\/4df12f79903b0a8f8bda77c99ca37ca1\"},\"potentialAction\":[{\"@type\":\"SearchAction\",\"target\":{\"@type\":\"EntryPoint\",\"urlTemplate\":\"https:\\\/\\\/josepcarleslainez.com\\\/va\\\/?s={search_term_string}\"},\"query-input\":{\"@type\":\"PropertyValueSpecification\",\"valueRequired\":true,\"valueName\":\"search_term_string\"}}],\"inLanguage\":\"va-ES\"},{\"@type\":[\"Person\",\"Organization\"],\"@id\":\"https:\\\/\\\/josepcarleslainez.com\\\/va\\\/#\\\/schema\\\/person\\\/4df12f79903b0a8f8bda77c99ca37ca1\",\"name\":\"Josep Carles La\u00ednez\",\"image\":{\"@type\":\"ImageObject\",\"inLanguage\":\"va-ES\",\"@id\":\"https:\\\/\\\/josepcarleslainez.com\\\/wp-content\\\/uploads\\\/JosepCarlesLainez_Biografia.jpg\",\"url\":\"https:\\\/\\\/josepcarleslainez.com\\\/wp-content\\\/uploads\\\/JosepCarlesLainez_Biografia.jpg\",\"contentUrl\":\"https:\\\/\\\/josepcarleslainez.com\\\/wp-content\\\/uploads\\\/JosepCarlesLainez_Biografia.jpg\",\"width\":571,\"height\":600,\"caption\":\"Josep Carles La\u00ednez\"},\"logo\":{\"@id\":\"https:\\\/\\\/josepcarleslainez.com\\\/wp-content\\\/uploads\\\/JosepCarlesLainez_Biografia.jpg\"},\"sameAs\":[\"https:\\\/\\\/josepcarleslainez.com\"],\"url\":\"https:\\\/\\\/josepcarleslainez.com\\\/va\\\/author\\\/j_carleslainez\\\/\"}]}<\/script>\n<!-- \/ Yoast SEO plugin. -->","yoast_head_json":{"title":"Interior, invierno | Josep Carles La\u00ednez","description":"Realic\u00e9 la serie Interior, invierno en el mes de marzo de 2023, en el jard\u00edn y el cobertizo de mi casa. No iba en pos de una fotograf\u00eda","robots":{"index":"index","follow":"follow","max-snippet":"max-snippet:-1","max-image-preview":"max-image-preview:large","max-video-preview":"max-video-preview:-1"},"canonical":"https:\/\/josepcarleslainez.com\/va\/art-va\/fotografia-va\/interior-invierno\/","og_locale":"en_US","og_type":"article","og_title":"Interior, invierno | Josep Carles La\u00ednez","og_description":"Realic\u00e9 la serie Interior, invierno en el mes de marzo de 2023, en el jard\u00edn y el cobertizo de mi casa. No iba en pos de una fotograf\u00eda","og_url":"https:\/\/josepcarleslainez.com\/va\/art-va\/fotografia-va\/interior-invierno\/","og_site_name":"Josep Carles La\u00ednez","article_published_time":"2025-01-03T14:32:38+00:00","article_modified_time":"2025-01-09T12:24:31+00:00","og_image":[{"width":400,"height":500,"url":"https:\/\/josepcarleslainez.com\/wp-content\/uploads\/Interior-invierno.png","type":"image\/png"}],"author":"Josep Carles La\u00ednez","twitter_card":"summary_large_image","twitter_misc":{"Written by":"Josep Carles La\u00ednez","Est. reading time":"1 minute"},"schema":{"@context":"https:\/\/schema.org","@graph":[{"@type":"Article","@id":"https:\/\/josepcarleslainez.com\/va\/art-va\/fotografia-va\/interior-invierno\/#article","isPartOf":{"@id":"https:\/\/josepcarleslainez.com\/va\/art-va\/fotografia-va\/interior-invierno\/"},"author":{"name":"Josep Carles La\u00ednez","@id":"https:\/\/josepcarleslainez.com\/va\/#\/schema\/person\/4df12f79903b0a8f8bda77c99ca37ca1"},"headline":"Interior, invierno","datePublished":"2025-01-03T14:32:38+00:00","dateModified":"2025-01-09T12:24:31+00:00","mainEntityOfPage":{"@id":"https:\/\/josepcarleslainez.com\/va\/art-va\/fotografia-va\/interior-invierno\/"},"wordCount":90,"publisher":{"@id":"https:\/\/josepcarleslainez.com\/va\/#\/schema\/person\/4df12f79903b0a8f8bda77c99ca37ca1"},"image":{"@id":"https:\/\/josepcarleslainez.com\/va\/art-va\/fotografia-va\/interior-invierno\/#primaryimage"},"thumbnailUrl":"https:\/\/josepcarleslainez.com\/wp-content\/uploads\/Interior-invierno.png","keywords":["2024"],"articleSection":["Fotografia"],"inLanguage":"va-ES"},{"@type":["WebPage","ItemPage"],"@id":"https:\/\/josepcarleslainez.com\/va\/art-va\/fotografia-va\/interior-invierno\/","url":"https:\/\/josepcarleslainez.com\/va\/art-va\/fotografia-va\/interior-invierno\/","name":"Interior, invierno | Josep Carles La\u00ednez","isPartOf":{"@id":"https:\/\/josepcarleslainez.com\/va\/#website"},"primaryImageOfPage":{"@id":"https:\/\/josepcarleslainez.com\/va\/art-va\/fotografia-va\/interior-invierno\/#primaryimage"},"image":{"@id":"https:\/\/josepcarleslainez.com\/va\/art-va\/fotografia-va\/interior-invierno\/#primaryimage"},"thumbnailUrl":"https:\/\/josepcarleslainez.com\/wp-content\/uploads\/Interior-invierno.png","datePublished":"2025-01-03T14:32:38+00:00","dateModified":"2025-01-09T12:24:31+00:00","description":"Realic\u00e9 la serie Interior, invierno en el mes de marzo de 2023, en el jard\u00edn y el cobertizo de mi casa. No iba en pos de una fotograf\u00eda","breadcrumb":{"@id":"https:\/\/josepcarleslainez.com\/va\/art-va\/fotografia-va\/interior-invierno\/#breadcrumb"},"inLanguage":"va-ES","potentialAction":[{"@type":"ReadAction","target":["https:\/\/josepcarleslainez.com\/va\/art-va\/fotografia-va\/interior-invierno\/"]}]},{"@type":"ImageObject","inLanguage":"va-ES","@id":"https:\/\/josepcarleslainez.com\/va\/art-va\/fotografia-va\/interior-invierno\/#primaryimage","url":"https:\/\/josepcarleslainez.com\/wp-content\/uploads\/Interior-invierno.png","contentUrl":"https:\/\/josepcarleslainez.com\/wp-content\/uploads\/Interior-invierno.png","width":400,"height":500,"caption":"Interior, invierno"},{"@type":"BreadcrumbList","@id":"https:\/\/josepcarleslainez.com\/va\/art-va\/fotografia-va\/interior-invierno\/#breadcrumb","itemListElement":[{"@type":"ListItem","position":1,"name":"Inici","item":"https:\/\/josepcarleslainez.com\/va\/"},{"@type":"ListItem","position":2,"name":"Art","item":"https:\/\/josepcarleslainez.com\/va\/categoria\/art-va\/"},{"@type":"ListItem","position":3,"name":"Fotografia","item":"https:\/\/josepcarleslainez.com\/va\/categoria\/art-va\/fotografia-va\/"},{"@type":"ListItem","position":4,"name":"Interior, invierno"}]},{"@type":"WebSite","@id":"https:\/\/josepcarleslainez.com\/va\/#website","url":"https:\/\/josepcarleslainez.com\/va\/","name":"Josep Carles La\u00ednez","description":"Literatura &amp; Arte","publisher":{"@id":"https:\/\/josepcarleslainez.com\/va\/#\/schema\/person\/4df12f79903b0a8f8bda77c99ca37ca1"},"potentialAction":[{"@type":"SearchAction","target":{"@type":"EntryPoint","urlTemplate":"https:\/\/josepcarleslainez.com\/va\/?s={search_term_string}"},"query-input":{"@type":"PropertyValueSpecification","valueRequired":true,"valueName":"search_term_string"}}],"inLanguage":"va-ES"},{"@type":["Person","Organization"],"@id":"https:\/\/josepcarleslainez.com\/va\/#\/schema\/person\/4df12f79903b0a8f8bda77c99ca37ca1","name":"Josep Carles La\u00ednez","image":{"@type":"ImageObject","inLanguage":"va-ES","@id":"https:\/\/josepcarleslainez.com\/wp-content\/uploads\/JosepCarlesLainez_Biografia.jpg","url":"https:\/\/josepcarleslainez.com\/wp-content\/uploads\/JosepCarlesLainez_Biografia.jpg","contentUrl":"https:\/\/josepcarleslainez.com\/wp-content\/uploads\/JosepCarlesLainez_Biografia.jpg","width":571,"height":600,"caption":"Josep Carles La\u00ednez"},"logo":{"@id":"https:\/\/josepcarleslainez.com\/wp-content\/uploads\/JosepCarlesLainez_Biografia.jpg"},"sameAs":["https:\/\/josepcarleslainez.com"],"url":"https:\/\/josepcarleslainez.com\/va\/author\/j_carleslainez\/"}]}},"_links":{"self":[{"href":"https:\/\/josepcarleslainez.com\/va\/wp-json\/wp\/v2\/posts\/3164","targetHints":{"allow":["GET"]}}],"collection":[{"href":"https:\/\/josepcarleslainez.com\/va\/wp-json\/wp\/v2\/posts"}],"about":[{"href":"https:\/\/josepcarleslainez.com\/va\/wp-json\/wp\/v2\/types\/post"}],"author":[{"embeddable":true,"href":"https:\/\/josepcarleslainez.com\/va\/wp-json\/wp\/v2\/users\/2"}],"replies":[{"embeddable":true,"href":"https:\/\/josepcarleslainez.com\/va\/wp-json\/wp\/v2\/comments?post=3164"}],"version-history":[{"count":1,"href":"https:\/\/josepcarleslainez.com\/va\/wp-json\/wp\/v2\/posts\/3164\/revisions"}],"predecessor-version":[{"id":3570,"href":"https:\/\/josepcarleslainez.com\/va\/wp-json\/wp\/v2\/posts\/3164\/revisions\/3570"}],"wp:featuredmedia":[{"embeddable":true,"href":"https:\/\/josepcarleslainez.com\/va\/wp-json\/wp\/v2\/media\/3168"}],"wp:attachment":[{"href":"https:\/\/josepcarleslainez.com\/va\/wp-json\/wp\/v2\/media?parent=3164"}],"wp:term":[{"taxonomy":"category","embeddable":true,"href":"https:\/\/josepcarleslainez.com\/va\/wp-json\/wp\/v2\/categories?post=3164"},{"taxonomy":"post_tag","embeddable":true,"href":"https:\/\/josepcarleslainez.com\/va\/wp-json\/wp\/v2\/tags?post=3164"}],"curies":[{"name":"wp","href":"https:\/\/api.w.org\/{rel}","templated":true}]}}