{"id":3001,"date":"2024-09-10T19:00:47","date_gmt":"2024-09-10T17:00:47","guid":{"rendered":"https:\/\/josepcarleslainez.com\/?p=3001"},"modified":"2025-01-06T12:28:25","modified_gmt":"2025-01-06T11:28:25","slug":"masnai","status":"publish","type":"post","link":"https:\/\/josepcarleslainez.com\/va\/literatura-va\/poesia-va\/masnai\/","title":{"rendered":"Masn\u00e1i"},"content":{"rendered":"<p><em>Masn\u00e1i<\/em> \u2014veu celtibera que presumiblement significa \u201camb esgarro\u201d\u2014 \u00e9s un llibre de poemes que an\u00e0 adoptant la forma del haiku en un gradual despullament, encara que tamb\u00e9 siga possible llegir-lo com una mena de tesi-ant\u00edtesi-s\u00edntesi hegelianes, d\u2019emanacions plotinianes o de tr\u00edades filos\u00f2fiques per a extraure algun saber d\u2019una escriptura no autom\u00e0tica, per\u00f2 en ocasions torrencial, perqu\u00e8, en el fons, no \u00e9s un llibre de haikus ni pret\u00e9n ser-ho. Ni tampoc \u00e9s estrictament un poemari.<\/p>\n<p>Dividit en quatre seccions que tenen la seua transposici\u00f3 en les estacions de l\u2019any,\u00a0<em>Masn\u00e1i<\/em>\u00a0mostra el proc\u00e9s d\u2019assumpci\u00f3 de la veritat essencial a tota vida, no deixant a banda l\u2019efervesc\u00e8ncia de la recerca espiritual, la joventut de les eternitats d\u2019estiu o caminar cap enlloc com \u00e9ssers davall la boira.<\/p>\n<p><em>Masn\u00e1i<\/em>\u00a0\u00e9s, en un cert sentit, un diari, si b\u00e9 no l\u2019incloc en el meu projecte <em>Tabularium<\/em>, puix no busque no busca la descripci\u00f3 discursiva, sin\u00f3 l\u2019impacte agut i passatger. No \u00e9s, malgrat aix\u00f2, un volum excessivament breu, i per aix\u00f2 la cerca d\u2019una allau sensorial \u00edntima, un esgarro de la llengua i dels fets quotidians a trav\u00e9s del qual la realitat, la vera realitat, es fa\u00e7a present.<\/p>\n<h3 style=\"font-size: 13px; font-weight: 600;\"><em>Masn\u00e1i<\/em>, Valencia, Olelibros, 2024.<\/h3>\n<p>&nbsp;<\/p>\n<p><strong>SOBRE EL LLIBRE<\/strong><\/p>\n<p><a href=\"https:\/\/www.makma.net\/josep-carles-lainez-masnai-haiku\/\" target=\"_blank\" rel=\"noopener\"><em><strong>Makma.net<\/strong><\/em> (04\/08\/2024): Netele Fuentes, \u201cJosep Carles La\u00ednez (Masn\u00e1i): El haiku es una disciplina de escritura. Y sin disciplina no hay nada\u201d.<\/a><\/p>\n<p><a href=\"https:\/\/www.todoliteratura.es\/noticia\/59814\/poesia\/masnai-de-josep-carles-lainez.html\" target=\"_blank\" rel=\"noopener\"><em><strong>Todoliteratura<\/strong><\/em> (14\/07\/2024): Isabel Alamar, \u201cMasn\u00e1i, de Josep Carles La\u00ednez\u201d.<\/a><\/p>\n<p><a href=\"https:\/\/valencianews.es\/cultura\/la-belleza-de-lo-cotidiano-masnai-de-josep-carles-lainez\/\" target=\"_blank\" rel=\"noopener\"><em><strong>ValenciaNews<\/strong><\/em> (07\/07\/2024): Juan Carlos Casta\u00f1os, \u201cLa belleza de lo cotidiano: Masn\u00e1i de Josep Carles La\u00ednez\u201d.<\/a><\/p>\n","protected":false},"excerpt":{"rendered":"<p>Masn\u00e1i \u2014veu celtibera que presumiblement significa \u201camb esgarro\u201d\u2014 \u00e9s un llibre de poemes que an\u00e0 adoptant la forma del haiku en un gradual despullament, encara que tamb\u00e9 siga possible llegir-lo com una mena de tesi-ant\u00edtesi-s\u00edntesi hegelianes, d\u2019emanacions plotinianes o de tr\u00edades filos\u00f2fiques per a extraure algun saber d\u2019una escriptura no autom\u00e0tica, per\u00f2 en ocasions torrencial,&hellip;<\/p>\n","protected":false},"author":2,"featured_media":2999,"comment_status":"closed","ping_status":"closed","sticky":false,"template":"","format":"standard","meta":{"footnotes":""},"categories":[59],"tags":[164],"class_list":["post-3001","post","type-post","status-publish","format-standard","has-post-thumbnail","hentry","category-poesia-va","tag-2024-va"],"yoast_head":"<!-- This site is optimized with the Yoast SEO plugin v27.4 - https:\/\/yoast.com\/product\/yoast-seo-wordpress\/ -->\n<title>Masn\u00e1i | Josep Carles La\u00ednez<\/title>\n<meta name=\"description\" content=\"Masn\u00e1i \u2014veu celtibera que presumiblement significa \u201camb esgarro\u201d\u2014 \u00e9s un llibre de poemes que an\u00e0 adoptant la forma del haiku en un gradual\" \/>\n<meta name=\"robots\" content=\"index, follow, max-snippet:-1, max-image-preview:large, max-video-preview:-1\" \/>\n<link rel=\"canonical\" href=\"https:\/\/josepcarleslainez.com\/va\/literatura-va\/poesia-va\/masnai\/\" \/>\n<meta property=\"og:locale\" content=\"en_US\" \/>\n<meta property=\"og:type\" content=\"article\" \/>\n<meta property=\"og:title\" content=\"Masn\u00e1i | Josep Carles La\u00ednez\" \/>\n<meta property=\"og:description\" content=\"Masn\u00e1i \u2014veu celtibera que presumiblement significa \u201camb esgarro\u201d\u2014 \u00e9s un llibre de poemes que an\u00e0 adoptant la forma del haiku en un gradual\" \/>\n<meta property=\"og:url\" content=\"https:\/\/josepcarleslainez.com\/va\/literatura-va\/poesia-va\/masnai\/\" \/>\n<meta property=\"og:site_name\" content=\"Josep Carles La\u00ednez\" \/>\n<meta property=\"article:published_time\" content=\"2024-09-10T17:00:47+00:00\" \/>\n<meta property=\"article:modified_time\" content=\"2025-01-06T11:28:25+00:00\" \/>\n<meta property=\"og:image\" content=\"https:\/\/josepcarleslainez.com\/wp-content\/uploads\/Masnai-Josep-Carles-Lainez.png\" \/>\n\t<meta property=\"og:image:width\" content=\"400\" \/>\n\t<meta property=\"og:image:height\" content=\"500\" \/>\n\t<meta property=\"og:image:type\" content=\"image\/png\" \/>\n<meta name=\"author\" content=\"Josep Carles La\u00ednez\" \/>\n<meta name=\"twitter:card\" content=\"summary_large_image\" \/>\n<meta name=\"twitter:label1\" content=\"Written by\" \/>\n\t<meta name=\"twitter:data1\" content=\"Josep Carles La\u00ednez\" \/>\n\t<meta name=\"twitter:label2\" content=\"Est. reading time\" \/>\n\t<meta name=\"twitter:data2\" content=\"2 minutes\" \/>\n<script type=\"application\/ld+json\" class=\"yoast-schema-graph\">{\"@context\":\"https:\\\/\\\/schema.org\",\"@graph\":[{\"@type\":\"Article\",\"@id\":\"https:\\\/\\\/josepcarleslainez.com\\\/va\\\/literatura-va\\\/poesia-va\\\/masnai\\\/#article\",\"isPartOf\":{\"@id\":\"https:\\\/\\\/josepcarleslainez.com\\\/va\\\/literatura-va\\\/poesia-va\\\/masnai\\\/\"},\"author\":{\"name\":\"Josep Carles La\u00ednez\",\"@id\":\"https:\\\/\\\/josepcarleslainez.com\\\/va\\\/#\\\/schema\\\/person\\\/4df12f79903b0a8f8bda77c99ca37ca1\"},\"headline\":\"Masn\u00e1i\",\"datePublished\":\"2024-09-10T17:00:47+00:00\",\"dateModified\":\"2025-01-06T11:28:25+00:00\",\"mainEntityOfPage\":{\"@id\":\"https:\\\/\\\/josepcarleslainez.com\\\/va\\\/literatura-va\\\/poesia-va\\\/masnai\\\/\"},\"wordCount\":274,\"publisher\":{\"@id\":\"https:\\\/\\\/josepcarleslainez.com\\\/va\\\/#\\\/schema\\\/person\\\/4df12f79903b0a8f8bda77c99ca37ca1\"},\"image\":{\"@id\":\"https:\\\/\\\/josepcarleslainez.com\\\/va\\\/literatura-va\\\/poesia-va\\\/masnai\\\/#primaryimage\"},\"thumbnailUrl\":\"https:\\\/\\\/josepcarleslainez.com\\\/wp-content\\\/uploads\\\/Masnai-Josep-Carles-Lainez.png\",\"keywords\":[\"2024\"],\"articleSection\":[\"Poesia\"],\"inLanguage\":\"va-ES\"},{\"@type\":[\"WebPage\",\"ItemPage\"],\"@id\":\"https:\\\/\\\/josepcarleslainez.com\\\/va\\\/literatura-va\\\/poesia-va\\\/masnai\\\/\",\"url\":\"https:\\\/\\\/josepcarleslainez.com\\\/va\\\/literatura-va\\\/poesia-va\\\/masnai\\\/\",\"name\":\"Masn\u00e1i | Josep Carles La\u00ednez\",\"isPartOf\":{\"@id\":\"https:\\\/\\\/josepcarleslainez.com\\\/va\\\/#website\"},\"primaryImageOfPage\":{\"@id\":\"https:\\\/\\\/josepcarleslainez.com\\\/va\\\/literatura-va\\\/poesia-va\\\/masnai\\\/#primaryimage\"},\"image\":{\"@id\":\"https:\\\/\\\/josepcarleslainez.com\\\/va\\\/literatura-va\\\/poesia-va\\\/masnai\\\/#primaryimage\"},\"thumbnailUrl\":\"https:\\\/\\\/josepcarleslainez.com\\\/wp-content\\\/uploads\\\/Masnai-Josep-Carles-Lainez.png\",\"datePublished\":\"2024-09-10T17:00:47+00:00\",\"dateModified\":\"2025-01-06T11:28:25+00:00\",\"description\":\"Masn\u00e1i \u2014veu celtibera que presumiblement significa \u201camb esgarro\u201d\u2014 \u00e9s un llibre de poemes que an\u00e0 adoptant la forma del haiku en un gradual\",\"breadcrumb\":{\"@id\":\"https:\\\/\\\/josepcarleslainez.com\\\/va\\\/literatura-va\\\/poesia-va\\\/masnai\\\/#breadcrumb\"},\"inLanguage\":\"va-ES\",\"potentialAction\":[{\"@type\":\"ReadAction\",\"target\":[\"https:\\\/\\\/josepcarleslainez.com\\\/va\\\/literatura-va\\\/poesia-va\\\/masnai\\\/\"]}]},{\"@type\":\"ImageObject\",\"inLanguage\":\"va-ES\",\"@id\":\"https:\\\/\\\/josepcarleslainez.com\\\/va\\\/literatura-va\\\/poesia-va\\\/masnai\\\/#primaryimage\",\"url\":\"https:\\\/\\\/josepcarleslainez.com\\\/wp-content\\\/uploads\\\/Masnai-Josep-Carles-Lainez.png\",\"contentUrl\":\"https:\\\/\\\/josepcarleslainez.com\\\/wp-content\\\/uploads\\\/Masnai-Josep-Carles-Lainez.png\",\"width\":400,\"height\":500,\"caption\":\"Masn\u00e1i\"},{\"@type\":\"BreadcrumbList\",\"@id\":\"https:\\\/\\\/josepcarleslainez.com\\\/va\\\/literatura-va\\\/poesia-va\\\/masnai\\\/#breadcrumb\",\"itemListElement\":[{\"@type\":\"ListItem\",\"position\":1,\"name\":\"Inici\",\"item\":\"https:\\\/\\\/josepcarleslainez.com\\\/va\\\/\"},{\"@type\":\"ListItem\",\"position\":2,\"name\":\"Literatura\",\"item\":\"https:\\\/\\\/josepcarleslainez.com\\\/va\\\/categoria\\\/literatura-va\\\/\"},{\"@type\":\"ListItem\",\"position\":3,\"name\":\"Poesia\",\"item\":\"https:\\\/\\\/josepcarleslainez.com\\\/va\\\/categoria\\\/literatura-va\\\/poesia-va\\\/\"},{\"@type\":\"ListItem\",\"position\":4,\"name\":\"Masn\u00e1i\"}]},{\"@type\":\"WebSite\",\"@id\":\"https:\\\/\\\/josepcarleslainez.com\\\/va\\\/#website\",\"url\":\"https:\\\/\\\/josepcarleslainez.com\\\/va\\\/\",\"name\":\"Josep Carles La\u00ednez\",\"description\":\"Literatura &amp; Arte\",\"publisher\":{\"@id\":\"https:\\\/\\\/josepcarleslainez.com\\\/va\\\/#\\\/schema\\\/person\\\/4df12f79903b0a8f8bda77c99ca37ca1\"},\"potentialAction\":[{\"@type\":\"SearchAction\",\"target\":{\"@type\":\"EntryPoint\",\"urlTemplate\":\"https:\\\/\\\/josepcarleslainez.com\\\/va\\\/?s={search_term_string}\"},\"query-input\":{\"@type\":\"PropertyValueSpecification\",\"valueRequired\":true,\"valueName\":\"search_term_string\"}}],\"inLanguage\":\"va-ES\"},{\"@type\":[\"Person\",\"Organization\"],\"@id\":\"https:\\\/\\\/josepcarleslainez.com\\\/va\\\/#\\\/schema\\\/person\\\/4df12f79903b0a8f8bda77c99ca37ca1\",\"name\":\"Josep Carles La\u00ednez\",\"image\":{\"@type\":\"ImageObject\",\"inLanguage\":\"va-ES\",\"@id\":\"https:\\\/\\\/josepcarleslainez.com\\\/wp-content\\\/uploads\\\/JosepCarlesLainez_Biografia.jpg\",\"url\":\"https:\\\/\\\/josepcarleslainez.com\\\/wp-content\\\/uploads\\\/JosepCarlesLainez_Biografia.jpg\",\"contentUrl\":\"https:\\\/\\\/josepcarleslainez.com\\\/wp-content\\\/uploads\\\/JosepCarlesLainez_Biografia.jpg\",\"width\":571,\"height\":600,\"caption\":\"Josep Carles La\u00ednez\"},\"logo\":{\"@id\":\"https:\\\/\\\/josepcarleslainez.com\\\/wp-content\\\/uploads\\\/JosepCarlesLainez_Biografia.jpg\"},\"sameAs\":[\"https:\\\/\\\/josepcarleslainez.com\"],\"url\":\"https:\\\/\\\/josepcarleslainez.com\\\/va\\\/author\\\/j_carleslainez\\\/\"}]}<\/script>\n<!-- \/ Yoast SEO plugin. -->","yoast_head_json":{"title":"Masn\u00e1i | Josep Carles La\u00ednez","description":"Masn\u00e1i \u2014veu celtibera que presumiblement significa \u201camb esgarro\u201d\u2014 \u00e9s un llibre de poemes que an\u00e0 adoptant la forma del haiku en un gradual","robots":{"index":"index","follow":"follow","max-snippet":"max-snippet:-1","max-image-preview":"max-image-preview:large","max-video-preview":"max-video-preview:-1"},"canonical":"https:\/\/josepcarleslainez.com\/va\/literatura-va\/poesia-va\/masnai\/","og_locale":"en_US","og_type":"article","og_title":"Masn\u00e1i | Josep Carles La\u00ednez","og_description":"Masn\u00e1i \u2014veu celtibera que presumiblement significa \u201camb esgarro\u201d\u2014 \u00e9s un llibre de poemes que an\u00e0 adoptant la forma del haiku en un gradual","og_url":"https:\/\/josepcarleslainez.com\/va\/literatura-va\/poesia-va\/masnai\/","og_site_name":"Josep Carles La\u00ednez","article_published_time":"2024-09-10T17:00:47+00:00","article_modified_time":"2025-01-06T11:28:25+00:00","og_image":[{"width":400,"height":500,"url":"https:\/\/josepcarleslainez.com\/wp-content\/uploads\/Masnai-Josep-Carles-Lainez.png","type":"image\/png"}],"author":"Josep Carles La\u00ednez","twitter_card":"summary_large_image","twitter_misc":{"Written by":"Josep Carles La\u00ednez","Est. reading time":"2 minutes"},"schema":{"@context":"https:\/\/schema.org","@graph":[{"@type":"Article","@id":"https:\/\/josepcarleslainez.com\/va\/literatura-va\/poesia-va\/masnai\/#article","isPartOf":{"@id":"https:\/\/josepcarleslainez.com\/va\/literatura-va\/poesia-va\/masnai\/"},"author":{"name":"Josep Carles La\u00ednez","@id":"https:\/\/josepcarleslainez.com\/va\/#\/schema\/person\/4df12f79903b0a8f8bda77c99ca37ca1"},"headline":"Masn\u00e1i","datePublished":"2024-09-10T17:00:47+00:00","dateModified":"2025-01-06T11:28:25+00:00","mainEntityOfPage":{"@id":"https:\/\/josepcarleslainez.com\/va\/literatura-va\/poesia-va\/masnai\/"},"wordCount":274,"publisher":{"@id":"https:\/\/josepcarleslainez.com\/va\/#\/schema\/person\/4df12f79903b0a8f8bda77c99ca37ca1"},"image":{"@id":"https:\/\/josepcarleslainez.com\/va\/literatura-va\/poesia-va\/masnai\/#primaryimage"},"thumbnailUrl":"https:\/\/josepcarleslainez.com\/wp-content\/uploads\/Masnai-Josep-Carles-Lainez.png","keywords":["2024"],"articleSection":["Poesia"],"inLanguage":"va-ES"},{"@type":["WebPage","ItemPage"],"@id":"https:\/\/josepcarleslainez.com\/va\/literatura-va\/poesia-va\/masnai\/","url":"https:\/\/josepcarleslainez.com\/va\/literatura-va\/poesia-va\/masnai\/","name":"Masn\u00e1i | Josep Carles La\u00ednez","isPartOf":{"@id":"https:\/\/josepcarleslainez.com\/va\/#website"},"primaryImageOfPage":{"@id":"https:\/\/josepcarleslainez.com\/va\/literatura-va\/poesia-va\/masnai\/#primaryimage"},"image":{"@id":"https:\/\/josepcarleslainez.com\/va\/literatura-va\/poesia-va\/masnai\/#primaryimage"},"thumbnailUrl":"https:\/\/josepcarleslainez.com\/wp-content\/uploads\/Masnai-Josep-Carles-Lainez.png","datePublished":"2024-09-10T17:00:47+00:00","dateModified":"2025-01-06T11:28:25+00:00","description":"Masn\u00e1i \u2014veu celtibera que presumiblement significa \u201camb esgarro\u201d\u2014 \u00e9s un llibre de poemes que an\u00e0 adoptant la forma del haiku en un gradual","breadcrumb":{"@id":"https:\/\/josepcarleslainez.com\/va\/literatura-va\/poesia-va\/masnai\/#breadcrumb"},"inLanguage":"va-ES","potentialAction":[{"@type":"ReadAction","target":["https:\/\/josepcarleslainez.com\/va\/literatura-va\/poesia-va\/masnai\/"]}]},{"@type":"ImageObject","inLanguage":"va-ES","@id":"https:\/\/josepcarleslainez.com\/va\/literatura-va\/poesia-va\/masnai\/#primaryimage","url":"https:\/\/josepcarleslainez.com\/wp-content\/uploads\/Masnai-Josep-Carles-Lainez.png","contentUrl":"https:\/\/josepcarleslainez.com\/wp-content\/uploads\/Masnai-Josep-Carles-Lainez.png","width":400,"height":500,"caption":"Masn\u00e1i"},{"@type":"BreadcrumbList","@id":"https:\/\/josepcarleslainez.com\/va\/literatura-va\/poesia-va\/masnai\/#breadcrumb","itemListElement":[{"@type":"ListItem","position":1,"name":"Inici","item":"https:\/\/josepcarleslainez.com\/va\/"},{"@type":"ListItem","position":2,"name":"Literatura","item":"https:\/\/josepcarleslainez.com\/va\/categoria\/literatura-va\/"},{"@type":"ListItem","position":3,"name":"Poesia","item":"https:\/\/josepcarleslainez.com\/va\/categoria\/literatura-va\/poesia-va\/"},{"@type":"ListItem","position":4,"name":"Masn\u00e1i"}]},{"@type":"WebSite","@id":"https:\/\/josepcarleslainez.com\/va\/#website","url":"https:\/\/josepcarleslainez.com\/va\/","name":"Josep Carles La\u00ednez","description":"Literatura &amp; Arte","publisher":{"@id":"https:\/\/josepcarleslainez.com\/va\/#\/schema\/person\/4df12f79903b0a8f8bda77c99ca37ca1"},"potentialAction":[{"@type":"SearchAction","target":{"@type":"EntryPoint","urlTemplate":"https:\/\/josepcarleslainez.com\/va\/?s={search_term_string}"},"query-input":{"@type":"PropertyValueSpecification","valueRequired":true,"valueName":"search_term_string"}}],"inLanguage":"va-ES"},{"@type":["Person","Organization"],"@id":"https:\/\/josepcarleslainez.com\/va\/#\/schema\/person\/4df12f79903b0a8f8bda77c99ca37ca1","name":"Josep Carles La\u00ednez","image":{"@type":"ImageObject","inLanguage":"va-ES","@id":"https:\/\/josepcarleslainez.com\/wp-content\/uploads\/JosepCarlesLainez_Biografia.jpg","url":"https:\/\/josepcarleslainez.com\/wp-content\/uploads\/JosepCarlesLainez_Biografia.jpg","contentUrl":"https:\/\/josepcarleslainez.com\/wp-content\/uploads\/JosepCarlesLainez_Biografia.jpg","width":571,"height":600,"caption":"Josep Carles La\u00ednez"},"logo":{"@id":"https:\/\/josepcarleslainez.com\/wp-content\/uploads\/JosepCarlesLainez_Biografia.jpg"},"sameAs":["https:\/\/josepcarleslainez.com"],"url":"https:\/\/josepcarleslainez.com\/va\/author\/j_carleslainez\/"}]}},"_links":{"self":[{"href":"https:\/\/josepcarleslainez.com\/va\/wp-json\/wp\/v2\/posts\/3001","targetHints":{"allow":["GET"]}}],"collection":[{"href":"https:\/\/josepcarleslainez.com\/va\/wp-json\/wp\/v2\/posts"}],"about":[{"href":"https:\/\/josepcarleslainez.com\/va\/wp-json\/wp\/v2\/types\/post"}],"author":[{"embeddable":true,"href":"https:\/\/josepcarleslainez.com\/va\/wp-json\/wp\/v2\/users\/2"}],"replies":[{"embeddable":true,"href":"https:\/\/josepcarleslainez.com\/va\/wp-json\/wp\/v2\/comments?post=3001"}],"version-history":[{"count":1,"href":"https:\/\/josepcarleslainez.com\/va\/wp-json\/wp\/v2\/posts\/3001\/revisions"}],"predecessor-version":[{"id":3576,"href":"https:\/\/josepcarleslainez.com\/va\/wp-json\/wp\/v2\/posts\/3001\/revisions\/3576"}],"wp:featuredmedia":[{"embeddable":true,"href":"https:\/\/josepcarleslainez.com\/va\/wp-json\/wp\/v2\/media\/2999"}],"wp:attachment":[{"href":"https:\/\/josepcarleslainez.com\/va\/wp-json\/wp\/v2\/media?parent=3001"}],"wp:term":[{"taxonomy":"category","embeddable":true,"href":"https:\/\/josepcarleslainez.com\/va\/wp-json\/wp\/v2\/categories?post=3001"},{"taxonomy":"post_tag","embeddable":true,"href":"https:\/\/josepcarleslainez.com\/va\/wp-json\/wp\/v2\/tags?post=3001"}],"curies":[{"name":"wp","href":"https:\/\/api.w.org\/{rel}","templated":true}]}}