{"id":2420,"date":"2023-12-13T12:35:42","date_gmt":"2023-12-13T11:35:42","guid":{"rendered":"https:\/\/josepcarleslainez.com\/?p=2420"},"modified":"2025-01-06T12:28:29","modified_gmt":"2025-01-06T11:28:29","slug":"as-parolas-desentas","status":"publish","type":"post","link":"https:\/\/josepcarleslainez.com\/va\/literatura-va\/diaris\/as-parolas-desentas\/","title":{"rendered":"As parolas desentas"},"content":{"rendered":"<p>\u201cAs parolas desentas\u201d [Les paraules exemptes] arreplega una s\u00e8rie de reflexions sobre llengua i literatura. Les considere part dels meus diaris perqu\u00e8 no les pense fora de l\u2019experi\u00e8ncia quotidiana. No s\u00f3n aforismes; s\u00f3n notes d\u2019exist\u00e8ncia per a qui el fet de crear textos \u00e9s la mateixa vida.<\/p>\n<h3 style=\"font-size: 13px; font-weight: 600;\">\u201cAs parolas desentas\u201d, en Fuellas, 276-277 (2023), pp. 18-20. 18-20.<\/h3>\n<p>&nbsp;<\/p>\n<p><a href=\"https:\/\/josepcarleslainez.com\/wp-content\/uploads\/As-parolas-desentas-Fuellas-276-277-2023.pdf\" target=\"_blank\" rel=\"noopener\">VEURE\/DESCARREGAR PDF<\/a><\/p>\n","protected":false},"excerpt":{"rendered":"<p>\u201cAs parolas desentas\u201d [Les paraules exemptes] arreplega una s\u00e8rie de reflexions sobre llengua i literatura. Les considere part dels meus diaris perqu\u00e8 no les pense fora de l\u2019experi\u00e8ncia quotidiana. No s\u00f3n aforismes; s\u00f3n notes d\u2019exist\u00e8ncia per a qui el fet de crear textos \u00e9s la mateixa vida. \u201cAs parolas desentas\u201d, en Fuellas, 276-277 (2023), pp.&hellip;<\/p>\n","protected":false},"author":2,"featured_media":2426,"comment_status":"closed","ping_status":"closed","sticky":false,"template":"","format":"standard","meta":{"footnotes":""},"categories":[57],"tags":[67],"class_list":["post-2420","post","type-post","status-publish","format-standard","has-post-thumbnail","hentry","category-diaris","tag-2023-va"],"yoast_head":"<!-- This site is optimized with the Yoast SEO plugin v27.4 - https:\/\/yoast.com\/product\/yoast-seo-wordpress\/ -->\n<title>As parolas desentas | Josep Carles La\u00ednez<\/title>\n<meta name=\"description\" content=\"As parolas desentas. [Las palabras exentas] arreplega una s\u00e8rie de reflexions sobre llengua i literatura. Les considere part dels meus diaris\" \/>\n<meta name=\"robots\" content=\"index, follow, max-snippet:-1, max-image-preview:large, max-video-preview:-1\" \/>\n<link rel=\"canonical\" href=\"https:\/\/josepcarleslainez.com\/va\/literatura-va\/diaris\/as-parolas-desentas\/\" \/>\n<meta property=\"og:locale\" content=\"en_US\" \/>\n<meta property=\"og:type\" content=\"article\" \/>\n<meta property=\"og:title\" content=\"As parolas desentas | Josep Carles La\u00ednez\" \/>\n<meta property=\"og:description\" content=\"As parolas desentas. [Las palabras exentas] arreplega una s\u00e8rie de reflexions sobre llengua i literatura. Les considere part dels meus diaris\" \/>\n<meta property=\"og:url\" content=\"https:\/\/josepcarleslainez.com\/va\/literatura-va\/diaris\/as-parolas-desentas\/\" \/>\n<meta property=\"og:site_name\" content=\"Josep Carles La\u00ednez\" \/>\n<meta property=\"article:published_time\" content=\"2023-12-13T11:35:42+00:00\" \/>\n<meta property=\"article:modified_time\" content=\"2025-01-06T11:28:29+00:00\" \/>\n<meta property=\"og:image\" content=\"https:\/\/josepcarleslainez.com\/wp-content\/uploads\/As-parolas-desentas.png\" \/>\n\t<meta property=\"og:image:width\" content=\"400\" \/>\n\t<meta property=\"og:image:height\" content=\"500\" \/>\n\t<meta property=\"og:image:type\" content=\"image\/png\" \/>\n<meta name=\"author\" content=\"Josep Carles La\u00ednez\" \/>\n<meta name=\"twitter:card\" content=\"summary_large_image\" \/>\n<meta name=\"twitter:label1\" content=\"Written by\" \/>\n\t<meta name=\"twitter:data1\" content=\"Josep Carles La\u00ednez\" \/>\n\t<meta name=\"twitter:label2\" content=\"Est. reading time\" \/>\n\t<meta name=\"twitter:data2\" content=\"1 minute\" \/>\n<script type=\"application\/ld+json\" class=\"yoast-schema-graph\">{\"@context\":\"https:\\\/\\\/schema.org\",\"@graph\":[{\"@type\":\"Article\",\"@id\":\"https:\\\/\\\/josepcarleslainez.com\\\/va\\\/literatura-va\\\/diaris\\\/as-parolas-desentas\\\/#article\",\"isPartOf\":{\"@id\":\"https:\\\/\\\/josepcarleslainez.com\\\/va\\\/literatura-va\\\/diaris\\\/as-parolas-desentas\\\/\"},\"author\":{\"name\":\"Josep Carles La\u00ednez\",\"@id\":\"https:\\\/\\\/josepcarleslainez.com\\\/va\\\/#\\\/schema\\\/person\\\/4df12f79903b0a8f8bda77c99ca37ca1\"},\"headline\":\"As parolas desentas\",\"datePublished\":\"2023-12-13T11:35:42+00:00\",\"dateModified\":\"2025-01-06T11:28:29+00:00\",\"mainEntityOfPage\":{\"@id\":\"https:\\\/\\\/josepcarleslainez.com\\\/va\\\/literatura-va\\\/diaris\\\/as-parolas-desentas\\\/\"},\"wordCount\":70,\"publisher\":{\"@id\":\"https:\\\/\\\/josepcarleslainez.com\\\/va\\\/#\\\/schema\\\/person\\\/4df12f79903b0a8f8bda77c99ca37ca1\"},\"image\":{\"@id\":\"https:\\\/\\\/josepcarleslainez.com\\\/va\\\/literatura-va\\\/diaris\\\/as-parolas-desentas\\\/#primaryimage\"},\"thumbnailUrl\":\"https:\\\/\\\/josepcarleslainez.com\\\/wp-content\\\/uploads\\\/As-parolas-desentas.png\",\"keywords\":[\"2023\"],\"articleSection\":[\"Diaris\"],\"inLanguage\":\"va-ES\"},{\"@type\":[\"WebPage\",\"ItemPage\"],\"@id\":\"https:\\\/\\\/josepcarleslainez.com\\\/va\\\/literatura-va\\\/diaris\\\/as-parolas-desentas\\\/\",\"url\":\"https:\\\/\\\/josepcarleslainez.com\\\/va\\\/literatura-va\\\/diaris\\\/as-parolas-desentas\\\/\",\"name\":\"As parolas desentas | Josep Carles La\u00ednez\",\"isPartOf\":{\"@id\":\"https:\\\/\\\/josepcarleslainez.com\\\/va\\\/#website\"},\"primaryImageOfPage\":{\"@id\":\"https:\\\/\\\/josepcarleslainez.com\\\/va\\\/literatura-va\\\/diaris\\\/as-parolas-desentas\\\/#primaryimage\"},\"image\":{\"@id\":\"https:\\\/\\\/josepcarleslainez.com\\\/va\\\/literatura-va\\\/diaris\\\/as-parolas-desentas\\\/#primaryimage\"},\"thumbnailUrl\":\"https:\\\/\\\/josepcarleslainez.com\\\/wp-content\\\/uploads\\\/As-parolas-desentas.png\",\"datePublished\":\"2023-12-13T11:35:42+00:00\",\"dateModified\":\"2025-01-06T11:28:29+00:00\",\"description\":\"As parolas desentas. [Las palabras exentas] arreplega una s\u00e8rie de reflexions sobre llengua i literatura. Les considere part dels meus diaris\",\"breadcrumb\":{\"@id\":\"https:\\\/\\\/josepcarleslainez.com\\\/va\\\/literatura-va\\\/diaris\\\/as-parolas-desentas\\\/#breadcrumb\"},\"inLanguage\":\"va-ES\",\"potentialAction\":[{\"@type\":\"ReadAction\",\"target\":[\"https:\\\/\\\/josepcarleslainez.com\\\/va\\\/literatura-va\\\/diaris\\\/as-parolas-desentas\\\/\"]}]},{\"@type\":\"ImageObject\",\"inLanguage\":\"va-ES\",\"@id\":\"https:\\\/\\\/josepcarleslainez.com\\\/va\\\/literatura-va\\\/diaris\\\/as-parolas-desentas\\\/#primaryimage\",\"url\":\"https:\\\/\\\/josepcarleslainez.com\\\/wp-content\\\/uploads\\\/As-parolas-desentas.png\",\"contentUrl\":\"https:\\\/\\\/josepcarleslainez.com\\\/wp-content\\\/uploads\\\/As-parolas-desentas.png\",\"width\":400,\"height\":500,\"caption\":\"As parolas desentas\"},{\"@type\":\"BreadcrumbList\",\"@id\":\"https:\\\/\\\/josepcarleslainez.com\\\/va\\\/literatura-va\\\/diaris\\\/as-parolas-desentas\\\/#breadcrumb\",\"itemListElement\":[{\"@type\":\"ListItem\",\"position\":1,\"name\":\"Inici\",\"item\":\"https:\\\/\\\/josepcarleslainez.com\\\/va\\\/\"},{\"@type\":\"ListItem\",\"position\":2,\"name\":\"Literatura\",\"item\":\"https:\\\/\\\/josepcarleslainez.com\\\/va\\\/categoria\\\/literatura-va\\\/\"},{\"@type\":\"ListItem\",\"position\":3,\"name\":\"Diaris\",\"item\":\"https:\\\/\\\/josepcarleslainez.com\\\/va\\\/categoria\\\/literatura-va\\\/diaris\\\/\"},{\"@type\":\"ListItem\",\"position\":4,\"name\":\"As parolas desentas\"}]},{\"@type\":\"WebSite\",\"@id\":\"https:\\\/\\\/josepcarleslainez.com\\\/va\\\/#website\",\"url\":\"https:\\\/\\\/josepcarleslainez.com\\\/va\\\/\",\"name\":\"Josep Carles La\u00ednez\",\"description\":\"Literatura &amp; Arte\",\"publisher\":{\"@id\":\"https:\\\/\\\/josepcarleslainez.com\\\/va\\\/#\\\/schema\\\/person\\\/4df12f79903b0a8f8bda77c99ca37ca1\"},\"potentialAction\":[{\"@type\":\"SearchAction\",\"target\":{\"@type\":\"EntryPoint\",\"urlTemplate\":\"https:\\\/\\\/josepcarleslainez.com\\\/va\\\/?s={search_term_string}\"},\"query-input\":{\"@type\":\"PropertyValueSpecification\",\"valueRequired\":true,\"valueName\":\"search_term_string\"}}],\"inLanguage\":\"va-ES\"},{\"@type\":[\"Person\",\"Organization\"],\"@id\":\"https:\\\/\\\/josepcarleslainez.com\\\/va\\\/#\\\/schema\\\/person\\\/4df12f79903b0a8f8bda77c99ca37ca1\",\"name\":\"Josep Carles La\u00ednez\",\"image\":{\"@type\":\"ImageObject\",\"inLanguage\":\"va-ES\",\"@id\":\"https:\\\/\\\/josepcarleslainez.com\\\/wp-content\\\/uploads\\\/JosepCarlesLainez_Biografia.jpg\",\"url\":\"https:\\\/\\\/josepcarleslainez.com\\\/wp-content\\\/uploads\\\/JosepCarlesLainez_Biografia.jpg\",\"contentUrl\":\"https:\\\/\\\/josepcarleslainez.com\\\/wp-content\\\/uploads\\\/JosepCarlesLainez_Biografia.jpg\",\"width\":571,\"height\":600,\"caption\":\"Josep Carles La\u00ednez\"},\"logo\":{\"@id\":\"https:\\\/\\\/josepcarleslainez.com\\\/wp-content\\\/uploads\\\/JosepCarlesLainez_Biografia.jpg\"},\"sameAs\":[\"https:\\\/\\\/josepcarleslainez.com\"],\"url\":\"https:\\\/\\\/josepcarleslainez.com\\\/va\\\/author\\\/j_carleslainez\\\/\"}]}<\/script>\n<!-- \/ Yoast SEO plugin. -->","yoast_head_json":{"title":"As parolas desentas | Josep Carles La\u00ednez","description":"As parolas desentas. [Las palabras exentas] arreplega una s\u00e8rie de reflexions sobre llengua i literatura. Les considere part dels meus diaris","robots":{"index":"index","follow":"follow","max-snippet":"max-snippet:-1","max-image-preview":"max-image-preview:large","max-video-preview":"max-video-preview:-1"},"canonical":"https:\/\/josepcarleslainez.com\/va\/literatura-va\/diaris\/as-parolas-desentas\/","og_locale":"en_US","og_type":"article","og_title":"As parolas desentas | Josep Carles La\u00ednez","og_description":"As parolas desentas. [Las palabras exentas] arreplega una s\u00e8rie de reflexions sobre llengua i literatura. Les considere part dels meus diaris","og_url":"https:\/\/josepcarleslainez.com\/va\/literatura-va\/diaris\/as-parolas-desentas\/","og_site_name":"Josep Carles La\u00ednez","article_published_time":"2023-12-13T11:35:42+00:00","article_modified_time":"2025-01-06T11:28:29+00:00","og_image":[{"width":400,"height":500,"url":"https:\/\/josepcarleslainez.com\/wp-content\/uploads\/As-parolas-desentas.png","type":"image\/png"}],"author":"Josep Carles La\u00ednez","twitter_card":"summary_large_image","twitter_misc":{"Written by":"Josep Carles La\u00ednez","Est. reading time":"1 minute"},"schema":{"@context":"https:\/\/schema.org","@graph":[{"@type":"Article","@id":"https:\/\/josepcarleslainez.com\/va\/literatura-va\/diaris\/as-parolas-desentas\/#article","isPartOf":{"@id":"https:\/\/josepcarleslainez.com\/va\/literatura-va\/diaris\/as-parolas-desentas\/"},"author":{"name":"Josep Carles La\u00ednez","@id":"https:\/\/josepcarleslainez.com\/va\/#\/schema\/person\/4df12f79903b0a8f8bda77c99ca37ca1"},"headline":"As parolas desentas","datePublished":"2023-12-13T11:35:42+00:00","dateModified":"2025-01-06T11:28:29+00:00","mainEntityOfPage":{"@id":"https:\/\/josepcarleslainez.com\/va\/literatura-va\/diaris\/as-parolas-desentas\/"},"wordCount":70,"publisher":{"@id":"https:\/\/josepcarleslainez.com\/va\/#\/schema\/person\/4df12f79903b0a8f8bda77c99ca37ca1"},"image":{"@id":"https:\/\/josepcarleslainez.com\/va\/literatura-va\/diaris\/as-parolas-desentas\/#primaryimage"},"thumbnailUrl":"https:\/\/josepcarleslainez.com\/wp-content\/uploads\/As-parolas-desentas.png","keywords":["2023"],"articleSection":["Diaris"],"inLanguage":"va-ES"},{"@type":["WebPage","ItemPage"],"@id":"https:\/\/josepcarleslainez.com\/va\/literatura-va\/diaris\/as-parolas-desentas\/","url":"https:\/\/josepcarleslainez.com\/va\/literatura-va\/diaris\/as-parolas-desentas\/","name":"As parolas desentas | Josep Carles La\u00ednez","isPartOf":{"@id":"https:\/\/josepcarleslainez.com\/va\/#website"},"primaryImageOfPage":{"@id":"https:\/\/josepcarleslainez.com\/va\/literatura-va\/diaris\/as-parolas-desentas\/#primaryimage"},"image":{"@id":"https:\/\/josepcarleslainez.com\/va\/literatura-va\/diaris\/as-parolas-desentas\/#primaryimage"},"thumbnailUrl":"https:\/\/josepcarleslainez.com\/wp-content\/uploads\/As-parolas-desentas.png","datePublished":"2023-12-13T11:35:42+00:00","dateModified":"2025-01-06T11:28:29+00:00","description":"As parolas desentas. [Las palabras exentas] arreplega una s\u00e8rie de reflexions sobre llengua i literatura. Les considere part dels meus diaris","breadcrumb":{"@id":"https:\/\/josepcarleslainez.com\/va\/literatura-va\/diaris\/as-parolas-desentas\/#breadcrumb"},"inLanguage":"va-ES","potentialAction":[{"@type":"ReadAction","target":["https:\/\/josepcarleslainez.com\/va\/literatura-va\/diaris\/as-parolas-desentas\/"]}]},{"@type":"ImageObject","inLanguage":"va-ES","@id":"https:\/\/josepcarleslainez.com\/va\/literatura-va\/diaris\/as-parolas-desentas\/#primaryimage","url":"https:\/\/josepcarleslainez.com\/wp-content\/uploads\/As-parolas-desentas.png","contentUrl":"https:\/\/josepcarleslainez.com\/wp-content\/uploads\/As-parolas-desentas.png","width":400,"height":500,"caption":"As parolas desentas"},{"@type":"BreadcrumbList","@id":"https:\/\/josepcarleslainez.com\/va\/literatura-va\/diaris\/as-parolas-desentas\/#breadcrumb","itemListElement":[{"@type":"ListItem","position":1,"name":"Inici","item":"https:\/\/josepcarleslainez.com\/va\/"},{"@type":"ListItem","position":2,"name":"Literatura","item":"https:\/\/josepcarleslainez.com\/va\/categoria\/literatura-va\/"},{"@type":"ListItem","position":3,"name":"Diaris","item":"https:\/\/josepcarleslainez.com\/va\/categoria\/literatura-va\/diaris\/"},{"@type":"ListItem","position":4,"name":"As parolas desentas"}]},{"@type":"WebSite","@id":"https:\/\/josepcarleslainez.com\/va\/#website","url":"https:\/\/josepcarleslainez.com\/va\/","name":"Josep Carles La\u00ednez","description":"Literatura &amp; Arte","publisher":{"@id":"https:\/\/josepcarleslainez.com\/va\/#\/schema\/person\/4df12f79903b0a8f8bda77c99ca37ca1"},"potentialAction":[{"@type":"SearchAction","target":{"@type":"EntryPoint","urlTemplate":"https:\/\/josepcarleslainez.com\/va\/?s={search_term_string}"},"query-input":{"@type":"PropertyValueSpecification","valueRequired":true,"valueName":"search_term_string"}}],"inLanguage":"va-ES"},{"@type":["Person","Organization"],"@id":"https:\/\/josepcarleslainez.com\/va\/#\/schema\/person\/4df12f79903b0a8f8bda77c99ca37ca1","name":"Josep Carles La\u00ednez","image":{"@type":"ImageObject","inLanguage":"va-ES","@id":"https:\/\/josepcarleslainez.com\/wp-content\/uploads\/JosepCarlesLainez_Biografia.jpg","url":"https:\/\/josepcarleslainez.com\/wp-content\/uploads\/JosepCarlesLainez_Biografia.jpg","contentUrl":"https:\/\/josepcarleslainez.com\/wp-content\/uploads\/JosepCarlesLainez_Biografia.jpg","width":571,"height":600,"caption":"Josep Carles La\u00ednez"},"logo":{"@id":"https:\/\/josepcarleslainez.com\/wp-content\/uploads\/JosepCarlesLainez_Biografia.jpg"},"sameAs":["https:\/\/josepcarleslainez.com"],"url":"https:\/\/josepcarleslainez.com\/va\/author\/j_carleslainez\/"}]}},"_links":{"self":[{"href":"https:\/\/josepcarleslainez.com\/va\/wp-json\/wp\/v2\/posts\/2420","targetHints":{"allow":["GET"]}}],"collection":[{"href":"https:\/\/josepcarleslainez.com\/va\/wp-json\/wp\/v2\/posts"}],"about":[{"href":"https:\/\/josepcarleslainez.com\/va\/wp-json\/wp\/v2\/types\/post"}],"author":[{"embeddable":true,"href":"https:\/\/josepcarleslainez.com\/va\/wp-json\/wp\/v2\/users\/2"}],"replies":[{"embeddable":true,"href":"https:\/\/josepcarleslainez.com\/va\/wp-json\/wp\/v2\/comments?post=2420"}],"version-history":[{"count":1,"href":"https:\/\/josepcarleslainez.com\/va\/wp-json\/wp\/v2\/posts\/2420\/revisions"}],"predecessor-version":[{"id":3606,"href":"https:\/\/josepcarleslainez.com\/va\/wp-json\/wp\/v2\/posts\/2420\/revisions\/3606"}],"wp:featuredmedia":[{"embeddable":true,"href":"https:\/\/josepcarleslainez.com\/va\/wp-json\/wp\/v2\/media\/2426"}],"wp:attachment":[{"href":"https:\/\/josepcarleslainez.com\/va\/wp-json\/wp\/v2\/media?parent=2420"}],"wp:term":[{"taxonomy":"category","embeddable":true,"href":"https:\/\/josepcarleslainez.com\/va\/wp-json\/wp\/v2\/categories?post=2420"},{"taxonomy":"post_tag","embeddable":true,"href":"https:\/\/josepcarleslainez.com\/va\/wp-json\/wp\/v2\/tags?post=2420"}],"curies":[{"name":"wp","href":"https:\/\/api.w.org\/{rel}","templated":true}]}}