{"id":2394,"date":"2023-09-20T13:50:47","date_gmt":"2023-09-20T11:50:47","guid":{"rendered":"https:\/\/josepcarleslainez.com\/sin-categorizar\/transits-autoretrats\/"},"modified":"2025-01-06T12:28:27","modified_gmt":"2025-01-06T11:28:27","slug":"transits-autoretrats","status":"publish","type":"post","link":"https:\/\/josepcarleslainez.com\/va\/art-va\/publicacions\/transits-autoretrats\/","title":{"rendered":"Tr\u00e0nsits (autoretrats)"},"content":{"rendered":"<p><em>Tr\u00e0nsits <\/em>[Tr\u00e1nsitos] va sorgir en un viatge que fiu amb cotxe entre Salamanca i la Ciutat de Val\u00e8ncia. El xofer que ens portava de tornada al Mediterrani hagu\u00e9 de realitzar la parada preceptiva, i mentres Rosa Mar\u00eda desdejunava jo em qued\u00ed a l&#8217;interior del vehicle. Em va interessar explorar el viatge en dos sentits: d&#8217;una banda, la manera en qu\u00e8 el paisatge ens afecta, i aix\u00ed el meu rostre va variant segons el que se&#8217;m dona a vore; d\u2019una altra, la manera en qu\u00e8 el viatge \u00e9s una met\u00e0fora \u2013gastada, ho s\u00e9\u2013 de la vida, d&#8217;ac\u00ed la manipulaci\u00f3 a m\u00e0 de les im\u00e0tgens i de per qu\u00e8 \u00e9s, diguem-ne, un llibre d&#8217;autor. La fotografia d&#8217;una gasolinera al principi i d&#8217;una altra al final (la mateixa de la coberta), lligant el comen\u00e7ament amb la conclusi\u00f3 de qualsevol recorregut, no resulta dram\u00e0tica, sin\u00f3 esperan\u00e7ada. Jo l&#8217;entenc com el lloc on et prove\u00efxes de combustible per a continuar el trajecte. Potser per aix\u00f2 la fotografia que tanca l&#8217;obra est\u00e0 esquin\u00e7ada per diferents llocs, per a mostrar que m\u00e9s enll\u00e0 del m\u00f3n visible hi ha un altre de nou. <em>Tr\u00e0nsits<\/em> compta amb un breu pr\u00f2leg de l&#8217;escriptor i director de cinema Ram\u00f3n Lluis Bande.<\/p>\n<p><span style=\"font-size: 13px; font-weight: 600;\">Tr\u00e0nsits (autoretrats), pr\u00f2leg de Ram\u00f3n Lluis Bande, Val\u00e8ncia, Llambert Palmart, 2002.<\/span><\/p>\n","protected":false},"excerpt":{"rendered":"<p>Tr\u00e0nsits [Tr\u00e1nsitos] va sorgir en un viatge que fiu amb cotxe entre Salamanca i la Ciutat de Val\u00e8ncia. El xofer que ens portava de tornada al Mediterrani hagu\u00e9 de realitzar la parada preceptiva, i mentres Rosa Mar\u00eda desdejunava jo em qued\u00ed a l&#8217;interior del vehicle. Em va interessar explorar el viatge en dos sentits: d&#8217;una&hellip;<\/p>\n","protected":false},"author":2,"featured_media":1864,"comment_status":"closed","ping_status":"closed","sticky":false,"template":"","format":"standard","meta":{"footnotes":""},"categories":[120],"tags":[109],"class_list":["post-2394","post","type-post","status-publish","format-standard","has-post-thumbnail","hentry","category-publicacions","tag-2002-va"],"yoast_head":"<!-- This site is optimized with the Yoast SEO plugin v27.4 - https:\/\/yoast.com\/product\/yoast-seo-wordpress\/ -->\n<title>Tr\u00e0nsits (autoretrats) | Josep Carles La\u00ednez<\/title>\n<meta name=\"description\" content=\"Tr\u00e0nsits [Tr\u00e1nsitos] va sorgir en un viatge que fiu amb cotxe entre Salamanca i la Ciutat de Val\u00e8ncia. El xofer que ens portava de tornada al\" \/>\n<meta name=\"robots\" content=\"index, follow, max-snippet:-1, max-image-preview:large, max-video-preview:-1\" \/>\n<link rel=\"canonical\" href=\"https:\/\/josepcarleslainez.com\/va\/art-va\/publicacions\/transits-autoretrats\/\" \/>\n<meta property=\"og:locale\" content=\"en_US\" \/>\n<meta property=\"og:type\" content=\"article\" \/>\n<meta property=\"og:title\" content=\"Tr\u00e0nsits (autoretrats) | Josep Carles La\u00ednez\" \/>\n<meta property=\"og:description\" content=\"Tr\u00e0nsits [Tr\u00e1nsitos] va sorgir en un viatge que fiu amb cotxe entre Salamanca i la Ciutat de Val\u00e8ncia. El xofer que ens portava de tornada al\" \/>\n<meta property=\"og:url\" content=\"https:\/\/josepcarleslainez.com\/va\/art-va\/publicacions\/transits-autoretrats\/\" \/>\n<meta property=\"og:site_name\" content=\"Josep Carles La\u00ednez\" \/>\n<meta property=\"article:published_time\" content=\"2023-09-20T11:50:47+00:00\" \/>\n<meta property=\"article:modified_time\" content=\"2025-01-06T11:28:27+00:00\" \/>\n<meta property=\"og:image\" content=\"https:\/\/josepcarleslainez.com\/wp-content\/uploads\/Transits.png\" \/>\n\t<meta property=\"og:image:width\" content=\"400\" \/>\n\t<meta property=\"og:image:height\" content=\"500\" \/>\n\t<meta property=\"og:image:type\" content=\"image\/png\" \/>\n<meta name=\"author\" content=\"Josep Carles La\u00ednez\" \/>\n<meta name=\"twitter:card\" content=\"summary_large_image\" \/>\n<meta name=\"twitter:label1\" content=\"Written by\" \/>\n\t<meta name=\"twitter:data1\" content=\"Josep Carles La\u00ednez\" \/>\n\t<meta name=\"twitter:label2\" content=\"Est. reading time\" \/>\n\t<meta name=\"twitter:data2\" content=\"1 minute\" \/>\n<script type=\"application\/ld+json\" class=\"yoast-schema-graph\">{\"@context\":\"https:\\\/\\\/schema.org\",\"@graph\":[{\"@type\":\"Article\",\"@id\":\"https:\\\/\\\/josepcarleslainez.com\\\/va\\\/art-va\\\/publicacions\\\/transits-autoretrats\\\/#article\",\"isPartOf\":{\"@id\":\"https:\\\/\\\/josepcarleslainez.com\\\/va\\\/art-va\\\/publicacions\\\/transits-autoretrats\\\/\"},\"author\":{\"name\":\"Josep Carles La\u00ednez\",\"@id\":\"https:\\\/\\\/josepcarleslainez.com\\\/va\\\/#\\\/schema\\\/person\\\/4df12f79903b0a8f8bda77c99ca37ca1\"},\"headline\":\"Tr\u00e0nsits (autoretrats)\",\"datePublished\":\"2023-09-20T11:50:47+00:00\",\"dateModified\":\"2025-01-06T11:28:27+00:00\",\"mainEntityOfPage\":{\"@id\":\"https:\\\/\\\/josepcarleslainez.com\\\/va\\\/art-va\\\/publicacions\\\/transits-autoretrats\\\/\"},\"wordCount\":244,\"publisher\":{\"@id\":\"https:\\\/\\\/josepcarleslainez.com\\\/va\\\/#\\\/schema\\\/person\\\/4df12f79903b0a8f8bda77c99ca37ca1\"},\"image\":{\"@id\":\"https:\\\/\\\/josepcarleslainez.com\\\/va\\\/art-va\\\/publicacions\\\/transits-autoretrats\\\/#primaryimage\"},\"thumbnailUrl\":\"https:\\\/\\\/josepcarleslainez.com\\\/wp-content\\\/uploads\\\/Transits.png\",\"keywords\":[\"2002\"],\"articleSection\":[\"Publicacions\"],\"inLanguage\":\"va-ES\"},{\"@type\":[\"WebPage\",\"ItemPage\"],\"@id\":\"https:\\\/\\\/josepcarleslainez.com\\\/va\\\/art-va\\\/publicacions\\\/transits-autoretrats\\\/\",\"url\":\"https:\\\/\\\/josepcarleslainez.com\\\/va\\\/art-va\\\/publicacions\\\/transits-autoretrats\\\/\",\"name\":\"Tr\u00e0nsits (autoretrats) | Josep Carles La\u00ednez\",\"isPartOf\":{\"@id\":\"https:\\\/\\\/josepcarleslainez.com\\\/va\\\/#website\"},\"primaryImageOfPage\":{\"@id\":\"https:\\\/\\\/josepcarleslainez.com\\\/va\\\/art-va\\\/publicacions\\\/transits-autoretrats\\\/#primaryimage\"},\"image\":{\"@id\":\"https:\\\/\\\/josepcarleslainez.com\\\/va\\\/art-va\\\/publicacions\\\/transits-autoretrats\\\/#primaryimage\"},\"thumbnailUrl\":\"https:\\\/\\\/josepcarleslainez.com\\\/wp-content\\\/uploads\\\/Transits.png\",\"datePublished\":\"2023-09-20T11:50:47+00:00\",\"dateModified\":\"2025-01-06T11:28:27+00:00\",\"description\":\"Tr\u00e0nsits [Tr\u00e1nsitos] va sorgir en un viatge que fiu amb cotxe entre Salamanca i la Ciutat de Val\u00e8ncia. El xofer que ens portava de tornada al\",\"breadcrumb\":{\"@id\":\"https:\\\/\\\/josepcarleslainez.com\\\/va\\\/art-va\\\/publicacions\\\/transits-autoretrats\\\/#breadcrumb\"},\"inLanguage\":\"va-ES\",\"potentialAction\":[{\"@type\":\"ReadAction\",\"target\":[\"https:\\\/\\\/josepcarleslainez.com\\\/va\\\/art-va\\\/publicacions\\\/transits-autoretrats\\\/\"]}]},{\"@type\":\"ImageObject\",\"inLanguage\":\"va-ES\",\"@id\":\"https:\\\/\\\/josepcarleslainez.com\\\/va\\\/art-va\\\/publicacions\\\/transits-autoretrats\\\/#primaryimage\",\"url\":\"https:\\\/\\\/josepcarleslainez.com\\\/wp-content\\\/uploads\\\/Transits.png\",\"contentUrl\":\"https:\\\/\\\/josepcarleslainez.com\\\/wp-content\\\/uploads\\\/Transits.png\",\"width\":400,\"height\":500,\"caption\":\"Tra\u0300nsits\"},{\"@type\":\"BreadcrumbList\",\"@id\":\"https:\\\/\\\/josepcarleslainez.com\\\/va\\\/art-va\\\/publicacions\\\/transits-autoretrats\\\/#breadcrumb\",\"itemListElement\":[{\"@type\":\"ListItem\",\"position\":1,\"name\":\"Inici\",\"item\":\"https:\\\/\\\/josepcarleslainez.com\\\/va\\\/\"},{\"@type\":\"ListItem\",\"position\":2,\"name\":\"Art\",\"item\":\"https:\\\/\\\/josepcarleslainez.com\\\/va\\\/categoria\\\/art-va\\\/\"},{\"@type\":\"ListItem\",\"position\":3,\"name\":\"Publicacions\",\"item\":\"https:\\\/\\\/josepcarleslainez.com\\\/va\\\/categoria\\\/art-va\\\/publicacions\\\/\"},{\"@type\":\"ListItem\",\"position\":4,\"name\":\"Tr\u00e0nsits (autoretrats)\"}]},{\"@type\":\"WebSite\",\"@id\":\"https:\\\/\\\/josepcarleslainez.com\\\/va\\\/#website\",\"url\":\"https:\\\/\\\/josepcarleslainez.com\\\/va\\\/\",\"name\":\"Josep Carles La\u00ednez\",\"description\":\"Literatura &amp; Arte\",\"publisher\":{\"@id\":\"https:\\\/\\\/josepcarleslainez.com\\\/va\\\/#\\\/schema\\\/person\\\/4df12f79903b0a8f8bda77c99ca37ca1\"},\"potentialAction\":[{\"@type\":\"SearchAction\",\"target\":{\"@type\":\"EntryPoint\",\"urlTemplate\":\"https:\\\/\\\/josepcarleslainez.com\\\/va\\\/?s={search_term_string}\"},\"query-input\":{\"@type\":\"PropertyValueSpecification\",\"valueRequired\":true,\"valueName\":\"search_term_string\"}}],\"inLanguage\":\"va-ES\"},{\"@type\":[\"Person\",\"Organization\"],\"@id\":\"https:\\\/\\\/josepcarleslainez.com\\\/va\\\/#\\\/schema\\\/person\\\/4df12f79903b0a8f8bda77c99ca37ca1\",\"name\":\"Josep Carles La\u00ednez\",\"image\":{\"@type\":\"ImageObject\",\"inLanguage\":\"va-ES\",\"@id\":\"https:\\\/\\\/josepcarleslainez.com\\\/wp-content\\\/uploads\\\/JosepCarlesLainez_Biografia.jpg\",\"url\":\"https:\\\/\\\/josepcarleslainez.com\\\/wp-content\\\/uploads\\\/JosepCarlesLainez_Biografia.jpg\",\"contentUrl\":\"https:\\\/\\\/josepcarleslainez.com\\\/wp-content\\\/uploads\\\/JosepCarlesLainez_Biografia.jpg\",\"width\":571,\"height\":600,\"caption\":\"Josep Carles La\u00ednez\"},\"logo\":{\"@id\":\"https:\\\/\\\/josepcarleslainez.com\\\/wp-content\\\/uploads\\\/JosepCarlesLainez_Biografia.jpg\"},\"sameAs\":[\"https:\\\/\\\/josepcarleslainez.com\"],\"url\":\"https:\\\/\\\/josepcarleslainez.com\\\/va\\\/author\\\/j_carleslainez\\\/\"}]}<\/script>\n<!-- \/ Yoast SEO plugin. -->","yoast_head_json":{"title":"Tr\u00e0nsits (autoretrats) | Josep Carles La\u00ednez","description":"Tr\u00e0nsits [Tr\u00e1nsitos] va sorgir en un viatge que fiu amb cotxe entre Salamanca i la Ciutat de Val\u00e8ncia. El xofer que ens portava de tornada al","robots":{"index":"index","follow":"follow","max-snippet":"max-snippet:-1","max-image-preview":"max-image-preview:large","max-video-preview":"max-video-preview:-1"},"canonical":"https:\/\/josepcarleslainez.com\/va\/art-va\/publicacions\/transits-autoretrats\/","og_locale":"en_US","og_type":"article","og_title":"Tr\u00e0nsits (autoretrats) | Josep Carles La\u00ednez","og_description":"Tr\u00e0nsits [Tr\u00e1nsitos] va sorgir en un viatge que fiu amb cotxe entre Salamanca i la Ciutat de Val\u00e8ncia. El xofer que ens portava de tornada al","og_url":"https:\/\/josepcarleslainez.com\/va\/art-va\/publicacions\/transits-autoretrats\/","og_site_name":"Josep Carles La\u00ednez","article_published_time":"2023-09-20T11:50:47+00:00","article_modified_time":"2025-01-06T11:28:27+00:00","og_image":[{"width":400,"height":500,"url":"https:\/\/josepcarleslainez.com\/wp-content\/uploads\/Transits.png","type":"image\/png"}],"author":"Josep Carles La\u00ednez","twitter_card":"summary_large_image","twitter_misc":{"Written by":"Josep Carles La\u00ednez","Est. reading time":"1 minute"},"schema":{"@context":"https:\/\/schema.org","@graph":[{"@type":"Article","@id":"https:\/\/josepcarleslainez.com\/va\/art-va\/publicacions\/transits-autoretrats\/#article","isPartOf":{"@id":"https:\/\/josepcarleslainez.com\/va\/art-va\/publicacions\/transits-autoretrats\/"},"author":{"name":"Josep Carles La\u00ednez","@id":"https:\/\/josepcarleslainez.com\/va\/#\/schema\/person\/4df12f79903b0a8f8bda77c99ca37ca1"},"headline":"Tr\u00e0nsits (autoretrats)","datePublished":"2023-09-20T11:50:47+00:00","dateModified":"2025-01-06T11:28:27+00:00","mainEntityOfPage":{"@id":"https:\/\/josepcarleslainez.com\/va\/art-va\/publicacions\/transits-autoretrats\/"},"wordCount":244,"publisher":{"@id":"https:\/\/josepcarleslainez.com\/va\/#\/schema\/person\/4df12f79903b0a8f8bda77c99ca37ca1"},"image":{"@id":"https:\/\/josepcarleslainez.com\/va\/art-va\/publicacions\/transits-autoretrats\/#primaryimage"},"thumbnailUrl":"https:\/\/josepcarleslainez.com\/wp-content\/uploads\/Transits.png","keywords":["2002"],"articleSection":["Publicacions"],"inLanguage":"va-ES"},{"@type":["WebPage","ItemPage"],"@id":"https:\/\/josepcarleslainez.com\/va\/art-va\/publicacions\/transits-autoretrats\/","url":"https:\/\/josepcarleslainez.com\/va\/art-va\/publicacions\/transits-autoretrats\/","name":"Tr\u00e0nsits (autoretrats) | Josep Carles La\u00ednez","isPartOf":{"@id":"https:\/\/josepcarleslainez.com\/va\/#website"},"primaryImageOfPage":{"@id":"https:\/\/josepcarleslainez.com\/va\/art-va\/publicacions\/transits-autoretrats\/#primaryimage"},"image":{"@id":"https:\/\/josepcarleslainez.com\/va\/art-va\/publicacions\/transits-autoretrats\/#primaryimage"},"thumbnailUrl":"https:\/\/josepcarleslainez.com\/wp-content\/uploads\/Transits.png","datePublished":"2023-09-20T11:50:47+00:00","dateModified":"2025-01-06T11:28:27+00:00","description":"Tr\u00e0nsits [Tr\u00e1nsitos] va sorgir en un viatge que fiu amb cotxe entre Salamanca i la Ciutat de Val\u00e8ncia. El xofer que ens portava de tornada al","breadcrumb":{"@id":"https:\/\/josepcarleslainez.com\/va\/art-va\/publicacions\/transits-autoretrats\/#breadcrumb"},"inLanguage":"va-ES","potentialAction":[{"@type":"ReadAction","target":["https:\/\/josepcarleslainez.com\/va\/art-va\/publicacions\/transits-autoretrats\/"]}]},{"@type":"ImageObject","inLanguage":"va-ES","@id":"https:\/\/josepcarleslainez.com\/va\/art-va\/publicacions\/transits-autoretrats\/#primaryimage","url":"https:\/\/josepcarleslainez.com\/wp-content\/uploads\/Transits.png","contentUrl":"https:\/\/josepcarleslainez.com\/wp-content\/uploads\/Transits.png","width":400,"height":500,"caption":"Tra\u0300nsits"},{"@type":"BreadcrumbList","@id":"https:\/\/josepcarleslainez.com\/va\/art-va\/publicacions\/transits-autoretrats\/#breadcrumb","itemListElement":[{"@type":"ListItem","position":1,"name":"Inici","item":"https:\/\/josepcarleslainez.com\/va\/"},{"@type":"ListItem","position":2,"name":"Art","item":"https:\/\/josepcarleslainez.com\/va\/categoria\/art-va\/"},{"@type":"ListItem","position":3,"name":"Publicacions","item":"https:\/\/josepcarleslainez.com\/va\/categoria\/art-va\/publicacions\/"},{"@type":"ListItem","position":4,"name":"Tr\u00e0nsits (autoretrats)"}]},{"@type":"WebSite","@id":"https:\/\/josepcarleslainez.com\/va\/#website","url":"https:\/\/josepcarleslainez.com\/va\/","name":"Josep Carles La\u00ednez","description":"Literatura &amp; Arte","publisher":{"@id":"https:\/\/josepcarleslainez.com\/va\/#\/schema\/person\/4df12f79903b0a8f8bda77c99ca37ca1"},"potentialAction":[{"@type":"SearchAction","target":{"@type":"EntryPoint","urlTemplate":"https:\/\/josepcarleslainez.com\/va\/?s={search_term_string}"},"query-input":{"@type":"PropertyValueSpecification","valueRequired":true,"valueName":"search_term_string"}}],"inLanguage":"va-ES"},{"@type":["Person","Organization"],"@id":"https:\/\/josepcarleslainez.com\/va\/#\/schema\/person\/4df12f79903b0a8f8bda77c99ca37ca1","name":"Josep Carles La\u00ednez","image":{"@type":"ImageObject","inLanguage":"va-ES","@id":"https:\/\/josepcarleslainez.com\/wp-content\/uploads\/JosepCarlesLainez_Biografia.jpg","url":"https:\/\/josepcarleslainez.com\/wp-content\/uploads\/JosepCarlesLainez_Biografia.jpg","contentUrl":"https:\/\/josepcarleslainez.com\/wp-content\/uploads\/JosepCarlesLainez_Biografia.jpg","width":571,"height":600,"caption":"Josep Carles La\u00ednez"},"logo":{"@id":"https:\/\/josepcarleslainez.com\/wp-content\/uploads\/JosepCarlesLainez_Biografia.jpg"},"sameAs":["https:\/\/josepcarleslainez.com"],"url":"https:\/\/josepcarleslainez.com\/va\/author\/j_carleslainez\/"}]}},"_links":{"self":[{"href":"https:\/\/josepcarleslainez.com\/va\/wp-json\/wp\/v2\/posts\/2394","targetHints":{"allow":["GET"]}}],"collection":[{"href":"https:\/\/josepcarleslainez.com\/va\/wp-json\/wp\/v2\/posts"}],"about":[{"href":"https:\/\/josepcarleslainez.com\/va\/wp-json\/wp\/v2\/types\/post"}],"author":[{"embeddable":true,"href":"https:\/\/josepcarleslainez.com\/va\/wp-json\/wp\/v2\/users\/2"}],"replies":[{"embeddable":true,"href":"https:\/\/josepcarleslainez.com\/va\/wp-json\/wp\/v2\/comments?post=2394"}],"version-history":[{"count":1,"href":"https:\/\/josepcarleslainez.com\/va\/wp-json\/wp\/v2\/posts\/2394\/revisions"}],"predecessor-version":[{"id":3596,"href":"https:\/\/josepcarleslainez.com\/va\/wp-json\/wp\/v2\/posts\/2394\/revisions\/3596"}],"wp:featuredmedia":[{"embeddable":true,"href":"https:\/\/josepcarleslainez.com\/va\/wp-json\/wp\/v2\/media\/1864"}],"wp:attachment":[{"href":"https:\/\/josepcarleslainez.com\/va\/wp-json\/wp\/v2\/media?parent=2394"}],"wp:term":[{"taxonomy":"category","embeddable":true,"href":"https:\/\/josepcarleslainez.com\/va\/wp-json\/wp\/v2\/categories?post=2394"},{"taxonomy":"post_tag","embeddable":true,"href":"https:\/\/josepcarleslainez.com\/va\/wp-json\/wp\/v2\/tags?post=2394"}],"curies":[{"name":"wp","href":"https:\/\/api.w.org\/{rel}","templated":true}]}}