{"id":2382,"date":"2023-09-19T17:19:34","date_gmt":"2023-09-19T15:19:34","guid":{"rendered":"https:\/\/josepcarleslainez.com\/sin-categorizar\/requerimiento-2\/"},"modified":"2025-01-06T12:28:27","modified_gmt":"2025-01-06T11:28:27","slug":"requerimiento-2","status":"publish","type":"post","link":"https:\/\/josepcarleslainez.com\/va\/art-va\/performances-va\/requerimiento-2\/","title":{"rendered":"Requerimiento"},"content":{"rendered":"<p>Realitzada en la creu inicial del Cam\u00ed de Santiago, Roncesvalles (Navarra). L&#8217;\u00faltim dia de 2002 vaig visitar el prat de l\u2019Akelarre i la cova de les bruixes de Zugarramurdi, en la qual vaig agafar una pedra que mantingu\u00ed pegada al meu cos durant tot el dia. En la nit, vaig realitzar un xicotet ritu en la creu del pelegr\u00ed: vaig donar colps en el s\u00f2l creant un <em>lau-buru<\/em> i demanant als d\u00e9us bascos que sorgiren de les tenebres. Al final vaig introduir la pedra dins de la creu, erosionant-la\u2026 Les fotografies s\u00f3n de Rosa Mar\u00eda Rodr\u00edguez Magda i una meua.<\/p>\n<h3 style=\"font-size: 13px; font-weight: 600;\">Requerimiento (2002)<\/h3>\n","protected":false},"excerpt":{"rendered":"<p>Realitzada en la creu inicial del Cam\u00ed de Santiago, Roncesvalles (Navarra). L&#8217;\u00faltim dia de 2002 vaig visitar el prat de l\u2019Akelarre i la cova de les bruixes de Zugarramurdi, en la qual vaig agafar una pedra que mantingu\u00ed pegada al meu cos durant tot el dia. En la nit, vaig realitzar un xicotet ritu en&hellip;<\/p>\n","protected":false},"author":2,"featured_media":1767,"comment_status":"closed","ping_status":"closed","sticky":false,"template":"","format":"standard","meta":{"footnotes":""},"categories":[94],"tags":[109],"class_list":["post-2382","post","type-post","status-publish","format-standard","has-post-thumbnail","hentry","category-performances-va","tag-2002-va"],"yoast_head":"<!-- This site is optimized with the Yoast SEO plugin v27.4 - https:\/\/yoast.com\/product\/yoast-seo-wordpress\/ -->\n<title>Requerimiento | Josep Carles La\u00ednez<\/title>\n<meta name=\"description\" content=\"Requerimiento. Realitzada en la creu inicial del Cam\u00ed de Santiago, Roncesvalles (Navarra). L&#039;\u00faltim dia de 2002 vaig visitar el prat de l\u2019Akelarre i la cova\" \/>\n<meta name=\"robots\" content=\"index, follow, max-snippet:-1, max-image-preview:large, max-video-preview:-1\" \/>\n<link rel=\"canonical\" href=\"https:\/\/josepcarleslainez.com\/va\/art-va\/performances-va\/requerimiento-2\/\" \/>\n<meta property=\"og:locale\" content=\"en_US\" \/>\n<meta property=\"og:type\" content=\"article\" \/>\n<meta property=\"og:title\" content=\"Requerimiento | Josep Carles La\u00ednez\" \/>\n<meta property=\"og:description\" content=\"Requerimiento. Realitzada en la creu inicial del Cam\u00ed de Santiago, Roncesvalles (Navarra). L&#039;\u00faltim dia de 2002 vaig visitar el prat de l\u2019Akelarre i la cova\" \/>\n<meta property=\"og:url\" content=\"https:\/\/josepcarleslainez.com\/va\/art-va\/performances-va\/requerimiento-2\/\" \/>\n<meta property=\"og:site_name\" content=\"Josep Carles La\u00ednez\" \/>\n<meta property=\"article:published_time\" content=\"2023-09-19T15:19:34+00:00\" \/>\n<meta property=\"article:modified_time\" content=\"2025-01-06T11:28:27+00:00\" \/>\n<meta property=\"og:image\" content=\"https:\/\/josepcarleslainez.com\/wp-content\/uploads\/Requerimiento-2002.png\" \/>\n\t<meta property=\"og:image:width\" content=\"400\" \/>\n\t<meta property=\"og:image:height\" content=\"500\" \/>\n\t<meta property=\"og:image:type\" content=\"image\/png\" \/>\n<meta name=\"author\" content=\"Josep Carles La\u00ednez\" \/>\n<meta name=\"twitter:card\" content=\"summary_large_image\" \/>\n<meta name=\"twitter:label1\" content=\"Written by\" \/>\n\t<meta name=\"twitter:data1\" content=\"Josep Carles La\u00ednez\" \/>\n\t<meta name=\"twitter:label2\" content=\"Est. reading time\" \/>\n\t<meta name=\"twitter:data2\" content=\"1 minute\" \/>\n<script type=\"application\/ld+json\" class=\"yoast-schema-graph\">{\"@context\":\"https:\\\/\\\/schema.org\",\"@graph\":[{\"@type\":\"Article\",\"@id\":\"https:\\\/\\\/josepcarleslainez.com\\\/va\\\/art-va\\\/performances-va\\\/requerimiento-2\\\/#article\",\"isPartOf\":{\"@id\":\"https:\\\/\\\/josepcarleslainez.com\\\/va\\\/art-va\\\/performances-va\\\/requerimiento-2\\\/\"},\"author\":{\"name\":\"Josep Carles La\u00ednez\",\"@id\":\"https:\\\/\\\/josepcarleslainez.com\\\/va\\\/#\\\/schema\\\/person\\\/4df12f79903b0a8f8bda77c99ca37ca1\"},\"headline\":\"Requerimiento\",\"datePublished\":\"2023-09-19T15:19:34+00:00\",\"dateModified\":\"2025-01-06T11:28:27+00:00\",\"mainEntityOfPage\":{\"@id\":\"https:\\\/\\\/josepcarleslainez.com\\\/va\\\/art-va\\\/performances-va\\\/requerimiento-2\\\/\"},\"wordCount\":108,\"publisher\":{\"@id\":\"https:\\\/\\\/josepcarleslainez.com\\\/va\\\/#\\\/schema\\\/person\\\/4df12f79903b0a8f8bda77c99ca37ca1\"},\"image\":{\"@id\":\"https:\\\/\\\/josepcarleslainez.com\\\/va\\\/art-va\\\/performances-va\\\/requerimiento-2\\\/#primaryimage\"},\"thumbnailUrl\":\"https:\\\/\\\/josepcarleslainez.com\\\/wp-content\\\/uploads\\\/Requerimiento-2002.png\",\"keywords\":[\"2002\"],\"articleSection\":[\"Performances\"],\"inLanguage\":\"va-ES\"},{\"@type\":[\"WebPage\",\"ItemPage\"],\"@id\":\"https:\\\/\\\/josepcarleslainez.com\\\/va\\\/art-va\\\/performances-va\\\/requerimiento-2\\\/\",\"url\":\"https:\\\/\\\/josepcarleslainez.com\\\/va\\\/art-va\\\/performances-va\\\/requerimiento-2\\\/\",\"name\":\"Requerimiento | Josep Carles La\u00ednez\",\"isPartOf\":{\"@id\":\"https:\\\/\\\/josepcarleslainez.com\\\/va\\\/#website\"},\"primaryImageOfPage\":{\"@id\":\"https:\\\/\\\/josepcarleslainez.com\\\/va\\\/art-va\\\/performances-va\\\/requerimiento-2\\\/#primaryimage\"},\"image\":{\"@id\":\"https:\\\/\\\/josepcarleslainez.com\\\/va\\\/art-va\\\/performances-va\\\/requerimiento-2\\\/#primaryimage\"},\"thumbnailUrl\":\"https:\\\/\\\/josepcarleslainez.com\\\/wp-content\\\/uploads\\\/Requerimiento-2002.png\",\"datePublished\":\"2023-09-19T15:19:34+00:00\",\"dateModified\":\"2025-01-06T11:28:27+00:00\",\"description\":\"Requerimiento. Realitzada en la creu inicial del Cam\u00ed de Santiago, Roncesvalles (Navarra). L'\u00faltim dia de 2002 vaig visitar el prat de l\u2019Akelarre i la cova\",\"breadcrumb\":{\"@id\":\"https:\\\/\\\/josepcarleslainez.com\\\/va\\\/art-va\\\/performances-va\\\/requerimiento-2\\\/#breadcrumb\"},\"inLanguage\":\"va-ES\",\"potentialAction\":[{\"@type\":\"ReadAction\",\"target\":[\"https:\\\/\\\/josepcarleslainez.com\\\/va\\\/art-va\\\/performances-va\\\/requerimiento-2\\\/\"]}]},{\"@type\":\"ImageObject\",\"inLanguage\":\"va-ES\",\"@id\":\"https:\\\/\\\/josepcarleslainez.com\\\/va\\\/art-va\\\/performances-va\\\/requerimiento-2\\\/#primaryimage\",\"url\":\"https:\\\/\\\/josepcarleslainez.com\\\/wp-content\\\/uploads\\\/Requerimiento-2002.png\",\"contentUrl\":\"https:\\\/\\\/josepcarleslainez.com\\\/wp-content\\\/uploads\\\/Requerimiento-2002.png\",\"width\":400,\"height\":500,\"caption\":\"Requerimiento\"},{\"@type\":\"BreadcrumbList\",\"@id\":\"https:\\\/\\\/josepcarleslainez.com\\\/va\\\/art-va\\\/performances-va\\\/requerimiento-2\\\/#breadcrumb\",\"itemListElement\":[{\"@type\":\"ListItem\",\"position\":1,\"name\":\"Inici\",\"item\":\"https:\\\/\\\/josepcarleslainez.com\\\/va\\\/\"},{\"@type\":\"ListItem\",\"position\":2,\"name\":\"Art\",\"item\":\"https:\\\/\\\/josepcarleslainez.com\\\/va\\\/categoria\\\/art-va\\\/\"},{\"@type\":\"ListItem\",\"position\":3,\"name\":\"Performances\",\"item\":\"https:\\\/\\\/josepcarleslainez.com\\\/va\\\/categoria\\\/art-va\\\/performances-va\\\/\"},{\"@type\":\"ListItem\",\"position\":4,\"name\":\"Requerimiento\"}]},{\"@type\":\"WebSite\",\"@id\":\"https:\\\/\\\/josepcarleslainez.com\\\/va\\\/#website\",\"url\":\"https:\\\/\\\/josepcarleslainez.com\\\/va\\\/\",\"name\":\"Josep Carles La\u00ednez\",\"description\":\"Literatura &amp; Arte\",\"publisher\":{\"@id\":\"https:\\\/\\\/josepcarleslainez.com\\\/va\\\/#\\\/schema\\\/person\\\/4df12f79903b0a8f8bda77c99ca37ca1\"},\"potentialAction\":[{\"@type\":\"SearchAction\",\"target\":{\"@type\":\"EntryPoint\",\"urlTemplate\":\"https:\\\/\\\/josepcarleslainez.com\\\/va\\\/?s={search_term_string}\"},\"query-input\":{\"@type\":\"PropertyValueSpecification\",\"valueRequired\":true,\"valueName\":\"search_term_string\"}}],\"inLanguage\":\"va-ES\"},{\"@type\":[\"Person\",\"Organization\"],\"@id\":\"https:\\\/\\\/josepcarleslainez.com\\\/va\\\/#\\\/schema\\\/person\\\/4df12f79903b0a8f8bda77c99ca37ca1\",\"name\":\"Josep Carles La\u00ednez\",\"image\":{\"@type\":\"ImageObject\",\"inLanguage\":\"va-ES\",\"@id\":\"https:\\\/\\\/josepcarleslainez.com\\\/wp-content\\\/uploads\\\/JosepCarlesLainez_Biografia.jpg\",\"url\":\"https:\\\/\\\/josepcarleslainez.com\\\/wp-content\\\/uploads\\\/JosepCarlesLainez_Biografia.jpg\",\"contentUrl\":\"https:\\\/\\\/josepcarleslainez.com\\\/wp-content\\\/uploads\\\/JosepCarlesLainez_Biografia.jpg\",\"width\":571,\"height\":600,\"caption\":\"Josep Carles La\u00ednez\"},\"logo\":{\"@id\":\"https:\\\/\\\/josepcarleslainez.com\\\/wp-content\\\/uploads\\\/JosepCarlesLainez_Biografia.jpg\"},\"sameAs\":[\"https:\\\/\\\/josepcarleslainez.com\"],\"url\":\"https:\\\/\\\/josepcarleslainez.com\\\/va\\\/author\\\/j_carleslainez\\\/\"}]}<\/script>\n<!-- \/ Yoast SEO plugin. -->","yoast_head_json":{"title":"Requerimiento | Josep Carles La\u00ednez","description":"Requerimiento. Realitzada en la creu inicial del Cam\u00ed de Santiago, Roncesvalles (Navarra). L'\u00faltim dia de 2002 vaig visitar el prat de l\u2019Akelarre i la cova","robots":{"index":"index","follow":"follow","max-snippet":"max-snippet:-1","max-image-preview":"max-image-preview:large","max-video-preview":"max-video-preview:-1"},"canonical":"https:\/\/josepcarleslainez.com\/va\/art-va\/performances-va\/requerimiento-2\/","og_locale":"en_US","og_type":"article","og_title":"Requerimiento | Josep Carles La\u00ednez","og_description":"Requerimiento. Realitzada en la creu inicial del Cam\u00ed de Santiago, Roncesvalles (Navarra). L'\u00faltim dia de 2002 vaig visitar el prat de l\u2019Akelarre i la cova","og_url":"https:\/\/josepcarleslainez.com\/va\/art-va\/performances-va\/requerimiento-2\/","og_site_name":"Josep Carles La\u00ednez","article_published_time":"2023-09-19T15:19:34+00:00","article_modified_time":"2025-01-06T11:28:27+00:00","og_image":[{"width":400,"height":500,"url":"https:\/\/josepcarleslainez.com\/wp-content\/uploads\/Requerimiento-2002.png","type":"image\/png"}],"author":"Josep Carles La\u00ednez","twitter_card":"summary_large_image","twitter_misc":{"Written by":"Josep Carles La\u00ednez","Est. reading time":"1 minute"},"schema":{"@context":"https:\/\/schema.org","@graph":[{"@type":"Article","@id":"https:\/\/josepcarleslainez.com\/va\/art-va\/performances-va\/requerimiento-2\/#article","isPartOf":{"@id":"https:\/\/josepcarleslainez.com\/va\/art-va\/performances-va\/requerimiento-2\/"},"author":{"name":"Josep Carles La\u00ednez","@id":"https:\/\/josepcarleslainez.com\/va\/#\/schema\/person\/4df12f79903b0a8f8bda77c99ca37ca1"},"headline":"Requerimiento","datePublished":"2023-09-19T15:19:34+00:00","dateModified":"2025-01-06T11:28:27+00:00","mainEntityOfPage":{"@id":"https:\/\/josepcarleslainez.com\/va\/art-va\/performances-va\/requerimiento-2\/"},"wordCount":108,"publisher":{"@id":"https:\/\/josepcarleslainez.com\/va\/#\/schema\/person\/4df12f79903b0a8f8bda77c99ca37ca1"},"image":{"@id":"https:\/\/josepcarleslainez.com\/va\/art-va\/performances-va\/requerimiento-2\/#primaryimage"},"thumbnailUrl":"https:\/\/josepcarleslainez.com\/wp-content\/uploads\/Requerimiento-2002.png","keywords":["2002"],"articleSection":["Performances"],"inLanguage":"va-ES"},{"@type":["WebPage","ItemPage"],"@id":"https:\/\/josepcarleslainez.com\/va\/art-va\/performances-va\/requerimiento-2\/","url":"https:\/\/josepcarleslainez.com\/va\/art-va\/performances-va\/requerimiento-2\/","name":"Requerimiento | Josep Carles La\u00ednez","isPartOf":{"@id":"https:\/\/josepcarleslainez.com\/va\/#website"},"primaryImageOfPage":{"@id":"https:\/\/josepcarleslainez.com\/va\/art-va\/performances-va\/requerimiento-2\/#primaryimage"},"image":{"@id":"https:\/\/josepcarleslainez.com\/va\/art-va\/performances-va\/requerimiento-2\/#primaryimage"},"thumbnailUrl":"https:\/\/josepcarleslainez.com\/wp-content\/uploads\/Requerimiento-2002.png","datePublished":"2023-09-19T15:19:34+00:00","dateModified":"2025-01-06T11:28:27+00:00","description":"Requerimiento. Realitzada en la creu inicial del Cam\u00ed de Santiago, Roncesvalles (Navarra). L'\u00faltim dia de 2002 vaig visitar el prat de l\u2019Akelarre i la cova","breadcrumb":{"@id":"https:\/\/josepcarleslainez.com\/va\/art-va\/performances-va\/requerimiento-2\/#breadcrumb"},"inLanguage":"va-ES","potentialAction":[{"@type":"ReadAction","target":["https:\/\/josepcarleslainez.com\/va\/art-va\/performances-va\/requerimiento-2\/"]}]},{"@type":"ImageObject","inLanguage":"va-ES","@id":"https:\/\/josepcarleslainez.com\/va\/art-va\/performances-va\/requerimiento-2\/#primaryimage","url":"https:\/\/josepcarleslainez.com\/wp-content\/uploads\/Requerimiento-2002.png","contentUrl":"https:\/\/josepcarleslainez.com\/wp-content\/uploads\/Requerimiento-2002.png","width":400,"height":500,"caption":"Requerimiento"},{"@type":"BreadcrumbList","@id":"https:\/\/josepcarleslainez.com\/va\/art-va\/performances-va\/requerimiento-2\/#breadcrumb","itemListElement":[{"@type":"ListItem","position":1,"name":"Inici","item":"https:\/\/josepcarleslainez.com\/va\/"},{"@type":"ListItem","position":2,"name":"Art","item":"https:\/\/josepcarleslainez.com\/va\/categoria\/art-va\/"},{"@type":"ListItem","position":3,"name":"Performances","item":"https:\/\/josepcarleslainez.com\/va\/categoria\/art-va\/performances-va\/"},{"@type":"ListItem","position":4,"name":"Requerimiento"}]},{"@type":"WebSite","@id":"https:\/\/josepcarleslainez.com\/va\/#website","url":"https:\/\/josepcarleslainez.com\/va\/","name":"Josep Carles La\u00ednez","description":"Literatura &amp; Arte","publisher":{"@id":"https:\/\/josepcarleslainez.com\/va\/#\/schema\/person\/4df12f79903b0a8f8bda77c99ca37ca1"},"potentialAction":[{"@type":"SearchAction","target":{"@type":"EntryPoint","urlTemplate":"https:\/\/josepcarleslainez.com\/va\/?s={search_term_string}"},"query-input":{"@type":"PropertyValueSpecification","valueRequired":true,"valueName":"search_term_string"}}],"inLanguage":"va-ES"},{"@type":["Person","Organization"],"@id":"https:\/\/josepcarleslainez.com\/va\/#\/schema\/person\/4df12f79903b0a8f8bda77c99ca37ca1","name":"Josep Carles La\u00ednez","image":{"@type":"ImageObject","inLanguage":"va-ES","@id":"https:\/\/josepcarleslainez.com\/wp-content\/uploads\/JosepCarlesLainez_Biografia.jpg","url":"https:\/\/josepcarleslainez.com\/wp-content\/uploads\/JosepCarlesLainez_Biografia.jpg","contentUrl":"https:\/\/josepcarleslainez.com\/wp-content\/uploads\/JosepCarlesLainez_Biografia.jpg","width":571,"height":600,"caption":"Josep Carles La\u00ednez"},"logo":{"@id":"https:\/\/josepcarleslainez.com\/wp-content\/uploads\/JosepCarlesLainez_Biografia.jpg"},"sameAs":["https:\/\/josepcarleslainez.com"],"url":"https:\/\/josepcarleslainez.com\/va\/author\/j_carleslainez\/"}]}},"_links":{"self":[{"href":"https:\/\/josepcarleslainez.com\/va\/wp-json\/wp\/v2\/posts\/2382","targetHints":{"allow":["GET"]}}],"collection":[{"href":"https:\/\/josepcarleslainez.com\/va\/wp-json\/wp\/v2\/posts"}],"about":[{"href":"https:\/\/josepcarleslainez.com\/va\/wp-json\/wp\/v2\/types\/post"}],"author":[{"embeddable":true,"href":"https:\/\/josepcarleslainez.com\/va\/wp-json\/wp\/v2\/users\/2"}],"replies":[{"embeddable":true,"href":"https:\/\/josepcarleslainez.com\/va\/wp-json\/wp\/v2\/comments?post=2382"}],"version-history":[{"count":1,"href":"https:\/\/josepcarleslainez.com\/va\/wp-json\/wp\/v2\/posts\/2382\/revisions"}],"predecessor-version":[{"id":3597,"href":"https:\/\/josepcarleslainez.com\/va\/wp-json\/wp\/v2\/posts\/2382\/revisions\/3597"}],"wp:featuredmedia":[{"embeddable":true,"href":"https:\/\/josepcarleslainez.com\/va\/wp-json\/wp\/v2\/media\/1767"}],"wp:attachment":[{"href":"https:\/\/josepcarleslainez.com\/va\/wp-json\/wp\/v2\/media?parent=2382"}],"wp:term":[{"taxonomy":"category","embeddable":true,"href":"https:\/\/josepcarleslainez.com\/va\/wp-json\/wp\/v2\/categories?post=2382"},{"taxonomy":"post_tag","embeddable":true,"href":"https:\/\/josepcarleslainez.com\/va\/wp-json\/wp\/v2\/tags?post=2382"}],"curies":[{"name":"wp","href":"https:\/\/api.w.org\/{rel}","templated":true}]}}