{"id":1627,"date":"2023-06-30T20:20:10","date_gmt":"2023-06-30T18:20:10","guid":{"rendered":"https:\/\/josepcarleslainez.com\/sin-categorizar\/una-crida-a-la-simbiosi-cultural-meditacions-des-du\/"},"modified":"2025-01-06T12:28:31","modified_gmt":"2025-01-06T11:28:31","slug":"una-crida-a-la-simbiosi-cultural-meditacions-des-du","status":"publish","type":"post","link":"https:\/\/josepcarleslainez.com\/va\/literatura-va\/traduccions\/una-crida-a-la-simbiosi-cultural-meditacions-des-du\/","title":{"rendered":"Una crida a la simbiosi cultural. Meditacions des d&#8217;U"},"content":{"rendered":"<p>Amb la traducci\u00f3 al valenci\u00e0 de l\u2019assaig <em>Una crida a la simbiosi cultural<\/em> de J\u00fcri Talvet, vaig tancar un deute de molt de temps, en un llibre que primer vaig traduir a l\u2019espanyol i despr\u00e9s, per pol\u00edtica editorial, vaig haver de retraduir al valenci\u00e0. Els llibres institucionals rarament assolixen les prestatgeries dels grans centres del llibre o les p\u00e0gines dels suplements de cultura dels peri\u00f2dics, i \u00e9s una ll\u00e0stima, perqu\u00e8 J\u00fcri Talvet, poeta i assagiste estoni\u00e0, una ploma fin\u00edssima i de captivadora for\u00e7a, hauria de ser molt m\u00e9s conegut al pa\u00eds que podria ben b\u00e9 considerar la seua segona p\u00e0tria, no per haver-hi viscut grans temporades, sin\u00f3 perqu\u00e8 la seua labor entorn de la llengua espanyola, i la difusi\u00f3 de la nostra literatura a Est\u00f2nia, \u00e9s encomiable. Sempre he pensat que J\u00fcri respon a la figura de \u201cescriptor europeu\u201d que amb tanta ansietat buscava Mircea Eliade. En una llengua minorit\u00e0ria (si se\u2019m permet) i des de la perif\u00e8ria d\u2019Europa (com tamb\u00e9 nosaltres), la seua reflexi\u00f3 aconseguix l\u2019universal, i \u00e9s de lectura obligada. El llibre porta un xicotet text del tamb\u00e9 poeta i assagiste estatunidenc Harvey L. Hix, professor en la Universitat de Wyoming, de qui aprecie veritablement la seua poesia, i fins i tot he tradu\u00eft algun poema ben complex.<\/p>\n<h3 style=\"font-size: 13px; font-weight: 600;\">J\u00fcri Talvet,<em> Una crida a la simbiosi cultural. Meditacions des d&#8217;U <\/em>, Val\u00e8ncia, Instituci\u00f3 Alfons el Magn\u00e0nim, 2009, traducci\u00f3.<\/h3>\n","protected":false},"excerpt":{"rendered":"<p>Amb la traducci\u00f3 al valenci\u00e0 de l\u2019assaig Una crida a la simbiosi cultural de J\u00fcri Talvet, vaig tancar un deute de molt de temps, en un llibre que primer vaig traduir a l\u2019espanyol i despr\u00e9s, per pol\u00edtica editorial, vaig haver de retraduir al valenci\u00e0. Els llibres institucionals rarament assolixen les prestatgeries dels grans centres del&hellip;<\/p>\n","protected":false},"author":2,"featured_media":1391,"comment_status":"closed","ping_status":"closed","sticky":false,"template":"","format":"standard","meta":{"footnotes":""},"categories":[72],"tags":[98],"class_list":["post-1627","post","type-post","status-publish","format-standard","has-post-thumbnail","hentry","category-traduccions","tag-2009-va"],"yoast_head":"<!-- This site is optimized with the Yoast SEO plugin v27.4 - https:\/\/yoast.com\/product\/yoast-seo-wordpress\/ -->\n<title>Una crida a la simbiosi cultural. Meditacions des d&#039;U | Josep Carles La\u00ednez<\/title>\n<meta name=\"description\" content=\"Una crida a la simbiosi cultural. Meditacions des d&#039;U. Amb la traducci\u00f3 al valenci\u00e0 de l\u2019assaig Una crida a la simbiosi cultural de J\u00fcri Talvet\" \/>\n<meta name=\"robots\" content=\"index, follow, max-snippet:-1, max-image-preview:large, max-video-preview:-1\" \/>\n<link rel=\"canonical\" href=\"https:\/\/josepcarleslainez.com\/va\/literatura-va\/traduccions\/una-crida-a-la-simbiosi-cultural-meditacions-des-du\/\" \/>\n<meta property=\"og:locale\" content=\"en_US\" \/>\n<meta property=\"og:type\" content=\"article\" \/>\n<meta property=\"og:title\" content=\"Una crida a la simbiosi cultural. Meditacions des d&#039;U | Josep Carles La\u00ednez\" \/>\n<meta property=\"og:description\" content=\"Una crida a la simbiosi cultural. Meditacions des d&#039;U. Amb la traducci\u00f3 al valenci\u00e0 de l\u2019assaig Una crida a la simbiosi cultural de J\u00fcri Talvet\" \/>\n<meta property=\"og:url\" content=\"https:\/\/josepcarleslainez.com\/va\/literatura-va\/traduccions\/una-crida-a-la-simbiosi-cultural-meditacions-des-du\/\" \/>\n<meta property=\"og:site_name\" content=\"Josep Carles La\u00ednez\" \/>\n<meta property=\"article:published_time\" content=\"2023-06-30T18:20:10+00:00\" \/>\n<meta property=\"article:modified_time\" content=\"2025-01-06T11:28:31+00:00\" \/>\n<meta property=\"og:image\" content=\"https:\/\/josepcarleslainez.com\/wp-content\/uploads\/Juri-Talvet-Una-crida-a-la-simbiosi-cultural.png\" \/>\n\t<meta property=\"og:image:width\" content=\"400\" \/>\n\t<meta property=\"og:image:height\" content=\"500\" \/>\n\t<meta property=\"og:image:type\" content=\"image\/png\" \/>\n<meta name=\"author\" content=\"Josep Carles La\u00ednez\" \/>\n<meta name=\"twitter:card\" content=\"summary_large_image\" \/>\n<meta name=\"twitter:label1\" content=\"Written by\" \/>\n\t<meta name=\"twitter:data1\" content=\"Josep Carles La\u00ednez\" \/>\n\t<meta name=\"twitter:label2\" content=\"Est. reading time\" \/>\n\t<meta name=\"twitter:data2\" content=\"2 minutes\" \/>\n<script type=\"application\/ld+json\" class=\"yoast-schema-graph\">{\"@context\":\"https:\\\/\\\/schema.org\",\"@graph\":[{\"@type\":\"Article\",\"@id\":\"https:\\\/\\\/josepcarleslainez.com\\\/va\\\/literatura-va\\\/traduccions\\\/una-crida-a-la-simbiosi-cultural-meditacions-des-du\\\/#article\",\"isPartOf\":{\"@id\":\"https:\\\/\\\/josepcarleslainez.com\\\/va\\\/literatura-va\\\/traduccions\\\/una-crida-a-la-simbiosi-cultural-meditacions-des-du\\\/\"},\"author\":{\"name\":\"Josep Carles La\u00ednez\",\"@id\":\"https:\\\/\\\/josepcarleslainez.com\\\/va\\\/#\\\/schema\\\/person\\\/4df12f79903b0a8f8bda77c99ca37ca1\"},\"headline\":\"Una crida a la simbiosi cultural. Meditacions des d&#8217;U\",\"datePublished\":\"2023-06-30T18:20:10+00:00\",\"dateModified\":\"2025-01-06T11:28:31+00:00\",\"mainEntityOfPage\":{\"@id\":\"https:\\\/\\\/josepcarleslainez.com\\\/va\\\/literatura-va\\\/traduccions\\\/una-crida-a-la-simbiosi-cultural-meditacions-des-du\\\/\"},\"wordCount\":263,\"publisher\":{\"@id\":\"https:\\\/\\\/josepcarleslainez.com\\\/va\\\/#\\\/schema\\\/person\\\/4df12f79903b0a8f8bda77c99ca37ca1\"},\"image\":{\"@id\":\"https:\\\/\\\/josepcarleslainez.com\\\/va\\\/literatura-va\\\/traduccions\\\/una-crida-a-la-simbiosi-cultural-meditacions-des-du\\\/#primaryimage\"},\"thumbnailUrl\":\"https:\\\/\\\/josepcarleslainez.com\\\/wp-content\\\/uploads\\\/Juri-Talvet-Una-crida-a-la-simbiosi-cultural.png\",\"keywords\":[\"2009\"],\"articleSection\":[\"Traduccions\"],\"inLanguage\":\"va-ES\"},{\"@type\":[\"WebPage\",\"ItemPage\"],\"@id\":\"https:\\\/\\\/josepcarleslainez.com\\\/va\\\/literatura-va\\\/traduccions\\\/una-crida-a-la-simbiosi-cultural-meditacions-des-du\\\/\",\"url\":\"https:\\\/\\\/josepcarleslainez.com\\\/va\\\/literatura-va\\\/traduccions\\\/una-crida-a-la-simbiosi-cultural-meditacions-des-du\\\/\",\"name\":\"Una crida a la simbiosi cultural. Meditacions des d'U | Josep Carles La\u00ednez\",\"isPartOf\":{\"@id\":\"https:\\\/\\\/josepcarleslainez.com\\\/va\\\/#website\"},\"primaryImageOfPage\":{\"@id\":\"https:\\\/\\\/josepcarleslainez.com\\\/va\\\/literatura-va\\\/traduccions\\\/una-crida-a-la-simbiosi-cultural-meditacions-des-du\\\/#primaryimage\"},\"image\":{\"@id\":\"https:\\\/\\\/josepcarleslainez.com\\\/va\\\/literatura-va\\\/traduccions\\\/una-crida-a-la-simbiosi-cultural-meditacions-des-du\\\/#primaryimage\"},\"thumbnailUrl\":\"https:\\\/\\\/josepcarleslainez.com\\\/wp-content\\\/uploads\\\/Juri-Talvet-Una-crida-a-la-simbiosi-cultural.png\",\"datePublished\":\"2023-06-30T18:20:10+00:00\",\"dateModified\":\"2025-01-06T11:28:31+00:00\",\"description\":\"Una crida a la simbiosi cultural. Meditacions des d'U. Amb la traducci\u00f3 al valenci\u00e0 de l\u2019assaig Una crida a la simbiosi cultural de J\u00fcri Talvet\",\"breadcrumb\":{\"@id\":\"https:\\\/\\\/josepcarleslainez.com\\\/va\\\/literatura-va\\\/traduccions\\\/una-crida-a-la-simbiosi-cultural-meditacions-des-du\\\/#breadcrumb\"},\"inLanguage\":\"va-ES\",\"potentialAction\":[{\"@type\":\"ReadAction\",\"target\":[\"https:\\\/\\\/josepcarleslainez.com\\\/va\\\/literatura-va\\\/traduccions\\\/una-crida-a-la-simbiosi-cultural-meditacions-des-du\\\/\"]}]},{\"@type\":\"ImageObject\",\"inLanguage\":\"va-ES\",\"@id\":\"https:\\\/\\\/josepcarleslainez.com\\\/va\\\/literatura-va\\\/traduccions\\\/una-crida-a-la-simbiosi-cultural-meditacions-des-du\\\/#primaryimage\",\"url\":\"https:\\\/\\\/josepcarleslainez.com\\\/wp-content\\\/uploads\\\/Juri-Talvet-Una-crida-a-la-simbiosi-cultural.png\",\"contentUrl\":\"https:\\\/\\\/josepcarleslainez.com\\\/wp-content\\\/uploads\\\/Juri-Talvet-Una-crida-a-la-simbiosi-cultural.png\",\"width\":400,\"height\":500,\"caption\":\"Una crida a la simbiosi cultural.\"},{\"@type\":\"BreadcrumbList\",\"@id\":\"https:\\\/\\\/josepcarleslainez.com\\\/va\\\/literatura-va\\\/traduccions\\\/una-crida-a-la-simbiosi-cultural-meditacions-des-du\\\/#breadcrumb\",\"itemListElement\":[{\"@type\":\"ListItem\",\"position\":1,\"name\":\"Inici\",\"item\":\"https:\\\/\\\/josepcarleslainez.com\\\/va\\\/\"},{\"@type\":\"ListItem\",\"position\":2,\"name\":\"Literatura\",\"item\":\"https:\\\/\\\/josepcarleslainez.com\\\/va\\\/categoria\\\/literatura-va\\\/\"},{\"@type\":\"ListItem\",\"position\":3,\"name\":\"Traduccions\",\"item\":\"https:\\\/\\\/josepcarleslainez.com\\\/va\\\/categoria\\\/literatura-va\\\/traduccions\\\/\"},{\"@type\":\"ListItem\",\"position\":4,\"name\":\"Una crida a la simbiosi cultural. Meditacions des d&#8217;U\"}]},{\"@type\":\"WebSite\",\"@id\":\"https:\\\/\\\/josepcarleslainez.com\\\/va\\\/#website\",\"url\":\"https:\\\/\\\/josepcarleslainez.com\\\/va\\\/\",\"name\":\"Josep Carles La\u00ednez\",\"description\":\"Literatura &amp; Arte\",\"publisher\":{\"@id\":\"https:\\\/\\\/josepcarleslainez.com\\\/va\\\/#\\\/schema\\\/person\\\/4df12f79903b0a8f8bda77c99ca37ca1\"},\"potentialAction\":[{\"@type\":\"SearchAction\",\"target\":{\"@type\":\"EntryPoint\",\"urlTemplate\":\"https:\\\/\\\/josepcarleslainez.com\\\/va\\\/?s={search_term_string}\"},\"query-input\":{\"@type\":\"PropertyValueSpecification\",\"valueRequired\":true,\"valueName\":\"search_term_string\"}}],\"inLanguage\":\"va-ES\"},{\"@type\":[\"Person\",\"Organization\"],\"@id\":\"https:\\\/\\\/josepcarleslainez.com\\\/va\\\/#\\\/schema\\\/person\\\/4df12f79903b0a8f8bda77c99ca37ca1\",\"name\":\"Josep Carles La\u00ednez\",\"image\":{\"@type\":\"ImageObject\",\"inLanguage\":\"va-ES\",\"@id\":\"https:\\\/\\\/josepcarleslainez.com\\\/wp-content\\\/uploads\\\/JosepCarlesLainez_Biografia.jpg\",\"url\":\"https:\\\/\\\/josepcarleslainez.com\\\/wp-content\\\/uploads\\\/JosepCarlesLainez_Biografia.jpg\",\"contentUrl\":\"https:\\\/\\\/josepcarleslainez.com\\\/wp-content\\\/uploads\\\/JosepCarlesLainez_Biografia.jpg\",\"width\":571,\"height\":600,\"caption\":\"Josep Carles La\u00ednez\"},\"logo\":{\"@id\":\"https:\\\/\\\/josepcarleslainez.com\\\/wp-content\\\/uploads\\\/JosepCarlesLainez_Biografia.jpg\"},\"sameAs\":[\"https:\\\/\\\/josepcarleslainez.com\"],\"url\":\"https:\\\/\\\/josepcarleslainez.com\\\/va\\\/author\\\/j_carleslainez\\\/\"}]}<\/script>\n<!-- \/ Yoast SEO plugin. -->","yoast_head_json":{"title":"Una crida a la simbiosi cultural. Meditacions des d'U | Josep Carles La\u00ednez","description":"Una crida a la simbiosi cultural. Meditacions des d'U. Amb la traducci\u00f3 al valenci\u00e0 de l\u2019assaig Una crida a la simbiosi cultural de J\u00fcri Talvet","robots":{"index":"index","follow":"follow","max-snippet":"max-snippet:-1","max-image-preview":"max-image-preview:large","max-video-preview":"max-video-preview:-1"},"canonical":"https:\/\/josepcarleslainez.com\/va\/literatura-va\/traduccions\/una-crida-a-la-simbiosi-cultural-meditacions-des-du\/","og_locale":"en_US","og_type":"article","og_title":"Una crida a la simbiosi cultural. Meditacions des d'U | Josep Carles La\u00ednez","og_description":"Una crida a la simbiosi cultural. Meditacions des d'U. Amb la traducci\u00f3 al valenci\u00e0 de l\u2019assaig Una crida a la simbiosi cultural de J\u00fcri Talvet","og_url":"https:\/\/josepcarleslainez.com\/va\/literatura-va\/traduccions\/una-crida-a-la-simbiosi-cultural-meditacions-des-du\/","og_site_name":"Josep Carles La\u00ednez","article_published_time":"2023-06-30T18:20:10+00:00","article_modified_time":"2025-01-06T11:28:31+00:00","og_image":[{"width":400,"height":500,"url":"https:\/\/josepcarleslainez.com\/wp-content\/uploads\/Juri-Talvet-Una-crida-a-la-simbiosi-cultural.png","type":"image\/png"}],"author":"Josep Carles La\u00ednez","twitter_card":"summary_large_image","twitter_misc":{"Written by":"Josep Carles La\u00ednez","Est. reading time":"2 minutes"},"schema":{"@context":"https:\/\/schema.org","@graph":[{"@type":"Article","@id":"https:\/\/josepcarleslainez.com\/va\/literatura-va\/traduccions\/una-crida-a-la-simbiosi-cultural-meditacions-des-du\/#article","isPartOf":{"@id":"https:\/\/josepcarleslainez.com\/va\/literatura-va\/traduccions\/una-crida-a-la-simbiosi-cultural-meditacions-des-du\/"},"author":{"name":"Josep Carles La\u00ednez","@id":"https:\/\/josepcarleslainez.com\/va\/#\/schema\/person\/4df12f79903b0a8f8bda77c99ca37ca1"},"headline":"Una crida a la simbiosi cultural. Meditacions des d&#8217;U","datePublished":"2023-06-30T18:20:10+00:00","dateModified":"2025-01-06T11:28:31+00:00","mainEntityOfPage":{"@id":"https:\/\/josepcarleslainez.com\/va\/literatura-va\/traduccions\/una-crida-a-la-simbiosi-cultural-meditacions-des-du\/"},"wordCount":263,"publisher":{"@id":"https:\/\/josepcarleslainez.com\/va\/#\/schema\/person\/4df12f79903b0a8f8bda77c99ca37ca1"},"image":{"@id":"https:\/\/josepcarleslainez.com\/va\/literatura-va\/traduccions\/una-crida-a-la-simbiosi-cultural-meditacions-des-du\/#primaryimage"},"thumbnailUrl":"https:\/\/josepcarleslainez.com\/wp-content\/uploads\/Juri-Talvet-Una-crida-a-la-simbiosi-cultural.png","keywords":["2009"],"articleSection":["Traduccions"],"inLanguage":"va-ES"},{"@type":["WebPage","ItemPage"],"@id":"https:\/\/josepcarleslainez.com\/va\/literatura-va\/traduccions\/una-crida-a-la-simbiosi-cultural-meditacions-des-du\/","url":"https:\/\/josepcarleslainez.com\/va\/literatura-va\/traduccions\/una-crida-a-la-simbiosi-cultural-meditacions-des-du\/","name":"Una crida a la simbiosi cultural. Meditacions des d'U | Josep Carles La\u00ednez","isPartOf":{"@id":"https:\/\/josepcarleslainez.com\/va\/#website"},"primaryImageOfPage":{"@id":"https:\/\/josepcarleslainez.com\/va\/literatura-va\/traduccions\/una-crida-a-la-simbiosi-cultural-meditacions-des-du\/#primaryimage"},"image":{"@id":"https:\/\/josepcarleslainez.com\/va\/literatura-va\/traduccions\/una-crida-a-la-simbiosi-cultural-meditacions-des-du\/#primaryimage"},"thumbnailUrl":"https:\/\/josepcarleslainez.com\/wp-content\/uploads\/Juri-Talvet-Una-crida-a-la-simbiosi-cultural.png","datePublished":"2023-06-30T18:20:10+00:00","dateModified":"2025-01-06T11:28:31+00:00","description":"Una crida a la simbiosi cultural. Meditacions des d'U. Amb la traducci\u00f3 al valenci\u00e0 de l\u2019assaig Una crida a la simbiosi cultural de J\u00fcri Talvet","breadcrumb":{"@id":"https:\/\/josepcarleslainez.com\/va\/literatura-va\/traduccions\/una-crida-a-la-simbiosi-cultural-meditacions-des-du\/#breadcrumb"},"inLanguage":"va-ES","potentialAction":[{"@type":"ReadAction","target":["https:\/\/josepcarleslainez.com\/va\/literatura-va\/traduccions\/una-crida-a-la-simbiosi-cultural-meditacions-des-du\/"]}]},{"@type":"ImageObject","inLanguage":"va-ES","@id":"https:\/\/josepcarleslainez.com\/va\/literatura-va\/traduccions\/una-crida-a-la-simbiosi-cultural-meditacions-des-du\/#primaryimage","url":"https:\/\/josepcarleslainez.com\/wp-content\/uploads\/Juri-Talvet-Una-crida-a-la-simbiosi-cultural.png","contentUrl":"https:\/\/josepcarleslainez.com\/wp-content\/uploads\/Juri-Talvet-Una-crida-a-la-simbiosi-cultural.png","width":400,"height":500,"caption":"Una crida a la simbiosi cultural."},{"@type":"BreadcrumbList","@id":"https:\/\/josepcarleslainez.com\/va\/literatura-va\/traduccions\/una-crida-a-la-simbiosi-cultural-meditacions-des-du\/#breadcrumb","itemListElement":[{"@type":"ListItem","position":1,"name":"Inici","item":"https:\/\/josepcarleslainez.com\/va\/"},{"@type":"ListItem","position":2,"name":"Literatura","item":"https:\/\/josepcarleslainez.com\/va\/categoria\/literatura-va\/"},{"@type":"ListItem","position":3,"name":"Traduccions","item":"https:\/\/josepcarleslainez.com\/va\/categoria\/literatura-va\/traduccions\/"},{"@type":"ListItem","position":4,"name":"Una crida a la simbiosi cultural. Meditacions des d&#8217;U"}]},{"@type":"WebSite","@id":"https:\/\/josepcarleslainez.com\/va\/#website","url":"https:\/\/josepcarleslainez.com\/va\/","name":"Josep Carles La\u00ednez","description":"Literatura &amp; Arte","publisher":{"@id":"https:\/\/josepcarleslainez.com\/va\/#\/schema\/person\/4df12f79903b0a8f8bda77c99ca37ca1"},"potentialAction":[{"@type":"SearchAction","target":{"@type":"EntryPoint","urlTemplate":"https:\/\/josepcarleslainez.com\/va\/?s={search_term_string}"},"query-input":{"@type":"PropertyValueSpecification","valueRequired":true,"valueName":"search_term_string"}}],"inLanguage":"va-ES"},{"@type":["Person","Organization"],"@id":"https:\/\/josepcarleslainez.com\/va\/#\/schema\/person\/4df12f79903b0a8f8bda77c99ca37ca1","name":"Josep Carles La\u00ednez","image":{"@type":"ImageObject","inLanguage":"va-ES","@id":"https:\/\/josepcarleslainez.com\/wp-content\/uploads\/JosepCarlesLainez_Biografia.jpg","url":"https:\/\/josepcarleslainez.com\/wp-content\/uploads\/JosepCarlesLainez_Biografia.jpg","contentUrl":"https:\/\/josepcarleslainez.com\/wp-content\/uploads\/JosepCarlesLainez_Biografia.jpg","width":571,"height":600,"caption":"Josep Carles La\u00ednez"},"logo":{"@id":"https:\/\/josepcarleslainez.com\/wp-content\/uploads\/JosepCarlesLainez_Biografia.jpg"},"sameAs":["https:\/\/josepcarleslainez.com"],"url":"https:\/\/josepcarleslainez.com\/va\/author\/j_carleslainez\/"}]}},"_links":{"self":[{"href":"https:\/\/josepcarleslainez.com\/va\/wp-json\/wp\/v2\/posts\/1627","targetHints":{"allow":["GET"]}}],"collection":[{"href":"https:\/\/josepcarleslainez.com\/va\/wp-json\/wp\/v2\/posts"}],"about":[{"href":"https:\/\/josepcarleslainez.com\/va\/wp-json\/wp\/v2\/types\/post"}],"author":[{"embeddable":true,"href":"https:\/\/josepcarleslainez.com\/va\/wp-json\/wp\/v2\/users\/2"}],"replies":[{"embeddable":true,"href":"https:\/\/josepcarleslainez.com\/va\/wp-json\/wp\/v2\/comments?post=1627"}],"version-history":[{"count":1,"href":"https:\/\/josepcarleslainez.com\/va\/wp-json\/wp\/v2\/posts\/1627\/revisions"}],"predecessor-version":[{"id":3631,"href":"https:\/\/josepcarleslainez.com\/va\/wp-json\/wp\/v2\/posts\/1627\/revisions\/3631"}],"wp:featuredmedia":[{"embeddable":true,"href":"https:\/\/josepcarleslainez.com\/va\/wp-json\/wp\/v2\/media\/1391"}],"wp:attachment":[{"href":"https:\/\/josepcarleslainez.com\/va\/wp-json\/wp\/v2\/media?parent=1627"}],"wp:term":[{"taxonomy":"category","embeddable":true,"href":"https:\/\/josepcarleslainez.com\/va\/wp-json\/wp\/v2\/categories?post=1627"},{"taxonomy":"post_tag","embeddable":true,"href":"https:\/\/josepcarleslainez.com\/va\/wp-json\/wp\/v2\/tags?post=1627"}],"curies":[{"name":"wp","href":"https:\/\/api.w.org\/{rel}","templated":true}]}}