{"id":1625,"date":"2023-06-30T20:16:42","date_gmt":"2023-06-30T18:16:42","guid":{"rendered":"https:\/\/josepcarleslainez.com\/sin-categorizar\/caballinos-del-dianu-lluciernagues-y-caparines\/"},"modified":"2025-01-06T12:28:33","modified_gmt":"2025-01-06T11:28:33","slug":"caballinos-del-dianu-lluciernagues-y-caparines","status":"publish","type":"post","link":"https:\/\/josepcarleslainez.com\/va\/literatura-va\/traduccions\/caballinos-del-dianu-lluciernagues-y-caparines\/","title":{"rendered":"Caballinos del dia\u00f1u, lluci\u00e9rnagues y caparines"},"content":{"rendered":"<p><em>C<\/em><em>aballinos del dia\u00f1u, lluci\u00e9rnagues y caparines<\/em> [Lib\u00e8l\u00b7lules, cuques de llum i papallones] \u00e9s un llibre que recull diversos <em>haiku<\/em> sobre tem\u00e0tica animal. Vicente Haya en feu la traducci\u00f3 a l\u2019espanyol, i el pas a l\u2019asturi\u00e0 el vaig escometre jo; Vicente va introduir l\u2019<em>haiku<\/em> als lectors, i jo vaig parlar sobre l\u2019<em>haiku<\/em> en la poesia asturiana. Va quedar un llibre bonic i biling\u00fce (amb transcripci\u00f3 llatina de l\u2019original), per\u00f2 el fet que fora publicat sense els <em>kanji<\/em> japonesos el feu desmer\u00e9ixer.<\/p>\n<h3 style=\"font-size: 13px; font-weight: 600;\"><em>Caballinos del dia\u00f1u, lluci\u00e9rnagues y caparines<\/em>, Ovideo, \u00c1mbitu, 2004, en col\u00b7laboraci\u00f3 amb Vicente Haya, traducci\u00f3 i pr\u00f2leg.<\/h3>\n","protected":false},"excerpt":{"rendered":"<p>Caballinos del dia\u00f1u, lluci\u00e9rnagues y caparines [Lib\u00e8l\u00b7lules, cuques de llum i papallones] \u00e9s un llibre que recull diversos haiku sobre tem\u00e0tica animal. Vicente Haya en feu la traducci\u00f3 a l\u2019espanyol, i el pas a l\u2019asturi\u00e0 el vaig escometre jo; Vicente va introduir l\u2019haiku als lectors, i jo vaig parlar sobre l\u2019haiku en la poesia asturiana.&hellip;<\/p>\n","protected":false},"author":2,"featured_media":1382,"comment_status":"closed","ping_status":"closed","sticky":false,"template":"","format":"standard","meta":{"footnotes":""},"categories":[72],"tags":[111],"class_list":["post-1625","post","type-post","status-publish","format-standard","has-post-thumbnail","hentry","category-traduccions","tag-2004-va"],"yoast_head":"<!-- This site is optimized with the Yoast SEO plugin v27.4 - https:\/\/yoast.com\/product\/yoast-seo-wordpress\/ -->\n<title>Caballinos del dia\u00f1u, lluci\u00e9rnagues y caparines | Josep Carles La\u00ednez<\/title>\n<meta name=\"description\" content=\"Caballinos del dia\u00f1u, lluci\u00e9rnagues y caparines [Lib\u00e8l\u00b7lules, cuques de llum i papallones] \u00e9s un llibre que recull diversos haiku sobre tem\u00e0tica animal\" \/>\n<meta name=\"robots\" content=\"index, follow, max-snippet:-1, max-image-preview:large, max-video-preview:-1\" \/>\n<link rel=\"canonical\" href=\"https:\/\/josepcarleslainez.com\/va\/literatura-va\/traduccions\/caballinos-del-dianu-lluciernagues-y-caparines\/\" \/>\n<meta property=\"og:locale\" content=\"en_US\" \/>\n<meta property=\"og:type\" content=\"article\" \/>\n<meta property=\"og:title\" content=\"Caballinos del dia\u00f1u, lluci\u00e9rnagues y caparines | Josep Carles La\u00ednez\" \/>\n<meta property=\"og:description\" content=\"Caballinos del dia\u00f1u, lluci\u00e9rnagues y caparines [Lib\u00e8l\u00b7lules, cuques de llum i papallones] \u00e9s un llibre que recull diversos haiku sobre tem\u00e0tica animal\" \/>\n<meta property=\"og:url\" content=\"https:\/\/josepcarleslainez.com\/va\/literatura-va\/traduccions\/caballinos-del-dianu-lluciernagues-y-caparines\/\" \/>\n<meta property=\"og:site_name\" content=\"Josep Carles La\u00ednez\" \/>\n<meta property=\"article:published_time\" content=\"2023-06-30T18:16:42+00:00\" \/>\n<meta property=\"article:modified_time\" content=\"2025-01-06T11:28:33+00:00\" \/>\n<meta property=\"og:image\" content=\"https:\/\/josepcarleslainez.com\/wp-content\/uploads\/Caballinos-del-dianu-lluciernagues-y-caparines.png\" \/>\n\t<meta property=\"og:image:width\" content=\"400\" \/>\n\t<meta property=\"og:image:height\" content=\"500\" \/>\n\t<meta property=\"og:image:type\" content=\"image\/png\" \/>\n<meta name=\"author\" content=\"Josep Carles La\u00ednez\" \/>\n<meta name=\"twitter:card\" content=\"summary_large_image\" \/>\n<meta name=\"twitter:label1\" content=\"Written by\" \/>\n\t<meta name=\"twitter:data1\" content=\"Josep Carles La\u00ednez\" \/>\n\t<meta name=\"twitter:label2\" content=\"Est. reading time\" \/>\n\t<meta name=\"twitter:data2\" content=\"1 minute\" \/>\n<script type=\"application\/ld+json\" class=\"yoast-schema-graph\">{\"@context\":\"https:\\\/\\\/schema.org\",\"@graph\":[{\"@type\":\"Article\",\"@id\":\"https:\\\/\\\/josepcarleslainez.com\\\/va\\\/literatura-va\\\/traduccions\\\/caballinos-del-dianu-lluciernagues-y-caparines\\\/#article\",\"isPartOf\":{\"@id\":\"https:\\\/\\\/josepcarleslainez.com\\\/va\\\/literatura-va\\\/traduccions\\\/caballinos-del-dianu-lluciernagues-y-caparines\\\/\"},\"author\":{\"name\":\"Josep Carles La\u00ednez\",\"@id\":\"https:\\\/\\\/josepcarleslainez.com\\\/va\\\/#\\\/schema\\\/person\\\/4df12f79903b0a8f8bda77c99ca37ca1\"},\"headline\":\"Caballinos del dia\u00f1u, lluci\u00e9rnagues y caparines\",\"datePublished\":\"2023-06-30T18:16:42+00:00\",\"dateModified\":\"2025-01-06T11:28:33+00:00\",\"mainEntityOfPage\":{\"@id\":\"https:\\\/\\\/josepcarleslainez.com\\\/va\\\/literatura-va\\\/traduccions\\\/caballinos-del-dianu-lluciernagues-y-caparines\\\/\"},\"wordCount\":121,\"publisher\":{\"@id\":\"https:\\\/\\\/josepcarleslainez.com\\\/va\\\/#\\\/schema\\\/person\\\/4df12f79903b0a8f8bda77c99ca37ca1\"},\"image\":{\"@id\":\"https:\\\/\\\/josepcarleslainez.com\\\/va\\\/literatura-va\\\/traduccions\\\/caballinos-del-dianu-lluciernagues-y-caparines\\\/#primaryimage\"},\"thumbnailUrl\":\"https:\\\/\\\/josepcarleslainez.com\\\/wp-content\\\/uploads\\\/Caballinos-del-dianu-lluciernagues-y-caparines.png\",\"keywords\":[\"2004\"],\"articleSection\":[\"Traduccions\"],\"inLanguage\":\"va-ES\"},{\"@type\":[\"WebPage\",\"ItemPage\"],\"@id\":\"https:\\\/\\\/josepcarleslainez.com\\\/va\\\/literatura-va\\\/traduccions\\\/caballinos-del-dianu-lluciernagues-y-caparines\\\/\",\"url\":\"https:\\\/\\\/josepcarleslainez.com\\\/va\\\/literatura-va\\\/traduccions\\\/caballinos-del-dianu-lluciernagues-y-caparines\\\/\",\"name\":\"Caballinos del dia\u00f1u, lluci\u00e9rnagues y caparines | Josep Carles La\u00ednez\",\"isPartOf\":{\"@id\":\"https:\\\/\\\/josepcarleslainez.com\\\/va\\\/#website\"},\"primaryImageOfPage\":{\"@id\":\"https:\\\/\\\/josepcarleslainez.com\\\/va\\\/literatura-va\\\/traduccions\\\/caballinos-del-dianu-lluciernagues-y-caparines\\\/#primaryimage\"},\"image\":{\"@id\":\"https:\\\/\\\/josepcarleslainez.com\\\/va\\\/literatura-va\\\/traduccions\\\/caballinos-del-dianu-lluciernagues-y-caparines\\\/#primaryimage\"},\"thumbnailUrl\":\"https:\\\/\\\/josepcarleslainez.com\\\/wp-content\\\/uploads\\\/Caballinos-del-dianu-lluciernagues-y-caparines.png\",\"datePublished\":\"2023-06-30T18:16:42+00:00\",\"dateModified\":\"2025-01-06T11:28:33+00:00\",\"description\":\"Caballinos del dia\u00f1u, lluci\u00e9rnagues y caparines [Lib\u00e8l\u00b7lules, cuques de llum i papallones] \u00e9s un llibre que recull diversos haiku sobre tem\u00e0tica animal\",\"breadcrumb\":{\"@id\":\"https:\\\/\\\/josepcarleslainez.com\\\/va\\\/literatura-va\\\/traduccions\\\/caballinos-del-dianu-lluciernagues-y-caparines\\\/#breadcrumb\"},\"inLanguage\":\"va-ES\",\"potentialAction\":[{\"@type\":\"ReadAction\",\"target\":[\"https:\\\/\\\/josepcarleslainez.com\\\/va\\\/literatura-va\\\/traduccions\\\/caballinos-del-dianu-lluciernagues-y-caparines\\\/\"]}]},{\"@type\":\"ImageObject\",\"inLanguage\":\"va-ES\",\"@id\":\"https:\\\/\\\/josepcarleslainez.com\\\/va\\\/literatura-va\\\/traduccions\\\/caballinos-del-dianu-lluciernagues-y-caparines\\\/#primaryimage\",\"url\":\"https:\\\/\\\/josepcarleslainez.com\\\/wp-content\\\/uploads\\\/Caballinos-del-dianu-lluciernagues-y-caparines.png\",\"contentUrl\":\"https:\\\/\\\/josepcarleslainez.com\\\/wp-content\\\/uploads\\\/Caballinos-del-dianu-lluciernagues-y-caparines.png\",\"width\":400,\"height\":500,\"caption\":\"Caballinos del dia\u00f1u, lluci\u00e9rnagues y caparines\"},{\"@type\":\"BreadcrumbList\",\"@id\":\"https:\\\/\\\/josepcarleslainez.com\\\/va\\\/literatura-va\\\/traduccions\\\/caballinos-del-dianu-lluciernagues-y-caparines\\\/#breadcrumb\",\"itemListElement\":[{\"@type\":\"ListItem\",\"position\":1,\"name\":\"Inici\",\"item\":\"https:\\\/\\\/josepcarleslainez.com\\\/va\\\/\"},{\"@type\":\"ListItem\",\"position\":2,\"name\":\"Literatura\",\"item\":\"https:\\\/\\\/josepcarleslainez.com\\\/va\\\/categoria\\\/literatura-va\\\/\"},{\"@type\":\"ListItem\",\"position\":3,\"name\":\"Traduccions\",\"item\":\"https:\\\/\\\/josepcarleslainez.com\\\/va\\\/categoria\\\/literatura-va\\\/traduccions\\\/\"},{\"@type\":\"ListItem\",\"position\":4,\"name\":\"Caballinos del dia\u00f1u, lluci\u00e9rnagues y caparines\"}]},{\"@type\":\"WebSite\",\"@id\":\"https:\\\/\\\/josepcarleslainez.com\\\/va\\\/#website\",\"url\":\"https:\\\/\\\/josepcarleslainez.com\\\/va\\\/\",\"name\":\"Josep Carles La\u00ednez\",\"description\":\"Literatura &amp; Arte\",\"publisher\":{\"@id\":\"https:\\\/\\\/josepcarleslainez.com\\\/va\\\/#\\\/schema\\\/person\\\/4df12f79903b0a8f8bda77c99ca37ca1\"},\"potentialAction\":[{\"@type\":\"SearchAction\",\"target\":{\"@type\":\"EntryPoint\",\"urlTemplate\":\"https:\\\/\\\/josepcarleslainez.com\\\/va\\\/?s={search_term_string}\"},\"query-input\":{\"@type\":\"PropertyValueSpecification\",\"valueRequired\":true,\"valueName\":\"search_term_string\"}}],\"inLanguage\":\"va-ES\"},{\"@type\":[\"Person\",\"Organization\"],\"@id\":\"https:\\\/\\\/josepcarleslainez.com\\\/va\\\/#\\\/schema\\\/person\\\/4df12f79903b0a8f8bda77c99ca37ca1\",\"name\":\"Josep Carles La\u00ednez\",\"image\":{\"@type\":\"ImageObject\",\"inLanguage\":\"va-ES\",\"@id\":\"https:\\\/\\\/josepcarleslainez.com\\\/wp-content\\\/uploads\\\/JosepCarlesLainez_Biografia.jpg\",\"url\":\"https:\\\/\\\/josepcarleslainez.com\\\/wp-content\\\/uploads\\\/JosepCarlesLainez_Biografia.jpg\",\"contentUrl\":\"https:\\\/\\\/josepcarleslainez.com\\\/wp-content\\\/uploads\\\/JosepCarlesLainez_Biografia.jpg\",\"width\":571,\"height\":600,\"caption\":\"Josep Carles La\u00ednez\"},\"logo\":{\"@id\":\"https:\\\/\\\/josepcarleslainez.com\\\/wp-content\\\/uploads\\\/JosepCarlesLainez_Biografia.jpg\"},\"sameAs\":[\"https:\\\/\\\/josepcarleslainez.com\"],\"url\":\"https:\\\/\\\/josepcarleslainez.com\\\/va\\\/author\\\/j_carleslainez\\\/\"}]}<\/script>\n<!-- \/ Yoast SEO plugin. -->","yoast_head_json":{"title":"Caballinos del dia\u00f1u, lluci\u00e9rnagues y caparines | Josep Carles La\u00ednez","description":"Caballinos del dia\u00f1u, lluci\u00e9rnagues y caparines [Lib\u00e8l\u00b7lules, cuques de llum i papallones] \u00e9s un llibre que recull diversos haiku sobre tem\u00e0tica animal","robots":{"index":"index","follow":"follow","max-snippet":"max-snippet:-1","max-image-preview":"max-image-preview:large","max-video-preview":"max-video-preview:-1"},"canonical":"https:\/\/josepcarleslainez.com\/va\/literatura-va\/traduccions\/caballinos-del-dianu-lluciernagues-y-caparines\/","og_locale":"en_US","og_type":"article","og_title":"Caballinos del dia\u00f1u, lluci\u00e9rnagues y caparines | Josep Carles La\u00ednez","og_description":"Caballinos del dia\u00f1u, lluci\u00e9rnagues y caparines [Lib\u00e8l\u00b7lules, cuques de llum i papallones] \u00e9s un llibre que recull diversos haiku sobre tem\u00e0tica animal","og_url":"https:\/\/josepcarleslainez.com\/va\/literatura-va\/traduccions\/caballinos-del-dianu-lluciernagues-y-caparines\/","og_site_name":"Josep Carles La\u00ednez","article_published_time":"2023-06-30T18:16:42+00:00","article_modified_time":"2025-01-06T11:28:33+00:00","og_image":[{"width":400,"height":500,"url":"https:\/\/josepcarleslainez.com\/wp-content\/uploads\/Caballinos-del-dianu-lluciernagues-y-caparines.png","type":"image\/png"}],"author":"Josep Carles La\u00ednez","twitter_card":"summary_large_image","twitter_misc":{"Written by":"Josep Carles La\u00ednez","Est. reading time":"1 minute"},"schema":{"@context":"https:\/\/schema.org","@graph":[{"@type":"Article","@id":"https:\/\/josepcarleslainez.com\/va\/literatura-va\/traduccions\/caballinos-del-dianu-lluciernagues-y-caparines\/#article","isPartOf":{"@id":"https:\/\/josepcarleslainez.com\/va\/literatura-va\/traduccions\/caballinos-del-dianu-lluciernagues-y-caparines\/"},"author":{"name":"Josep Carles La\u00ednez","@id":"https:\/\/josepcarleslainez.com\/va\/#\/schema\/person\/4df12f79903b0a8f8bda77c99ca37ca1"},"headline":"Caballinos del dia\u00f1u, lluci\u00e9rnagues y caparines","datePublished":"2023-06-30T18:16:42+00:00","dateModified":"2025-01-06T11:28:33+00:00","mainEntityOfPage":{"@id":"https:\/\/josepcarleslainez.com\/va\/literatura-va\/traduccions\/caballinos-del-dianu-lluciernagues-y-caparines\/"},"wordCount":121,"publisher":{"@id":"https:\/\/josepcarleslainez.com\/va\/#\/schema\/person\/4df12f79903b0a8f8bda77c99ca37ca1"},"image":{"@id":"https:\/\/josepcarleslainez.com\/va\/literatura-va\/traduccions\/caballinos-del-dianu-lluciernagues-y-caparines\/#primaryimage"},"thumbnailUrl":"https:\/\/josepcarleslainez.com\/wp-content\/uploads\/Caballinos-del-dianu-lluciernagues-y-caparines.png","keywords":["2004"],"articleSection":["Traduccions"],"inLanguage":"va-ES"},{"@type":["WebPage","ItemPage"],"@id":"https:\/\/josepcarleslainez.com\/va\/literatura-va\/traduccions\/caballinos-del-dianu-lluciernagues-y-caparines\/","url":"https:\/\/josepcarleslainez.com\/va\/literatura-va\/traduccions\/caballinos-del-dianu-lluciernagues-y-caparines\/","name":"Caballinos del dia\u00f1u, lluci\u00e9rnagues y caparines | Josep Carles La\u00ednez","isPartOf":{"@id":"https:\/\/josepcarleslainez.com\/va\/#website"},"primaryImageOfPage":{"@id":"https:\/\/josepcarleslainez.com\/va\/literatura-va\/traduccions\/caballinos-del-dianu-lluciernagues-y-caparines\/#primaryimage"},"image":{"@id":"https:\/\/josepcarleslainez.com\/va\/literatura-va\/traduccions\/caballinos-del-dianu-lluciernagues-y-caparines\/#primaryimage"},"thumbnailUrl":"https:\/\/josepcarleslainez.com\/wp-content\/uploads\/Caballinos-del-dianu-lluciernagues-y-caparines.png","datePublished":"2023-06-30T18:16:42+00:00","dateModified":"2025-01-06T11:28:33+00:00","description":"Caballinos del dia\u00f1u, lluci\u00e9rnagues y caparines [Lib\u00e8l\u00b7lules, cuques de llum i papallones] \u00e9s un llibre que recull diversos haiku sobre tem\u00e0tica animal","breadcrumb":{"@id":"https:\/\/josepcarleslainez.com\/va\/literatura-va\/traduccions\/caballinos-del-dianu-lluciernagues-y-caparines\/#breadcrumb"},"inLanguage":"va-ES","potentialAction":[{"@type":"ReadAction","target":["https:\/\/josepcarleslainez.com\/va\/literatura-va\/traduccions\/caballinos-del-dianu-lluciernagues-y-caparines\/"]}]},{"@type":"ImageObject","inLanguage":"va-ES","@id":"https:\/\/josepcarleslainez.com\/va\/literatura-va\/traduccions\/caballinos-del-dianu-lluciernagues-y-caparines\/#primaryimage","url":"https:\/\/josepcarleslainez.com\/wp-content\/uploads\/Caballinos-del-dianu-lluciernagues-y-caparines.png","contentUrl":"https:\/\/josepcarleslainez.com\/wp-content\/uploads\/Caballinos-del-dianu-lluciernagues-y-caparines.png","width":400,"height":500,"caption":"Caballinos del dia\u00f1u, lluci\u00e9rnagues y caparines"},{"@type":"BreadcrumbList","@id":"https:\/\/josepcarleslainez.com\/va\/literatura-va\/traduccions\/caballinos-del-dianu-lluciernagues-y-caparines\/#breadcrumb","itemListElement":[{"@type":"ListItem","position":1,"name":"Inici","item":"https:\/\/josepcarleslainez.com\/va\/"},{"@type":"ListItem","position":2,"name":"Literatura","item":"https:\/\/josepcarleslainez.com\/va\/categoria\/literatura-va\/"},{"@type":"ListItem","position":3,"name":"Traduccions","item":"https:\/\/josepcarleslainez.com\/va\/categoria\/literatura-va\/traduccions\/"},{"@type":"ListItem","position":4,"name":"Caballinos del dia\u00f1u, lluci\u00e9rnagues y caparines"}]},{"@type":"WebSite","@id":"https:\/\/josepcarleslainez.com\/va\/#website","url":"https:\/\/josepcarleslainez.com\/va\/","name":"Josep Carles La\u00ednez","description":"Literatura &amp; Arte","publisher":{"@id":"https:\/\/josepcarleslainez.com\/va\/#\/schema\/person\/4df12f79903b0a8f8bda77c99ca37ca1"},"potentialAction":[{"@type":"SearchAction","target":{"@type":"EntryPoint","urlTemplate":"https:\/\/josepcarleslainez.com\/va\/?s={search_term_string}"},"query-input":{"@type":"PropertyValueSpecification","valueRequired":true,"valueName":"search_term_string"}}],"inLanguage":"va-ES"},{"@type":["Person","Organization"],"@id":"https:\/\/josepcarleslainez.com\/va\/#\/schema\/person\/4df12f79903b0a8f8bda77c99ca37ca1","name":"Josep Carles La\u00ednez","image":{"@type":"ImageObject","inLanguage":"va-ES","@id":"https:\/\/josepcarleslainez.com\/wp-content\/uploads\/JosepCarlesLainez_Biografia.jpg","url":"https:\/\/josepcarleslainez.com\/wp-content\/uploads\/JosepCarlesLainez_Biografia.jpg","contentUrl":"https:\/\/josepcarleslainez.com\/wp-content\/uploads\/JosepCarlesLainez_Biografia.jpg","width":571,"height":600,"caption":"Josep Carles La\u00ednez"},"logo":{"@id":"https:\/\/josepcarleslainez.com\/wp-content\/uploads\/JosepCarlesLainez_Biografia.jpg"},"sameAs":["https:\/\/josepcarleslainez.com"],"url":"https:\/\/josepcarleslainez.com\/va\/author\/j_carleslainez\/"}]}},"_links":{"self":[{"href":"https:\/\/josepcarleslainez.com\/va\/wp-json\/wp\/v2\/posts\/1625","targetHints":{"allow":["GET"]}}],"collection":[{"href":"https:\/\/josepcarleslainez.com\/va\/wp-json\/wp\/v2\/posts"}],"about":[{"href":"https:\/\/josepcarleslainez.com\/va\/wp-json\/wp\/v2\/types\/post"}],"author":[{"embeddable":true,"href":"https:\/\/josepcarleslainez.com\/va\/wp-json\/wp\/v2\/users\/2"}],"replies":[{"embeddable":true,"href":"https:\/\/josepcarleslainez.com\/va\/wp-json\/wp\/v2\/comments?post=1625"}],"version-history":[{"count":1,"href":"https:\/\/josepcarleslainez.com\/va\/wp-json\/wp\/v2\/posts\/1625\/revisions"}],"predecessor-version":[{"id":3643,"href":"https:\/\/josepcarleslainez.com\/va\/wp-json\/wp\/v2\/posts\/1625\/revisions\/3643"}],"wp:featuredmedia":[{"embeddable":true,"href":"https:\/\/josepcarleslainez.com\/va\/wp-json\/wp\/v2\/media\/1382"}],"wp:attachment":[{"href":"https:\/\/josepcarleslainez.com\/va\/wp-json\/wp\/v2\/media?parent=1625"}],"wp:term":[{"taxonomy":"category","embeddable":true,"href":"https:\/\/josepcarleslainez.com\/va\/wp-json\/wp\/v2\/categories?post=1625"},{"taxonomy":"post_tag","embeddable":true,"href":"https:\/\/josepcarleslainez.com\/va\/wp-json\/wp\/v2\/tags?post=1625"}],"curies":[{"name":"wp","href":"https:\/\/api.w.org\/{rel}","templated":true}]}}