{"id":1618,"date":"2023-06-30T20:02:06","date_gmt":"2023-06-30T18:02:06","guid":{"rendered":"https:\/\/josepcarleslainez.com\/sin-categorizar\/del-consuelo\/"},"modified":"2025-01-06T12:28:32","modified_gmt":"2025-01-06T11:28:32","slug":"del-consuelo","status":"publish","type":"post","link":"https:\/\/josepcarleslainez.com\/va\/literatura-va\/edicions\/del-consuelo\/","title":{"rendered":"Del consuelo"},"content":{"rendered":"<p>Al llarg de la malaltia i mort de mon pare, ma mare va escriure una s\u00e8rie de poemes en llibretes, quaderns, arxius d\u2019agenda electr\u00f2nica\u2026 Al cap de dos anys d\u2019aquella experi\u00e8ncia, vaig prendre tots aquells escrits, els don\u00ed coher\u00e8ncia, vaig redactar un pr\u00f2leg i els publiqu\u00ed, sense que ella en sabera res. El t\u00edtol al\u00b7ludix a la necessitat de consol despr\u00e9s d\u2019una experi\u00e8ncia tan dolorosa, i aix\u00ed mateix al nom de la cl\u00ednica on tants mesos va estar ingressat mon pare.<\/p>\n<h3 style=\"font-size: 13px; font-weight: 600;\">Carmen La\u00ednez, <em>Del consuelo<\/em>, Val\u00e8ncia, Llambert Palmart, 2008, edici\u00f3.<\/h3>\n","protected":false},"excerpt":{"rendered":"<p>Al llarg de la malaltia i mort de mon pare, ma mare va escriure una s\u00e8rie de poemes en llibretes, quaderns, arxius d\u2019agenda electr\u00f2nica\u2026 Al cap de dos anys d\u2019aquella experi\u00e8ncia, vaig prendre tots aquells escrits, els don\u00ed coher\u00e8ncia, vaig redactar un pr\u00f2leg i els publiqu\u00ed, sense que ella en sabera res. El t\u00edtol al\u00b7ludix&hellip;<\/p>\n","protected":false},"author":2,"featured_media":1356,"comment_status":"closed","ping_status":"closed","sticky":false,"template":"","format":"standard","meta":{"footnotes":""},"categories":[70],"tags":[108],"class_list":["post-1618","post","type-post","status-publish","format-standard","has-post-thumbnail","hentry","category-edicions","tag-2008-va"],"yoast_head":"<!-- This site is optimized with the Yoast SEO plugin v27.4 - https:\/\/yoast.com\/product\/yoast-seo-wordpress\/ -->\n<title>Del consuelo | Josep Carles La\u00ednez<\/title>\n<meta name=\"description\" content=\"Del consuelo. Al llarg de la malaltia i mort de mon pare, ma mare va escriure una s\u00e8rie de poemes en llibretes, quaderns, arxius d\u2019agenda electr\u00f2nica\u2026\" \/>\n<meta name=\"robots\" content=\"index, follow, max-snippet:-1, max-image-preview:large, max-video-preview:-1\" \/>\n<link rel=\"canonical\" href=\"https:\/\/josepcarleslainez.com\/va\/literatura-va\/edicions\/del-consuelo\/\" \/>\n<meta property=\"og:locale\" content=\"en_US\" \/>\n<meta property=\"og:type\" content=\"article\" \/>\n<meta property=\"og:title\" content=\"Del consuelo | Josep Carles La\u00ednez\" \/>\n<meta property=\"og:description\" content=\"Del consuelo. Al llarg de la malaltia i mort de mon pare, ma mare va escriure una s\u00e8rie de poemes en llibretes, quaderns, arxius d\u2019agenda electr\u00f2nica\u2026\" \/>\n<meta property=\"og:url\" content=\"https:\/\/josepcarleslainez.com\/va\/literatura-va\/edicions\/del-consuelo\/\" \/>\n<meta property=\"og:site_name\" content=\"Josep Carles La\u00ednez\" \/>\n<meta property=\"article:published_time\" content=\"2023-06-30T18:02:06+00:00\" \/>\n<meta property=\"article:modified_time\" content=\"2025-01-06T11:28:32+00:00\" \/>\n<meta property=\"og:image\" content=\"https:\/\/josepcarleslainez.com\/wp-content\/uploads\/Carmen-Lainez-Del-consuelo.png\" \/>\n\t<meta property=\"og:image:width\" content=\"400\" \/>\n\t<meta property=\"og:image:height\" content=\"500\" \/>\n\t<meta property=\"og:image:type\" content=\"image\/png\" \/>\n<meta name=\"author\" content=\"Josep Carles La\u00ednez\" \/>\n<meta name=\"twitter:card\" content=\"summary_large_image\" \/>\n<meta name=\"twitter:label1\" content=\"Written by\" \/>\n\t<meta name=\"twitter:data1\" content=\"Josep Carles La\u00ednez\" \/>\n\t<meta name=\"twitter:label2\" content=\"Est. reading time\" \/>\n\t<meta name=\"twitter:data2\" content=\"1 minute\" \/>\n<script type=\"application\/ld+json\" class=\"yoast-schema-graph\">{\"@context\":\"https:\\\/\\\/schema.org\",\"@graph\":[{\"@type\":\"Article\",\"@id\":\"https:\\\/\\\/josepcarleslainez.com\\\/va\\\/literatura-va\\\/edicions\\\/del-consuelo\\\/#article\",\"isPartOf\":{\"@id\":\"https:\\\/\\\/josepcarleslainez.com\\\/va\\\/literatura-va\\\/edicions\\\/del-consuelo\\\/\"},\"author\":{\"name\":\"Josep Carles La\u00ednez\",\"@id\":\"https:\\\/\\\/josepcarleslainez.com\\\/va\\\/#\\\/schema\\\/person\\\/4df12f79903b0a8f8bda77c99ca37ca1\"},\"headline\":\"Del consuelo\",\"datePublished\":\"2023-06-30T18:02:06+00:00\",\"dateModified\":\"2025-01-06T11:28:32+00:00\",\"mainEntityOfPage\":{\"@id\":\"https:\\\/\\\/josepcarleslainez.com\\\/va\\\/literatura-va\\\/edicions\\\/del-consuelo\\\/\"},\"wordCount\":106,\"publisher\":{\"@id\":\"https:\\\/\\\/josepcarleslainez.com\\\/va\\\/#\\\/schema\\\/person\\\/4df12f79903b0a8f8bda77c99ca37ca1\"},\"image\":{\"@id\":\"https:\\\/\\\/josepcarleslainez.com\\\/va\\\/literatura-va\\\/edicions\\\/del-consuelo\\\/#primaryimage\"},\"thumbnailUrl\":\"https:\\\/\\\/josepcarleslainez.com\\\/wp-content\\\/uploads\\\/Carmen-Lainez-Del-consuelo.png\",\"keywords\":[\"2008\"],\"articleSection\":[\"Edicions\"],\"inLanguage\":\"va-ES\"},{\"@type\":[\"WebPage\",\"ItemPage\"],\"@id\":\"https:\\\/\\\/josepcarleslainez.com\\\/va\\\/literatura-va\\\/edicions\\\/del-consuelo\\\/\",\"url\":\"https:\\\/\\\/josepcarleslainez.com\\\/va\\\/literatura-va\\\/edicions\\\/del-consuelo\\\/\",\"name\":\"Del consuelo | Josep Carles La\u00ednez\",\"isPartOf\":{\"@id\":\"https:\\\/\\\/josepcarleslainez.com\\\/va\\\/#website\"},\"primaryImageOfPage\":{\"@id\":\"https:\\\/\\\/josepcarleslainez.com\\\/va\\\/literatura-va\\\/edicions\\\/del-consuelo\\\/#primaryimage\"},\"image\":{\"@id\":\"https:\\\/\\\/josepcarleslainez.com\\\/va\\\/literatura-va\\\/edicions\\\/del-consuelo\\\/#primaryimage\"},\"thumbnailUrl\":\"https:\\\/\\\/josepcarleslainez.com\\\/wp-content\\\/uploads\\\/Carmen-Lainez-Del-consuelo.png\",\"datePublished\":\"2023-06-30T18:02:06+00:00\",\"dateModified\":\"2025-01-06T11:28:32+00:00\",\"description\":\"Del consuelo. Al llarg de la malaltia i mort de mon pare, ma mare va escriure una s\u00e8rie de poemes en llibretes, quaderns, arxius d\u2019agenda electr\u00f2nica\u2026\",\"breadcrumb\":{\"@id\":\"https:\\\/\\\/josepcarleslainez.com\\\/va\\\/literatura-va\\\/edicions\\\/del-consuelo\\\/#breadcrumb\"},\"inLanguage\":\"va-ES\",\"potentialAction\":[{\"@type\":\"ReadAction\",\"target\":[\"https:\\\/\\\/josepcarleslainez.com\\\/va\\\/literatura-va\\\/edicions\\\/del-consuelo\\\/\"]}]},{\"@type\":\"ImageObject\",\"inLanguage\":\"va-ES\",\"@id\":\"https:\\\/\\\/josepcarleslainez.com\\\/va\\\/literatura-va\\\/edicions\\\/del-consuelo\\\/#primaryimage\",\"url\":\"https:\\\/\\\/josepcarleslainez.com\\\/wp-content\\\/uploads\\\/Carmen-Lainez-Del-consuelo.png\",\"contentUrl\":\"https:\\\/\\\/josepcarleslainez.com\\\/wp-content\\\/uploads\\\/Carmen-Lainez-Del-consuelo.png\",\"width\":400,\"height\":500,\"caption\":\"Del consuelo\"},{\"@type\":\"BreadcrumbList\",\"@id\":\"https:\\\/\\\/josepcarleslainez.com\\\/va\\\/literatura-va\\\/edicions\\\/del-consuelo\\\/#breadcrumb\",\"itemListElement\":[{\"@type\":\"ListItem\",\"position\":1,\"name\":\"Inici\",\"item\":\"https:\\\/\\\/josepcarleslainez.com\\\/va\\\/\"},{\"@type\":\"ListItem\",\"position\":2,\"name\":\"Literatura\",\"item\":\"https:\\\/\\\/josepcarleslainez.com\\\/va\\\/categoria\\\/literatura-va\\\/\"},{\"@type\":\"ListItem\",\"position\":3,\"name\":\"Edicions\",\"item\":\"https:\\\/\\\/josepcarleslainez.com\\\/va\\\/categoria\\\/literatura-va\\\/edicions\\\/\"},{\"@type\":\"ListItem\",\"position\":4,\"name\":\"Del consuelo\"}]},{\"@type\":\"WebSite\",\"@id\":\"https:\\\/\\\/josepcarleslainez.com\\\/va\\\/#website\",\"url\":\"https:\\\/\\\/josepcarleslainez.com\\\/va\\\/\",\"name\":\"Josep Carles La\u00ednez\",\"description\":\"Literatura &amp; Arte\",\"publisher\":{\"@id\":\"https:\\\/\\\/josepcarleslainez.com\\\/va\\\/#\\\/schema\\\/person\\\/4df12f79903b0a8f8bda77c99ca37ca1\"},\"potentialAction\":[{\"@type\":\"SearchAction\",\"target\":{\"@type\":\"EntryPoint\",\"urlTemplate\":\"https:\\\/\\\/josepcarleslainez.com\\\/va\\\/?s={search_term_string}\"},\"query-input\":{\"@type\":\"PropertyValueSpecification\",\"valueRequired\":true,\"valueName\":\"search_term_string\"}}],\"inLanguage\":\"va-ES\"},{\"@type\":[\"Person\",\"Organization\"],\"@id\":\"https:\\\/\\\/josepcarleslainez.com\\\/va\\\/#\\\/schema\\\/person\\\/4df12f79903b0a8f8bda77c99ca37ca1\",\"name\":\"Josep Carles La\u00ednez\",\"image\":{\"@type\":\"ImageObject\",\"inLanguage\":\"va-ES\",\"@id\":\"https:\\\/\\\/josepcarleslainez.com\\\/wp-content\\\/uploads\\\/JosepCarlesLainez_Biografia.jpg\",\"url\":\"https:\\\/\\\/josepcarleslainez.com\\\/wp-content\\\/uploads\\\/JosepCarlesLainez_Biografia.jpg\",\"contentUrl\":\"https:\\\/\\\/josepcarleslainez.com\\\/wp-content\\\/uploads\\\/JosepCarlesLainez_Biografia.jpg\",\"width\":571,\"height\":600,\"caption\":\"Josep Carles La\u00ednez\"},\"logo\":{\"@id\":\"https:\\\/\\\/josepcarleslainez.com\\\/wp-content\\\/uploads\\\/JosepCarlesLainez_Biografia.jpg\"},\"sameAs\":[\"https:\\\/\\\/josepcarleslainez.com\"],\"url\":\"https:\\\/\\\/josepcarleslainez.com\\\/va\\\/author\\\/j_carleslainez\\\/\"}]}<\/script>\n<!-- \/ Yoast SEO plugin. -->","yoast_head_json":{"title":"Del consuelo | Josep Carles La\u00ednez","description":"Del consuelo. Al llarg de la malaltia i mort de mon pare, ma mare va escriure una s\u00e8rie de poemes en llibretes, quaderns, arxius d\u2019agenda electr\u00f2nica\u2026","robots":{"index":"index","follow":"follow","max-snippet":"max-snippet:-1","max-image-preview":"max-image-preview:large","max-video-preview":"max-video-preview:-1"},"canonical":"https:\/\/josepcarleslainez.com\/va\/literatura-va\/edicions\/del-consuelo\/","og_locale":"en_US","og_type":"article","og_title":"Del consuelo | Josep Carles La\u00ednez","og_description":"Del consuelo. Al llarg de la malaltia i mort de mon pare, ma mare va escriure una s\u00e8rie de poemes en llibretes, quaderns, arxius d\u2019agenda electr\u00f2nica\u2026","og_url":"https:\/\/josepcarleslainez.com\/va\/literatura-va\/edicions\/del-consuelo\/","og_site_name":"Josep Carles La\u00ednez","article_published_time":"2023-06-30T18:02:06+00:00","article_modified_time":"2025-01-06T11:28:32+00:00","og_image":[{"width":400,"height":500,"url":"https:\/\/josepcarleslainez.com\/wp-content\/uploads\/Carmen-Lainez-Del-consuelo.png","type":"image\/png"}],"author":"Josep Carles La\u00ednez","twitter_card":"summary_large_image","twitter_misc":{"Written by":"Josep Carles La\u00ednez","Est. reading time":"1 minute"},"schema":{"@context":"https:\/\/schema.org","@graph":[{"@type":"Article","@id":"https:\/\/josepcarleslainez.com\/va\/literatura-va\/edicions\/del-consuelo\/#article","isPartOf":{"@id":"https:\/\/josepcarleslainez.com\/va\/literatura-va\/edicions\/del-consuelo\/"},"author":{"name":"Josep Carles La\u00ednez","@id":"https:\/\/josepcarleslainez.com\/va\/#\/schema\/person\/4df12f79903b0a8f8bda77c99ca37ca1"},"headline":"Del consuelo","datePublished":"2023-06-30T18:02:06+00:00","dateModified":"2025-01-06T11:28:32+00:00","mainEntityOfPage":{"@id":"https:\/\/josepcarleslainez.com\/va\/literatura-va\/edicions\/del-consuelo\/"},"wordCount":106,"publisher":{"@id":"https:\/\/josepcarleslainez.com\/va\/#\/schema\/person\/4df12f79903b0a8f8bda77c99ca37ca1"},"image":{"@id":"https:\/\/josepcarleslainez.com\/va\/literatura-va\/edicions\/del-consuelo\/#primaryimage"},"thumbnailUrl":"https:\/\/josepcarleslainez.com\/wp-content\/uploads\/Carmen-Lainez-Del-consuelo.png","keywords":["2008"],"articleSection":["Edicions"],"inLanguage":"va-ES"},{"@type":["WebPage","ItemPage"],"@id":"https:\/\/josepcarleslainez.com\/va\/literatura-va\/edicions\/del-consuelo\/","url":"https:\/\/josepcarleslainez.com\/va\/literatura-va\/edicions\/del-consuelo\/","name":"Del consuelo | Josep Carles La\u00ednez","isPartOf":{"@id":"https:\/\/josepcarleslainez.com\/va\/#website"},"primaryImageOfPage":{"@id":"https:\/\/josepcarleslainez.com\/va\/literatura-va\/edicions\/del-consuelo\/#primaryimage"},"image":{"@id":"https:\/\/josepcarleslainez.com\/va\/literatura-va\/edicions\/del-consuelo\/#primaryimage"},"thumbnailUrl":"https:\/\/josepcarleslainez.com\/wp-content\/uploads\/Carmen-Lainez-Del-consuelo.png","datePublished":"2023-06-30T18:02:06+00:00","dateModified":"2025-01-06T11:28:32+00:00","description":"Del consuelo. Al llarg de la malaltia i mort de mon pare, ma mare va escriure una s\u00e8rie de poemes en llibretes, quaderns, arxius d\u2019agenda electr\u00f2nica\u2026","breadcrumb":{"@id":"https:\/\/josepcarleslainez.com\/va\/literatura-va\/edicions\/del-consuelo\/#breadcrumb"},"inLanguage":"va-ES","potentialAction":[{"@type":"ReadAction","target":["https:\/\/josepcarleslainez.com\/va\/literatura-va\/edicions\/del-consuelo\/"]}]},{"@type":"ImageObject","inLanguage":"va-ES","@id":"https:\/\/josepcarleslainez.com\/va\/literatura-va\/edicions\/del-consuelo\/#primaryimage","url":"https:\/\/josepcarleslainez.com\/wp-content\/uploads\/Carmen-Lainez-Del-consuelo.png","contentUrl":"https:\/\/josepcarleslainez.com\/wp-content\/uploads\/Carmen-Lainez-Del-consuelo.png","width":400,"height":500,"caption":"Del consuelo"},{"@type":"BreadcrumbList","@id":"https:\/\/josepcarleslainez.com\/va\/literatura-va\/edicions\/del-consuelo\/#breadcrumb","itemListElement":[{"@type":"ListItem","position":1,"name":"Inici","item":"https:\/\/josepcarleslainez.com\/va\/"},{"@type":"ListItem","position":2,"name":"Literatura","item":"https:\/\/josepcarleslainez.com\/va\/categoria\/literatura-va\/"},{"@type":"ListItem","position":3,"name":"Edicions","item":"https:\/\/josepcarleslainez.com\/va\/categoria\/literatura-va\/edicions\/"},{"@type":"ListItem","position":4,"name":"Del consuelo"}]},{"@type":"WebSite","@id":"https:\/\/josepcarleslainez.com\/va\/#website","url":"https:\/\/josepcarleslainez.com\/va\/","name":"Josep Carles La\u00ednez","description":"Literatura &amp; Arte","publisher":{"@id":"https:\/\/josepcarleslainez.com\/va\/#\/schema\/person\/4df12f79903b0a8f8bda77c99ca37ca1"},"potentialAction":[{"@type":"SearchAction","target":{"@type":"EntryPoint","urlTemplate":"https:\/\/josepcarleslainez.com\/va\/?s={search_term_string}"},"query-input":{"@type":"PropertyValueSpecification","valueRequired":true,"valueName":"search_term_string"}}],"inLanguage":"va-ES"},{"@type":["Person","Organization"],"@id":"https:\/\/josepcarleslainez.com\/va\/#\/schema\/person\/4df12f79903b0a8f8bda77c99ca37ca1","name":"Josep Carles La\u00ednez","image":{"@type":"ImageObject","inLanguage":"va-ES","@id":"https:\/\/josepcarleslainez.com\/wp-content\/uploads\/JosepCarlesLainez_Biografia.jpg","url":"https:\/\/josepcarleslainez.com\/wp-content\/uploads\/JosepCarlesLainez_Biografia.jpg","contentUrl":"https:\/\/josepcarleslainez.com\/wp-content\/uploads\/JosepCarlesLainez_Biografia.jpg","width":571,"height":600,"caption":"Josep Carles La\u00ednez"},"logo":{"@id":"https:\/\/josepcarleslainez.com\/wp-content\/uploads\/JosepCarlesLainez_Biografia.jpg"},"sameAs":["https:\/\/josepcarleslainez.com"],"url":"https:\/\/josepcarleslainez.com\/va\/author\/j_carleslainez\/"}]}},"_links":{"self":[{"href":"https:\/\/josepcarleslainez.com\/va\/wp-json\/wp\/v2\/posts\/1618","targetHints":{"allow":["GET"]}}],"collection":[{"href":"https:\/\/josepcarleslainez.com\/va\/wp-json\/wp\/v2\/posts"}],"about":[{"href":"https:\/\/josepcarleslainez.com\/va\/wp-json\/wp\/v2\/types\/post"}],"author":[{"embeddable":true,"href":"https:\/\/josepcarleslainez.com\/va\/wp-json\/wp\/v2\/users\/2"}],"replies":[{"embeddable":true,"href":"https:\/\/josepcarleslainez.com\/va\/wp-json\/wp\/v2\/comments?post=1618"}],"version-history":[{"count":1,"href":"https:\/\/josepcarleslainez.com\/va\/wp-json\/wp\/v2\/posts\/1618\/revisions"}],"predecessor-version":[{"id":3636,"href":"https:\/\/josepcarleslainez.com\/va\/wp-json\/wp\/v2\/posts\/1618\/revisions\/3636"}],"wp:featuredmedia":[{"embeddable":true,"href":"https:\/\/josepcarleslainez.com\/va\/wp-json\/wp\/v2\/media\/1356"}],"wp:attachment":[{"href":"https:\/\/josepcarleslainez.com\/va\/wp-json\/wp\/v2\/media?parent=1618"}],"wp:term":[{"taxonomy":"category","embeddable":true,"href":"https:\/\/josepcarleslainez.com\/va\/wp-json\/wp\/v2\/categories?post=1618"},{"taxonomy":"post_tag","embeddable":true,"href":"https:\/\/josepcarleslainez.com\/va\/wp-json\/wp\/v2\/tags?post=1618"}],"curies":[{"name":"wp","href":"https:\/\/api.w.org\/{rel}","templated":true}]}}