{"id":1607,"date":"2023-06-29T13:34:01","date_gmt":"2023-06-29T11:34:01","guid":{"rendered":"https:\/\/josepcarleslainez.com\/sin-categorizar\/trilogia-del-circulo-de-ur\/"},"modified":"2025-01-06T12:28:29","modified_gmt":"2025-01-06T11:28:29","slug":"trilogia-del-circulo-de-ur","status":"publish","type":"post","link":"https:\/\/josepcarleslainez.com\/va\/literatura-va\/assaig\/trilogia-del-circulo-de-ur\/","title":{"rendered":"Trilog\u00eda del C\u00edrculo de Ur"},"content":{"rendered":"<p>Entre 2017 i 2021, escrigu\u00ed i dirig\u00ed tres \u201critus\u201d, \u00e9s a dir, tres films de curt metratge, que han de ser considerats la plasmaci\u00f3 est\u00e8tica de l\u2019espiritualitat del C\u00edrculo de Ur. Este volum, que considere una mena de <em>memoir<\/em>, arreplega diversos textos que il\u00b7luminen cascuna de tals peces en el seu context art\u00edstic i teol\u00f2gic, aix\u00ed com abundant material gr\u00e0fic.<\/p>\n<h3 style=\"font-size: 13px; font-weight: 600;\"><em>Trilog\u00eda del C\u00edrculo de Ur<\/em>, Val\u00e8ncia, Gudua Deisdea-GH Records, 2022.<\/h3>\n","protected":false},"excerpt":{"rendered":"<p>Entre 2017 i 2021, escrigu\u00ed i dirig\u00ed tres \u201critus\u201d, \u00e9s a dir, tres films de curt metratge, que han de ser considerats la plasmaci\u00f3 est\u00e8tica de l\u2019espiritualitat del C\u00edrculo de Ur. Este volum, que considere una mena de memoir, arreplega diversos textos que il\u00b7luminen cascuna de tals peces en el seu context art\u00edstic i teol\u00f2gic,&hellip;<\/p>\n","protected":false},"author":2,"featured_media":1308,"comment_status":"closed","ping_status":"closed","sticky":false,"template":"","format":"standard","meta":{"footnotes":""},"categories":[64],"tags":[69],"class_list":["post-1607","post","type-post","status-publish","format-standard","has-post-thumbnail","hentry","category-assaig","tag-2022-va"],"yoast_head":"<!-- This site is optimized with the Yoast SEO plugin v27.4 - https:\/\/yoast.com\/product\/yoast-seo-wordpress\/ -->\n<title>Trilog\u00eda del C\u00edrculo de Ur | Josep Carles La\u00ednez<\/title>\n<meta name=\"description\" content=\"Trilog\u00eda del C\u00edrculo de Ur. Entre 2017 i 2021, escrigu\u00ed i dirig\u00ed tres \u201critus\u201d, \u00e9s a dir, tres films de curt metratge, que han de ser considerats\" \/>\n<meta name=\"robots\" content=\"index, follow, max-snippet:-1, max-image-preview:large, max-video-preview:-1\" \/>\n<link rel=\"canonical\" href=\"https:\/\/josepcarleslainez.com\/va\/literatura-va\/assaig\/trilogia-del-circulo-de-ur\/\" \/>\n<meta property=\"og:locale\" content=\"en_US\" \/>\n<meta property=\"og:type\" content=\"article\" \/>\n<meta property=\"og:title\" content=\"Trilog\u00eda del C\u00edrculo de Ur | Josep Carles La\u00ednez\" \/>\n<meta property=\"og:description\" content=\"Trilog\u00eda del C\u00edrculo de Ur. Entre 2017 i 2021, escrigu\u00ed i dirig\u00ed tres \u201critus\u201d, \u00e9s a dir, tres films de curt metratge, que han de ser considerats\" \/>\n<meta property=\"og:url\" content=\"https:\/\/josepcarleslainez.com\/va\/literatura-va\/assaig\/trilogia-del-circulo-de-ur\/\" \/>\n<meta property=\"og:site_name\" content=\"Josep Carles La\u00ednez\" \/>\n<meta property=\"article:published_time\" content=\"2023-06-29T11:34:01+00:00\" \/>\n<meta property=\"article:modified_time\" content=\"2025-01-06T11:28:29+00:00\" \/>\n<meta property=\"og:image\" content=\"https:\/\/josepcarleslainez.com\/wp-content\/uploads\/Trilogia-del-Circulo-de-Ur.png\" \/>\n\t<meta property=\"og:image:width\" content=\"400\" \/>\n\t<meta property=\"og:image:height\" content=\"500\" \/>\n\t<meta property=\"og:image:type\" content=\"image\/png\" \/>\n<meta name=\"author\" content=\"Josep Carles La\u00ednez\" \/>\n<meta name=\"twitter:card\" content=\"summary_large_image\" \/>\n<meta name=\"twitter:label1\" content=\"Written by\" \/>\n\t<meta name=\"twitter:data1\" content=\"Josep Carles La\u00ednez\" \/>\n\t<meta name=\"twitter:label2\" content=\"Est. reading time\" \/>\n\t<meta name=\"twitter:data2\" content=\"1 minute\" \/>\n<script type=\"application\/ld+json\" class=\"yoast-schema-graph\">{\"@context\":\"https:\\\/\\\/schema.org\",\"@graph\":[{\"@type\":\"Article\",\"@id\":\"https:\\\/\\\/josepcarleslainez.com\\\/va\\\/literatura-va\\\/assaig\\\/trilogia-del-circulo-de-ur\\\/#article\",\"isPartOf\":{\"@id\":\"https:\\\/\\\/josepcarleslainez.com\\\/va\\\/literatura-va\\\/assaig\\\/trilogia-del-circulo-de-ur\\\/\"},\"author\":{\"name\":\"Josep Carles La\u00ednez\",\"@id\":\"https:\\\/\\\/josepcarleslainez.com\\\/va\\\/#\\\/schema\\\/person\\\/4df12f79903b0a8f8bda77c99ca37ca1\"},\"headline\":\"Trilog\u00eda del C\u00edrculo de Ur\",\"datePublished\":\"2023-06-29T11:34:01+00:00\",\"dateModified\":\"2025-01-06T11:28:29+00:00\",\"mainEntityOfPage\":{\"@id\":\"https:\\\/\\\/josepcarleslainez.com\\\/va\\\/literatura-va\\\/assaig\\\/trilogia-del-circulo-de-ur\\\/\"},\"wordCount\":84,\"publisher\":{\"@id\":\"https:\\\/\\\/josepcarleslainez.com\\\/va\\\/#\\\/schema\\\/person\\\/4df12f79903b0a8f8bda77c99ca37ca1\"},\"image\":{\"@id\":\"https:\\\/\\\/josepcarleslainez.com\\\/va\\\/literatura-va\\\/assaig\\\/trilogia-del-circulo-de-ur\\\/#primaryimage\"},\"thumbnailUrl\":\"https:\\\/\\\/josepcarleslainez.com\\\/wp-content\\\/uploads\\\/Trilogia-del-Circulo-de-Ur.png\",\"keywords\":[\"2022\"],\"articleSection\":[\"Assaig\"],\"inLanguage\":\"va-ES\"},{\"@type\":[\"WebPage\",\"ItemPage\"],\"@id\":\"https:\\\/\\\/josepcarleslainez.com\\\/va\\\/literatura-va\\\/assaig\\\/trilogia-del-circulo-de-ur\\\/\",\"url\":\"https:\\\/\\\/josepcarleslainez.com\\\/va\\\/literatura-va\\\/assaig\\\/trilogia-del-circulo-de-ur\\\/\",\"name\":\"Trilog\u00eda del C\u00edrculo de Ur | Josep Carles La\u00ednez\",\"isPartOf\":{\"@id\":\"https:\\\/\\\/josepcarleslainez.com\\\/va\\\/#website\"},\"primaryImageOfPage\":{\"@id\":\"https:\\\/\\\/josepcarleslainez.com\\\/va\\\/literatura-va\\\/assaig\\\/trilogia-del-circulo-de-ur\\\/#primaryimage\"},\"image\":{\"@id\":\"https:\\\/\\\/josepcarleslainez.com\\\/va\\\/literatura-va\\\/assaig\\\/trilogia-del-circulo-de-ur\\\/#primaryimage\"},\"thumbnailUrl\":\"https:\\\/\\\/josepcarleslainez.com\\\/wp-content\\\/uploads\\\/Trilogia-del-Circulo-de-Ur.png\",\"datePublished\":\"2023-06-29T11:34:01+00:00\",\"dateModified\":\"2025-01-06T11:28:29+00:00\",\"description\":\"Trilog\u00eda del C\u00edrculo de Ur. Entre 2017 i 2021, escrigu\u00ed i dirig\u00ed tres \u201critus\u201d, \u00e9s a dir, tres films de curt metratge, que han de ser considerats\",\"breadcrumb\":{\"@id\":\"https:\\\/\\\/josepcarleslainez.com\\\/va\\\/literatura-va\\\/assaig\\\/trilogia-del-circulo-de-ur\\\/#breadcrumb\"},\"inLanguage\":\"va-ES\",\"potentialAction\":[{\"@type\":\"ReadAction\",\"target\":[\"https:\\\/\\\/josepcarleslainez.com\\\/va\\\/literatura-va\\\/assaig\\\/trilogia-del-circulo-de-ur\\\/\"]}]},{\"@type\":\"ImageObject\",\"inLanguage\":\"va-ES\",\"@id\":\"https:\\\/\\\/josepcarleslainez.com\\\/va\\\/literatura-va\\\/assaig\\\/trilogia-del-circulo-de-ur\\\/#primaryimage\",\"url\":\"https:\\\/\\\/josepcarleslainez.com\\\/wp-content\\\/uploads\\\/Trilogia-del-Circulo-de-Ur.png\",\"contentUrl\":\"https:\\\/\\\/josepcarleslainez.com\\\/wp-content\\\/uploads\\\/Trilogia-del-Circulo-de-Ur.png\",\"width\":400,\"height\":500,\"caption\":\"Trilog\u00eda del C\u00edrculo de Ur\"},{\"@type\":\"BreadcrumbList\",\"@id\":\"https:\\\/\\\/josepcarleslainez.com\\\/va\\\/literatura-va\\\/assaig\\\/trilogia-del-circulo-de-ur\\\/#breadcrumb\",\"itemListElement\":[{\"@type\":\"ListItem\",\"position\":1,\"name\":\"Inici\",\"item\":\"https:\\\/\\\/josepcarleslainez.com\\\/va\\\/\"},{\"@type\":\"ListItem\",\"position\":2,\"name\":\"Literatura\",\"item\":\"https:\\\/\\\/josepcarleslainez.com\\\/va\\\/categoria\\\/literatura-va\\\/\"},{\"@type\":\"ListItem\",\"position\":3,\"name\":\"Assaig\",\"item\":\"https:\\\/\\\/josepcarleslainez.com\\\/va\\\/categoria\\\/literatura-va\\\/assaig\\\/\"},{\"@type\":\"ListItem\",\"position\":4,\"name\":\"Trilog\u00eda del C\u00edrculo de Ur\"}]},{\"@type\":\"WebSite\",\"@id\":\"https:\\\/\\\/josepcarleslainez.com\\\/va\\\/#website\",\"url\":\"https:\\\/\\\/josepcarleslainez.com\\\/va\\\/\",\"name\":\"Josep Carles La\u00ednez\",\"description\":\"Literatura &amp; Arte\",\"publisher\":{\"@id\":\"https:\\\/\\\/josepcarleslainez.com\\\/va\\\/#\\\/schema\\\/person\\\/4df12f79903b0a8f8bda77c99ca37ca1\"},\"potentialAction\":[{\"@type\":\"SearchAction\",\"target\":{\"@type\":\"EntryPoint\",\"urlTemplate\":\"https:\\\/\\\/josepcarleslainez.com\\\/va\\\/?s={search_term_string}\"},\"query-input\":{\"@type\":\"PropertyValueSpecification\",\"valueRequired\":true,\"valueName\":\"search_term_string\"}}],\"inLanguage\":\"va-ES\"},{\"@type\":[\"Person\",\"Organization\"],\"@id\":\"https:\\\/\\\/josepcarleslainez.com\\\/va\\\/#\\\/schema\\\/person\\\/4df12f79903b0a8f8bda77c99ca37ca1\",\"name\":\"Josep Carles La\u00ednez\",\"image\":{\"@type\":\"ImageObject\",\"inLanguage\":\"va-ES\",\"@id\":\"https:\\\/\\\/josepcarleslainez.com\\\/wp-content\\\/uploads\\\/JosepCarlesLainez_Biografia.jpg\",\"url\":\"https:\\\/\\\/josepcarleslainez.com\\\/wp-content\\\/uploads\\\/JosepCarlesLainez_Biografia.jpg\",\"contentUrl\":\"https:\\\/\\\/josepcarleslainez.com\\\/wp-content\\\/uploads\\\/JosepCarlesLainez_Biografia.jpg\",\"width\":571,\"height\":600,\"caption\":\"Josep Carles La\u00ednez\"},\"logo\":{\"@id\":\"https:\\\/\\\/josepcarleslainez.com\\\/wp-content\\\/uploads\\\/JosepCarlesLainez_Biografia.jpg\"},\"sameAs\":[\"https:\\\/\\\/josepcarleslainez.com\"],\"url\":\"https:\\\/\\\/josepcarleslainez.com\\\/va\\\/author\\\/j_carleslainez\\\/\"}]}<\/script>\n<!-- \/ Yoast SEO plugin. -->","yoast_head_json":{"title":"Trilog\u00eda del C\u00edrculo de Ur | Josep Carles La\u00ednez","description":"Trilog\u00eda del C\u00edrculo de Ur. Entre 2017 i 2021, escrigu\u00ed i dirig\u00ed tres \u201critus\u201d, \u00e9s a dir, tres films de curt metratge, que han de ser considerats","robots":{"index":"index","follow":"follow","max-snippet":"max-snippet:-1","max-image-preview":"max-image-preview:large","max-video-preview":"max-video-preview:-1"},"canonical":"https:\/\/josepcarleslainez.com\/va\/literatura-va\/assaig\/trilogia-del-circulo-de-ur\/","og_locale":"en_US","og_type":"article","og_title":"Trilog\u00eda del C\u00edrculo de Ur | Josep Carles La\u00ednez","og_description":"Trilog\u00eda del C\u00edrculo de Ur. Entre 2017 i 2021, escrigu\u00ed i dirig\u00ed tres \u201critus\u201d, \u00e9s a dir, tres films de curt metratge, que han de ser considerats","og_url":"https:\/\/josepcarleslainez.com\/va\/literatura-va\/assaig\/trilogia-del-circulo-de-ur\/","og_site_name":"Josep Carles La\u00ednez","article_published_time":"2023-06-29T11:34:01+00:00","article_modified_time":"2025-01-06T11:28:29+00:00","og_image":[{"width":400,"height":500,"url":"https:\/\/josepcarleslainez.com\/wp-content\/uploads\/Trilogia-del-Circulo-de-Ur.png","type":"image\/png"}],"author":"Josep Carles La\u00ednez","twitter_card":"summary_large_image","twitter_misc":{"Written by":"Josep Carles La\u00ednez","Est. reading time":"1 minute"},"schema":{"@context":"https:\/\/schema.org","@graph":[{"@type":"Article","@id":"https:\/\/josepcarleslainez.com\/va\/literatura-va\/assaig\/trilogia-del-circulo-de-ur\/#article","isPartOf":{"@id":"https:\/\/josepcarleslainez.com\/va\/literatura-va\/assaig\/trilogia-del-circulo-de-ur\/"},"author":{"name":"Josep Carles La\u00ednez","@id":"https:\/\/josepcarleslainez.com\/va\/#\/schema\/person\/4df12f79903b0a8f8bda77c99ca37ca1"},"headline":"Trilog\u00eda del C\u00edrculo de Ur","datePublished":"2023-06-29T11:34:01+00:00","dateModified":"2025-01-06T11:28:29+00:00","mainEntityOfPage":{"@id":"https:\/\/josepcarleslainez.com\/va\/literatura-va\/assaig\/trilogia-del-circulo-de-ur\/"},"wordCount":84,"publisher":{"@id":"https:\/\/josepcarleslainez.com\/va\/#\/schema\/person\/4df12f79903b0a8f8bda77c99ca37ca1"},"image":{"@id":"https:\/\/josepcarleslainez.com\/va\/literatura-va\/assaig\/trilogia-del-circulo-de-ur\/#primaryimage"},"thumbnailUrl":"https:\/\/josepcarleslainez.com\/wp-content\/uploads\/Trilogia-del-Circulo-de-Ur.png","keywords":["2022"],"articleSection":["Assaig"],"inLanguage":"va-ES"},{"@type":["WebPage","ItemPage"],"@id":"https:\/\/josepcarleslainez.com\/va\/literatura-va\/assaig\/trilogia-del-circulo-de-ur\/","url":"https:\/\/josepcarleslainez.com\/va\/literatura-va\/assaig\/trilogia-del-circulo-de-ur\/","name":"Trilog\u00eda del C\u00edrculo de Ur | Josep Carles La\u00ednez","isPartOf":{"@id":"https:\/\/josepcarleslainez.com\/va\/#website"},"primaryImageOfPage":{"@id":"https:\/\/josepcarleslainez.com\/va\/literatura-va\/assaig\/trilogia-del-circulo-de-ur\/#primaryimage"},"image":{"@id":"https:\/\/josepcarleslainez.com\/va\/literatura-va\/assaig\/trilogia-del-circulo-de-ur\/#primaryimage"},"thumbnailUrl":"https:\/\/josepcarleslainez.com\/wp-content\/uploads\/Trilogia-del-Circulo-de-Ur.png","datePublished":"2023-06-29T11:34:01+00:00","dateModified":"2025-01-06T11:28:29+00:00","description":"Trilog\u00eda del C\u00edrculo de Ur. Entre 2017 i 2021, escrigu\u00ed i dirig\u00ed tres \u201critus\u201d, \u00e9s a dir, tres films de curt metratge, que han de ser considerats","breadcrumb":{"@id":"https:\/\/josepcarleslainez.com\/va\/literatura-va\/assaig\/trilogia-del-circulo-de-ur\/#breadcrumb"},"inLanguage":"va-ES","potentialAction":[{"@type":"ReadAction","target":["https:\/\/josepcarleslainez.com\/va\/literatura-va\/assaig\/trilogia-del-circulo-de-ur\/"]}]},{"@type":"ImageObject","inLanguage":"va-ES","@id":"https:\/\/josepcarleslainez.com\/va\/literatura-va\/assaig\/trilogia-del-circulo-de-ur\/#primaryimage","url":"https:\/\/josepcarleslainez.com\/wp-content\/uploads\/Trilogia-del-Circulo-de-Ur.png","contentUrl":"https:\/\/josepcarleslainez.com\/wp-content\/uploads\/Trilogia-del-Circulo-de-Ur.png","width":400,"height":500,"caption":"Trilog\u00eda del C\u00edrculo de Ur"},{"@type":"BreadcrumbList","@id":"https:\/\/josepcarleslainez.com\/va\/literatura-va\/assaig\/trilogia-del-circulo-de-ur\/#breadcrumb","itemListElement":[{"@type":"ListItem","position":1,"name":"Inici","item":"https:\/\/josepcarleslainez.com\/va\/"},{"@type":"ListItem","position":2,"name":"Literatura","item":"https:\/\/josepcarleslainez.com\/va\/categoria\/literatura-va\/"},{"@type":"ListItem","position":3,"name":"Assaig","item":"https:\/\/josepcarleslainez.com\/va\/categoria\/literatura-va\/assaig\/"},{"@type":"ListItem","position":4,"name":"Trilog\u00eda del C\u00edrculo de Ur"}]},{"@type":"WebSite","@id":"https:\/\/josepcarleslainez.com\/va\/#website","url":"https:\/\/josepcarleslainez.com\/va\/","name":"Josep Carles La\u00ednez","description":"Literatura &amp; Arte","publisher":{"@id":"https:\/\/josepcarleslainez.com\/va\/#\/schema\/person\/4df12f79903b0a8f8bda77c99ca37ca1"},"potentialAction":[{"@type":"SearchAction","target":{"@type":"EntryPoint","urlTemplate":"https:\/\/josepcarleslainez.com\/va\/?s={search_term_string}"},"query-input":{"@type":"PropertyValueSpecification","valueRequired":true,"valueName":"search_term_string"}}],"inLanguage":"va-ES"},{"@type":["Person","Organization"],"@id":"https:\/\/josepcarleslainez.com\/va\/#\/schema\/person\/4df12f79903b0a8f8bda77c99ca37ca1","name":"Josep Carles La\u00ednez","image":{"@type":"ImageObject","inLanguage":"va-ES","@id":"https:\/\/josepcarleslainez.com\/wp-content\/uploads\/JosepCarlesLainez_Biografia.jpg","url":"https:\/\/josepcarleslainez.com\/wp-content\/uploads\/JosepCarlesLainez_Biografia.jpg","contentUrl":"https:\/\/josepcarleslainez.com\/wp-content\/uploads\/JosepCarlesLainez_Biografia.jpg","width":571,"height":600,"caption":"Josep Carles La\u00ednez"},"logo":{"@id":"https:\/\/josepcarleslainez.com\/wp-content\/uploads\/JosepCarlesLainez_Biografia.jpg"},"sameAs":["https:\/\/josepcarleslainez.com"],"url":"https:\/\/josepcarleslainez.com\/va\/author\/j_carleslainez\/"}]}},"_links":{"self":[{"href":"https:\/\/josepcarleslainez.com\/va\/wp-json\/wp\/v2\/posts\/1607","targetHints":{"allow":["GET"]}}],"collection":[{"href":"https:\/\/josepcarleslainez.com\/va\/wp-json\/wp\/v2\/posts"}],"about":[{"href":"https:\/\/josepcarleslainez.com\/va\/wp-json\/wp\/v2\/types\/post"}],"author":[{"embeddable":true,"href":"https:\/\/josepcarleslainez.com\/va\/wp-json\/wp\/v2\/users\/2"}],"replies":[{"embeddable":true,"href":"https:\/\/josepcarleslainez.com\/va\/wp-json\/wp\/v2\/comments?post=1607"}],"version-history":[{"count":1,"href":"https:\/\/josepcarleslainez.com\/va\/wp-json\/wp\/v2\/posts\/1607\/revisions"}],"predecessor-version":[{"id":3612,"href":"https:\/\/josepcarleslainez.com\/va\/wp-json\/wp\/v2\/posts\/1607\/revisions\/3612"}],"wp:featuredmedia":[{"embeddable":true,"href":"https:\/\/josepcarleslainez.com\/va\/wp-json\/wp\/v2\/media\/1308"}],"wp:attachment":[{"href":"https:\/\/josepcarleslainez.com\/va\/wp-json\/wp\/v2\/media?parent=1607"}],"wp:term":[{"taxonomy":"category","embeddable":true,"href":"https:\/\/josepcarleslainez.com\/va\/wp-json\/wp\/v2\/categories?post=1607"},{"taxonomy":"post_tag","embeddable":true,"href":"https:\/\/josepcarleslainez.com\/va\/wp-json\/wp\/v2\/tags?post=1607"}],"curies":[{"name":"wp","href":"https:\/\/api.w.org\/{rel}","templated":true}]}}