{"id":1599,"date":"2023-03-20T11:28:24","date_gmt":"2023-03-20T10:28:24","guid":{"rendered":"https:\/\/josepcarleslainez.com\/sin-categorizar\/aqui-la-noche-tiene-el-nombre-de-valeria\/"},"modified":"2025-01-06T12:28:32","modified_gmt":"2025-01-06T11:28:32","slug":"aqui-la-noche-tiene-el-nombre-de-valeria","status":"publish","type":"post","link":"https:\/\/josepcarleslainez.com\/va\/literatura-va\/narrativa-va\/aqui-la-noche-tiene-el-nombre-de-valeria\/","title":{"rendered":"Aqu\u00ed la noche tiene el nombre de Valeria"},"content":{"rendered":"<p>Llibre dif\u00edcilment classificable quant al g\u00e8nere: aforisme, diari, poema en prosa, relat\u2026 Hi ha, per damunt de tot, la viv\u00e8ncia d\u2019una terra que senc pr\u00f2pia, perqu\u00e8 els meus avantpassats hi han habitat durant segles, per\u00f2 tamb\u00e9 necessite vincular eixa geografia amb all\u00f2 que ens feu com som: Roma, de la qual tants vestigis romanen a Castella i, en concret, a la prov\u00edncia de Conca. El text est\u00e0 subjecte a m\u00faltiples lectures. En un moment determinat sentencie: \u201cEste llibre \u00e9s una teoria de Castella\u201d, i aix\u00ed el vaig concebre. La q\u00fcesti\u00f3 de Castella, de qu\u00e8 \u00e9s, qu\u00e8 va ser i qu\u00e8 significa en l\u2019actualitat traspua totes les seues paraules. Paral\u00b7lel ad este motor, es descobrix una segona l\u00ednia narrativa en la qual l\u2019Antiguitat, a trav\u00e9s de les ru\u00efnes de Valeria, s\u2019entrella\u00e7a amb el present. En la conflu\u00e8ncia de totes dues vies, i en els personatges fantasmals que les habiten, florix este llibre estrany i breu.<\/p>\n<h3 style=\"font-size: 13px; font-weight: 600;\"><em>Aqu\u00ed la noche tiene el nombre de Valeria<\/em>, Val\u00e8ncia, Instituci\u00f3 Alfons el Magn\u00e0nim, 2007.<\/h3>\n","protected":false},"excerpt":{"rendered":"<p>Llibre dif\u00edcilment classificable quant al g\u00e8nere: aforisme, diari, poema en prosa, relat\u2026 Hi ha, per damunt de tot, la viv\u00e8ncia d\u2019una terra que senc pr\u00f2pia, perqu\u00e8 els meus avantpassats hi han habitat durant segles, per\u00f2 tamb\u00e9 necessite vincular eixa geografia amb all\u00f2 que ens feu com som: Roma, de la qual tants vestigis romanen a&hellip;<\/p>\n","protected":false},"author":2,"featured_media":1270,"comment_status":"closed","ping_status":"closed","sticky":false,"template":"","format":"standard","meta":{"footnotes":""},"categories":[96],"tags":[106],"class_list":["post-1599","post","type-post","status-publish","format-standard","has-post-thumbnail","hentry","category-narrativa-va","tag-2007-va"],"yoast_head":"<!-- This site is optimized with the Yoast SEO plugin v27.4 - https:\/\/yoast.com\/product\/yoast-seo-wordpress\/ -->\n<title>Aqu\u00ed la noche tiene el nombre de Valeria | Josep Carles La\u00ednez<\/title>\n<meta name=\"description\" content=\"Aqu\u00ed la noche tiene el nombre de Valeria. Llibre dif\u00edcilment classificable quant al g\u00e8nere: aforisme, diari, poema en prosa, relat\u2026\" \/>\n<meta name=\"robots\" content=\"index, follow, max-snippet:-1, max-image-preview:large, max-video-preview:-1\" \/>\n<link rel=\"canonical\" href=\"https:\/\/josepcarleslainez.com\/va\/literatura-va\/narrativa-va\/aqui-la-noche-tiene-el-nombre-de-valeria\/\" \/>\n<meta property=\"og:locale\" content=\"en_US\" \/>\n<meta property=\"og:type\" content=\"article\" \/>\n<meta property=\"og:title\" content=\"Aqu\u00ed la noche tiene el nombre de Valeria | Josep Carles La\u00ednez\" \/>\n<meta property=\"og:description\" content=\"Aqu\u00ed la noche tiene el nombre de Valeria. Llibre dif\u00edcilment classificable quant al g\u00e8nere: aforisme, diari, poema en prosa, relat\u2026\" \/>\n<meta property=\"og:url\" content=\"https:\/\/josepcarleslainez.com\/va\/literatura-va\/narrativa-va\/aqui-la-noche-tiene-el-nombre-de-valeria\/\" \/>\n<meta property=\"og:site_name\" content=\"Josep Carles La\u00ednez\" \/>\n<meta property=\"article:published_time\" content=\"2023-03-20T10:28:24+00:00\" \/>\n<meta property=\"article:modified_time\" content=\"2025-01-06T11:28:32+00:00\" \/>\n<meta property=\"og:image\" content=\"https:\/\/josepcarleslainez.com\/wp-content\/uploads\/Aqui-la-noche-tiene-el-nombre-de-Valeria.png\" \/>\n\t<meta property=\"og:image:width\" content=\"400\" \/>\n\t<meta property=\"og:image:height\" content=\"500\" \/>\n\t<meta property=\"og:image:type\" content=\"image\/png\" \/>\n<meta name=\"author\" content=\"Josep Carles La\u00ednez\" \/>\n<meta name=\"twitter:card\" content=\"summary_large_image\" \/>\n<meta name=\"twitter:label1\" content=\"Written by\" \/>\n\t<meta name=\"twitter:data1\" content=\"Josep Carles La\u00ednez\" \/>\n\t<meta name=\"twitter:label2\" content=\"Est. reading time\" \/>\n\t<meta name=\"twitter:data2\" content=\"1 minute\" \/>\n<script type=\"application\/ld+json\" class=\"yoast-schema-graph\">{\"@context\":\"https:\\\/\\\/schema.org\",\"@graph\":[{\"@type\":\"Article\",\"@id\":\"https:\\\/\\\/josepcarleslainez.com\\\/va\\\/literatura-va\\\/narrativa-va\\\/aqui-la-noche-tiene-el-nombre-de-valeria\\\/#article\",\"isPartOf\":{\"@id\":\"https:\\\/\\\/josepcarleslainez.com\\\/va\\\/literatura-va\\\/narrativa-va\\\/aqui-la-noche-tiene-el-nombre-de-valeria\\\/\"},\"author\":{\"name\":\"Josep Carles La\u00ednez\",\"@id\":\"https:\\\/\\\/josepcarleslainez.com\\\/va\\\/#\\\/schema\\\/person\\\/4df12f79903b0a8f8bda77c99ca37ca1\"},\"headline\":\"Aqu\u00ed la noche tiene el nombre de Valeria\",\"datePublished\":\"2023-03-20T10:28:24+00:00\",\"dateModified\":\"2025-01-06T11:28:32+00:00\",\"mainEntityOfPage\":{\"@id\":\"https:\\\/\\\/josepcarleslainez.com\\\/va\\\/literatura-va\\\/narrativa-va\\\/aqui-la-noche-tiene-el-nombre-de-valeria\\\/\"},\"wordCount\":194,\"publisher\":{\"@id\":\"https:\\\/\\\/josepcarleslainez.com\\\/va\\\/#\\\/schema\\\/person\\\/4df12f79903b0a8f8bda77c99ca37ca1\"},\"image\":{\"@id\":\"https:\\\/\\\/josepcarleslainez.com\\\/va\\\/literatura-va\\\/narrativa-va\\\/aqui-la-noche-tiene-el-nombre-de-valeria\\\/#primaryimage\"},\"thumbnailUrl\":\"https:\\\/\\\/josepcarleslainez.com\\\/wp-content\\\/uploads\\\/Aqui-la-noche-tiene-el-nombre-de-Valeria.png\",\"keywords\":[\"2007\"],\"articleSection\":[\"Narrativa\"],\"inLanguage\":\"va-ES\"},{\"@type\":[\"WebPage\",\"ItemPage\"],\"@id\":\"https:\\\/\\\/josepcarleslainez.com\\\/va\\\/literatura-va\\\/narrativa-va\\\/aqui-la-noche-tiene-el-nombre-de-valeria\\\/\",\"url\":\"https:\\\/\\\/josepcarleslainez.com\\\/va\\\/literatura-va\\\/narrativa-va\\\/aqui-la-noche-tiene-el-nombre-de-valeria\\\/\",\"name\":\"Aqu\u00ed la noche tiene el nombre de Valeria | Josep Carles La\u00ednez\",\"isPartOf\":{\"@id\":\"https:\\\/\\\/josepcarleslainez.com\\\/va\\\/#website\"},\"primaryImageOfPage\":{\"@id\":\"https:\\\/\\\/josepcarleslainez.com\\\/va\\\/literatura-va\\\/narrativa-va\\\/aqui-la-noche-tiene-el-nombre-de-valeria\\\/#primaryimage\"},\"image\":{\"@id\":\"https:\\\/\\\/josepcarleslainez.com\\\/va\\\/literatura-va\\\/narrativa-va\\\/aqui-la-noche-tiene-el-nombre-de-valeria\\\/#primaryimage\"},\"thumbnailUrl\":\"https:\\\/\\\/josepcarleslainez.com\\\/wp-content\\\/uploads\\\/Aqui-la-noche-tiene-el-nombre-de-Valeria.png\",\"datePublished\":\"2023-03-20T10:28:24+00:00\",\"dateModified\":\"2025-01-06T11:28:32+00:00\",\"description\":\"Aqu\u00ed la noche tiene el nombre de Valeria. Llibre dif\u00edcilment classificable quant al g\u00e8nere: aforisme, diari, poema en prosa, relat\u2026\",\"breadcrumb\":{\"@id\":\"https:\\\/\\\/josepcarleslainez.com\\\/va\\\/literatura-va\\\/narrativa-va\\\/aqui-la-noche-tiene-el-nombre-de-valeria\\\/#breadcrumb\"},\"inLanguage\":\"va-ES\",\"potentialAction\":[{\"@type\":\"ReadAction\",\"target\":[\"https:\\\/\\\/josepcarleslainez.com\\\/va\\\/literatura-va\\\/narrativa-va\\\/aqui-la-noche-tiene-el-nombre-de-valeria\\\/\"]}]},{\"@type\":\"ImageObject\",\"inLanguage\":\"va-ES\",\"@id\":\"https:\\\/\\\/josepcarleslainez.com\\\/va\\\/literatura-va\\\/narrativa-va\\\/aqui-la-noche-tiene-el-nombre-de-valeria\\\/#primaryimage\",\"url\":\"https:\\\/\\\/josepcarleslainez.com\\\/wp-content\\\/uploads\\\/Aqui-la-noche-tiene-el-nombre-de-Valeria.png\",\"contentUrl\":\"https:\\\/\\\/josepcarleslainez.com\\\/wp-content\\\/uploads\\\/Aqui-la-noche-tiene-el-nombre-de-Valeria.png\",\"width\":400,\"height\":500,\"caption\":\"Aqu\u00ed la noche tiene el nombre de Valeria\"},{\"@type\":\"BreadcrumbList\",\"@id\":\"https:\\\/\\\/josepcarleslainez.com\\\/va\\\/literatura-va\\\/narrativa-va\\\/aqui-la-noche-tiene-el-nombre-de-valeria\\\/#breadcrumb\",\"itemListElement\":[{\"@type\":\"ListItem\",\"position\":1,\"name\":\"Inici\",\"item\":\"https:\\\/\\\/josepcarleslainez.com\\\/va\\\/\"},{\"@type\":\"ListItem\",\"position\":2,\"name\":\"Literatura\",\"item\":\"https:\\\/\\\/josepcarleslainez.com\\\/va\\\/categoria\\\/literatura-va\\\/\"},{\"@type\":\"ListItem\",\"position\":3,\"name\":\"Narrativa\",\"item\":\"https:\\\/\\\/josepcarleslainez.com\\\/va\\\/categoria\\\/literatura-va\\\/narrativa-va\\\/\"},{\"@type\":\"ListItem\",\"position\":4,\"name\":\"Aqu\u00ed la noche tiene el nombre de Valeria\"}]},{\"@type\":\"WebSite\",\"@id\":\"https:\\\/\\\/josepcarleslainez.com\\\/va\\\/#website\",\"url\":\"https:\\\/\\\/josepcarleslainez.com\\\/va\\\/\",\"name\":\"Josep Carles La\u00ednez\",\"description\":\"Literatura &amp; Arte\",\"publisher\":{\"@id\":\"https:\\\/\\\/josepcarleslainez.com\\\/va\\\/#\\\/schema\\\/person\\\/4df12f79903b0a8f8bda77c99ca37ca1\"},\"potentialAction\":[{\"@type\":\"SearchAction\",\"target\":{\"@type\":\"EntryPoint\",\"urlTemplate\":\"https:\\\/\\\/josepcarleslainez.com\\\/va\\\/?s={search_term_string}\"},\"query-input\":{\"@type\":\"PropertyValueSpecification\",\"valueRequired\":true,\"valueName\":\"search_term_string\"}}],\"inLanguage\":\"va-ES\"},{\"@type\":[\"Person\",\"Organization\"],\"@id\":\"https:\\\/\\\/josepcarleslainez.com\\\/va\\\/#\\\/schema\\\/person\\\/4df12f79903b0a8f8bda77c99ca37ca1\",\"name\":\"Josep Carles La\u00ednez\",\"image\":{\"@type\":\"ImageObject\",\"inLanguage\":\"va-ES\",\"@id\":\"https:\\\/\\\/josepcarleslainez.com\\\/wp-content\\\/uploads\\\/JosepCarlesLainez_Biografia.jpg\",\"url\":\"https:\\\/\\\/josepcarleslainez.com\\\/wp-content\\\/uploads\\\/JosepCarlesLainez_Biografia.jpg\",\"contentUrl\":\"https:\\\/\\\/josepcarleslainez.com\\\/wp-content\\\/uploads\\\/JosepCarlesLainez_Biografia.jpg\",\"width\":571,\"height\":600,\"caption\":\"Josep Carles La\u00ednez\"},\"logo\":{\"@id\":\"https:\\\/\\\/josepcarleslainez.com\\\/wp-content\\\/uploads\\\/JosepCarlesLainez_Biografia.jpg\"},\"sameAs\":[\"https:\\\/\\\/josepcarleslainez.com\"],\"url\":\"https:\\\/\\\/josepcarleslainez.com\\\/va\\\/author\\\/j_carleslainez\\\/\"}]}<\/script>\n<!-- \/ Yoast SEO plugin. -->","yoast_head_json":{"title":"Aqu\u00ed la noche tiene el nombre de Valeria | Josep Carles La\u00ednez","description":"Aqu\u00ed la noche tiene el nombre de Valeria. Llibre dif\u00edcilment classificable quant al g\u00e8nere: aforisme, diari, poema en prosa, relat\u2026","robots":{"index":"index","follow":"follow","max-snippet":"max-snippet:-1","max-image-preview":"max-image-preview:large","max-video-preview":"max-video-preview:-1"},"canonical":"https:\/\/josepcarleslainez.com\/va\/literatura-va\/narrativa-va\/aqui-la-noche-tiene-el-nombre-de-valeria\/","og_locale":"en_US","og_type":"article","og_title":"Aqu\u00ed la noche tiene el nombre de Valeria | Josep Carles La\u00ednez","og_description":"Aqu\u00ed la noche tiene el nombre de Valeria. Llibre dif\u00edcilment classificable quant al g\u00e8nere: aforisme, diari, poema en prosa, relat\u2026","og_url":"https:\/\/josepcarleslainez.com\/va\/literatura-va\/narrativa-va\/aqui-la-noche-tiene-el-nombre-de-valeria\/","og_site_name":"Josep Carles La\u00ednez","article_published_time":"2023-03-20T10:28:24+00:00","article_modified_time":"2025-01-06T11:28:32+00:00","og_image":[{"width":400,"height":500,"url":"https:\/\/josepcarleslainez.com\/wp-content\/uploads\/Aqui-la-noche-tiene-el-nombre-de-Valeria.png","type":"image\/png"}],"author":"Josep Carles La\u00ednez","twitter_card":"summary_large_image","twitter_misc":{"Written by":"Josep Carles La\u00ednez","Est. reading time":"1 minute"},"schema":{"@context":"https:\/\/schema.org","@graph":[{"@type":"Article","@id":"https:\/\/josepcarleslainez.com\/va\/literatura-va\/narrativa-va\/aqui-la-noche-tiene-el-nombre-de-valeria\/#article","isPartOf":{"@id":"https:\/\/josepcarleslainez.com\/va\/literatura-va\/narrativa-va\/aqui-la-noche-tiene-el-nombre-de-valeria\/"},"author":{"name":"Josep Carles La\u00ednez","@id":"https:\/\/josepcarleslainez.com\/va\/#\/schema\/person\/4df12f79903b0a8f8bda77c99ca37ca1"},"headline":"Aqu\u00ed la noche tiene el nombre de Valeria","datePublished":"2023-03-20T10:28:24+00:00","dateModified":"2025-01-06T11:28:32+00:00","mainEntityOfPage":{"@id":"https:\/\/josepcarleslainez.com\/va\/literatura-va\/narrativa-va\/aqui-la-noche-tiene-el-nombre-de-valeria\/"},"wordCount":194,"publisher":{"@id":"https:\/\/josepcarleslainez.com\/va\/#\/schema\/person\/4df12f79903b0a8f8bda77c99ca37ca1"},"image":{"@id":"https:\/\/josepcarleslainez.com\/va\/literatura-va\/narrativa-va\/aqui-la-noche-tiene-el-nombre-de-valeria\/#primaryimage"},"thumbnailUrl":"https:\/\/josepcarleslainez.com\/wp-content\/uploads\/Aqui-la-noche-tiene-el-nombre-de-Valeria.png","keywords":["2007"],"articleSection":["Narrativa"],"inLanguage":"va-ES"},{"@type":["WebPage","ItemPage"],"@id":"https:\/\/josepcarleslainez.com\/va\/literatura-va\/narrativa-va\/aqui-la-noche-tiene-el-nombre-de-valeria\/","url":"https:\/\/josepcarleslainez.com\/va\/literatura-va\/narrativa-va\/aqui-la-noche-tiene-el-nombre-de-valeria\/","name":"Aqu\u00ed la noche tiene el nombre de Valeria | Josep Carles La\u00ednez","isPartOf":{"@id":"https:\/\/josepcarleslainez.com\/va\/#website"},"primaryImageOfPage":{"@id":"https:\/\/josepcarleslainez.com\/va\/literatura-va\/narrativa-va\/aqui-la-noche-tiene-el-nombre-de-valeria\/#primaryimage"},"image":{"@id":"https:\/\/josepcarleslainez.com\/va\/literatura-va\/narrativa-va\/aqui-la-noche-tiene-el-nombre-de-valeria\/#primaryimage"},"thumbnailUrl":"https:\/\/josepcarleslainez.com\/wp-content\/uploads\/Aqui-la-noche-tiene-el-nombre-de-Valeria.png","datePublished":"2023-03-20T10:28:24+00:00","dateModified":"2025-01-06T11:28:32+00:00","description":"Aqu\u00ed la noche tiene el nombre de Valeria. Llibre dif\u00edcilment classificable quant al g\u00e8nere: aforisme, diari, poema en prosa, relat\u2026","breadcrumb":{"@id":"https:\/\/josepcarleslainez.com\/va\/literatura-va\/narrativa-va\/aqui-la-noche-tiene-el-nombre-de-valeria\/#breadcrumb"},"inLanguage":"va-ES","potentialAction":[{"@type":"ReadAction","target":["https:\/\/josepcarleslainez.com\/va\/literatura-va\/narrativa-va\/aqui-la-noche-tiene-el-nombre-de-valeria\/"]}]},{"@type":"ImageObject","inLanguage":"va-ES","@id":"https:\/\/josepcarleslainez.com\/va\/literatura-va\/narrativa-va\/aqui-la-noche-tiene-el-nombre-de-valeria\/#primaryimage","url":"https:\/\/josepcarleslainez.com\/wp-content\/uploads\/Aqui-la-noche-tiene-el-nombre-de-Valeria.png","contentUrl":"https:\/\/josepcarleslainez.com\/wp-content\/uploads\/Aqui-la-noche-tiene-el-nombre-de-Valeria.png","width":400,"height":500,"caption":"Aqu\u00ed la noche tiene el nombre de Valeria"},{"@type":"BreadcrumbList","@id":"https:\/\/josepcarleslainez.com\/va\/literatura-va\/narrativa-va\/aqui-la-noche-tiene-el-nombre-de-valeria\/#breadcrumb","itemListElement":[{"@type":"ListItem","position":1,"name":"Inici","item":"https:\/\/josepcarleslainez.com\/va\/"},{"@type":"ListItem","position":2,"name":"Literatura","item":"https:\/\/josepcarleslainez.com\/va\/categoria\/literatura-va\/"},{"@type":"ListItem","position":3,"name":"Narrativa","item":"https:\/\/josepcarleslainez.com\/va\/categoria\/literatura-va\/narrativa-va\/"},{"@type":"ListItem","position":4,"name":"Aqu\u00ed la noche tiene el nombre de Valeria"}]},{"@type":"WebSite","@id":"https:\/\/josepcarleslainez.com\/va\/#website","url":"https:\/\/josepcarleslainez.com\/va\/","name":"Josep Carles La\u00ednez","description":"Literatura &amp; Arte","publisher":{"@id":"https:\/\/josepcarleslainez.com\/va\/#\/schema\/person\/4df12f79903b0a8f8bda77c99ca37ca1"},"potentialAction":[{"@type":"SearchAction","target":{"@type":"EntryPoint","urlTemplate":"https:\/\/josepcarleslainez.com\/va\/?s={search_term_string}"},"query-input":{"@type":"PropertyValueSpecification","valueRequired":true,"valueName":"search_term_string"}}],"inLanguage":"va-ES"},{"@type":["Person","Organization"],"@id":"https:\/\/josepcarleslainez.com\/va\/#\/schema\/person\/4df12f79903b0a8f8bda77c99ca37ca1","name":"Josep Carles La\u00ednez","image":{"@type":"ImageObject","inLanguage":"va-ES","@id":"https:\/\/josepcarleslainez.com\/wp-content\/uploads\/JosepCarlesLainez_Biografia.jpg","url":"https:\/\/josepcarleslainez.com\/wp-content\/uploads\/JosepCarlesLainez_Biografia.jpg","contentUrl":"https:\/\/josepcarleslainez.com\/wp-content\/uploads\/JosepCarlesLainez_Biografia.jpg","width":571,"height":600,"caption":"Josep Carles La\u00ednez"},"logo":{"@id":"https:\/\/josepcarleslainez.com\/wp-content\/uploads\/JosepCarlesLainez_Biografia.jpg"},"sameAs":["https:\/\/josepcarleslainez.com"],"url":"https:\/\/josepcarleslainez.com\/va\/author\/j_carleslainez\/"}]}},"_links":{"self":[{"href":"https:\/\/josepcarleslainez.com\/va\/wp-json\/wp\/v2\/posts\/1599","targetHints":{"allow":["GET"]}}],"collection":[{"href":"https:\/\/josepcarleslainez.com\/va\/wp-json\/wp\/v2\/posts"}],"about":[{"href":"https:\/\/josepcarleslainez.com\/va\/wp-json\/wp\/v2\/types\/post"}],"author":[{"embeddable":true,"href":"https:\/\/josepcarleslainez.com\/va\/wp-json\/wp\/v2\/users\/2"}],"replies":[{"embeddable":true,"href":"https:\/\/josepcarleslainez.com\/va\/wp-json\/wp\/v2\/comments?post=1599"}],"version-history":[{"count":1,"href":"https:\/\/josepcarleslainez.com\/va\/wp-json\/wp\/v2\/posts\/1599\/revisions"}],"predecessor-version":[{"id":3637,"href":"https:\/\/josepcarleslainez.com\/va\/wp-json\/wp\/v2\/posts\/1599\/revisions\/3637"}],"wp:featuredmedia":[{"embeddable":true,"href":"https:\/\/josepcarleslainez.com\/va\/wp-json\/wp\/v2\/media\/1270"}],"wp:attachment":[{"href":"https:\/\/josepcarleslainez.com\/va\/wp-json\/wp\/v2\/media?parent=1599"}],"wp:term":[{"taxonomy":"category","embeddable":true,"href":"https:\/\/josepcarleslainez.com\/va\/wp-json\/wp\/v2\/categories?post=1599"},{"taxonomy":"post_tag","embeddable":true,"href":"https:\/\/josepcarleslainez.com\/va\/wp-json\/wp\/v2\/tags?post=1599"}],"curies":[{"name":"wp","href":"https:\/\/api.w.org\/{rel}","templated":true}]}}