{"id":1593,"date":"2023-06-30T19:36:06","date_gmt":"2023-06-30T17:36:06","guid":{"rendered":"https:\/\/josepcarleslainez.com\/sin-categorizar\/lorca-a-la-nau\/"},"modified":"2025-01-06T12:28:32","modified_gmt":"2025-01-06T11:28:32","slug":"lorca-a-la-nau","status":"publish","type":"post","link":"https:\/\/josepcarleslainez.com\/va\/literatura-va\/teatre\/lorca-a-la-nau\/","title":{"rendered":"Lorca a la Nau"},"content":{"rendered":"<p><em>Lorca a la Nau<\/em> va ser un espectacle dirigit per Manuel \u00c1ngel Conejero, i estrenat en el festival \u201cSagunt a escena\u201d de 2008 per la Fundaci\u00f3 Shakespeare, amb textos del mateix Conejero, de Nilo Cruz i meus, sense oblidar els de Federico Garc\u00eda Lorca. Fran Ure\u00f1a (qui al cap del temps va abandonar la interpretaci\u00f3) i Antonio Esc\u00e1mez (no sols actor, sin\u00f3 tamb\u00e9 dramaturg i guioniste) interpretaren els meus personatges Erast\u00e9s i Er\u00f3menos.<\/p>\n<h3 style=\"font-size: 13px; font-weight: 600;\"><em>Lorca a la Nau, <\/em>Festival &#8220;Sagunt a Escena&#8221; 2008.<\/h3>\n","protected":false},"excerpt":{"rendered":"<p>Lorca a la Nau va ser un espectacle dirigit per Manuel \u00c1ngel Conejero, i estrenat en el festival \u201cSagunt a escena\u201d de 2008 per la Fundaci\u00f3 Shakespeare, amb textos del mateix Conejero, de Nilo Cruz i meus, sense oblidar els de Federico Garc\u00eda Lorca. Fran Ure\u00f1a (qui al cap del temps va abandonar la interpretaci\u00f3)&hellip;<\/p>\n","protected":false},"author":2,"featured_media":1250,"comment_status":"closed","ping_status":"closed","sticky":false,"template":"","format":"standard","meta":{"footnotes":""},"categories":[62],"tags":[108],"class_list":["post-1593","post","type-post","status-publish","format-standard","has-post-thumbnail","hentry","category-teatre","tag-2008-va"],"yoast_head":"<!-- This site is optimized with the Yoast SEO plugin v27.4 - https:\/\/yoast.com\/product\/yoast-seo-wordpress\/ -->\n<title>Lorca a la Nau | Josep Carles La\u00ednez<\/title>\n<meta name=\"description\" content=\"Lorca a la Nau va ser un espectacle dirigit per Manuel \u00c1ngel Conejero, i estrenat en el festival \u201cSagunt a escena\u201d de 2008 per la Fundaci\u00f3 Shakespeare, amb textos del mateix\" \/>\n<meta name=\"robots\" content=\"index, follow, max-snippet:-1, max-image-preview:large, max-video-preview:-1\" \/>\n<link rel=\"canonical\" href=\"https:\/\/josepcarleslainez.com\/va\/literatura-va\/teatre\/lorca-a-la-nau\/\" \/>\n<meta property=\"og:locale\" content=\"en_US\" \/>\n<meta property=\"og:type\" content=\"article\" \/>\n<meta property=\"og:title\" content=\"Lorca a la Nau | Josep Carles La\u00ednez\" \/>\n<meta property=\"og:description\" content=\"Lorca a la Nau va ser un espectacle dirigit per Manuel \u00c1ngel Conejero, i estrenat en el festival \u201cSagunt a escena\u201d de 2008 per la Fundaci\u00f3 Shakespeare, amb textos del mateix\" \/>\n<meta property=\"og:url\" content=\"https:\/\/josepcarleslainez.com\/va\/literatura-va\/teatre\/lorca-a-la-nau\/\" \/>\n<meta property=\"og:site_name\" content=\"Josep Carles La\u00ednez\" \/>\n<meta property=\"article:published_time\" content=\"2023-06-30T17:36:06+00:00\" \/>\n<meta property=\"article:modified_time\" content=\"2025-01-06T11:28:32+00:00\" \/>\n<meta property=\"og:image\" content=\"https:\/\/josepcarleslainez.com\/wp-content\/uploads\/Lorca-a-La-Nau.png\" \/>\n\t<meta property=\"og:image:width\" content=\"400\" \/>\n\t<meta property=\"og:image:height\" content=\"500\" \/>\n\t<meta property=\"og:image:type\" content=\"image\/png\" \/>\n<meta name=\"author\" content=\"Josep Carles La\u00ednez\" \/>\n<meta name=\"twitter:card\" content=\"summary_large_image\" \/>\n<meta name=\"twitter:label1\" content=\"Written by\" \/>\n\t<meta name=\"twitter:data1\" content=\"Josep Carles La\u00ednez\" \/>\n\t<meta name=\"twitter:label2\" content=\"Est. reading time\" \/>\n\t<meta name=\"twitter:data2\" content=\"1 minute\" \/>\n<script type=\"application\/ld+json\" class=\"yoast-schema-graph\">{\"@context\":\"https:\\\/\\\/schema.org\",\"@graph\":[{\"@type\":\"Article\",\"@id\":\"https:\\\/\\\/josepcarleslainez.com\\\/va\\\/literatura-va\\\/teatre\\\/lorca-a-la-nau\\\/#article\",\"isPartOf\":{\"@id\":\"https:\\\/\\\/josepcarleslainez.com\\\/va\\\/literatura-va\\\/teatre\\\/lorca-a-la-nau\\\/\"},\"author\":{\"name\":\"Josep Carles La\u00ednez\",\"@id\":\"https:\\\/\\\/josepcarleslainez.com\\\/va\\\/#\\\/schema\\\/person\\\/4df12f79903b0a8f8bda77c99ca37ca1\"},\"headline\":\"Lorca a la Nau\",\"datePublished\":\"2023-06-30T17:36:06+00:00\",\"dateModified\":\"2025-01-06T11:28:32+00:00\",\"mainEntityOfPage\":{\"@id\":\"https:\\\/\\\/josepcarleslainez.com\\\/va\\\/literatura-va\\\/teatre\\\/lorca-a-la-nau\\\/\"},\"wordCount\":89,\"publisher\":{\"@id\":\"https:\\\/\\\/josepcarleslainez.com\\\/va\\\/#\\\/schema\\\/person\\\/4df12f79903b0a8f8bda77c99ca37ca1\"},\"image\":{\"@id\":\"https:\\\/\\\/josepcarleslainez.com\\\/va\\\/literatura-va\\\/teatre\\\/lorca-a-la-nau\\\/#primaryimage\"},\"thumbnailUrl\":\"https:\\\/\\\/josepcarleslainez.com\\\/wp-content\\\/uploads\\\/Lorca-a-La-Nau.png\",\"keywords\":[\"2008\"],\"articleSection\":[\"Teatre\"],\"inLanguage\":\"va-ES\"},{\"@type\":[\"WebPage\",\"ItemPage\"],\"@id\":\"https:\\\/\\\/josepcarleslainez.com\\\/va\\\/literatura-va\\\/teatre\\\/lorca-a-la-nau\\\/\",\"url\":\"https:\\\/\\\/josepcarleslainez.com\\\/va\\\/literatura-va\\\/teatre\\\/lorca-a-la-nau\\\/\",\"name\":\"Lorca a la Nau | Josep Carles La\u00ednez\",\"isPartOf\":{\"@id\":\"https:\\\/\\\/josepcarleslainez.com\\\/va\\\/#website\"},\"primaryImageOfPage\":{\"@id\":\"https:\\\/\\\/josepcarleslainez.com\\\/va\\\/literatura-va\\\/teatre\\\/lorca-a-la-nau\\\/#primaryimage\"},\"image\":{\"@id\":\"https:\\\/\\\/josepcarleslainez.com\\\/va\\\/literatura-va\\\/teatre\\\/lorca-a-la-nau\\\/#primaryimage\"},\"thumbnailUrl\":\"https:\\\/\\\/josepcarleslainez.com\\\/wp-content\\\/uploads\\\/Lorca-a-La-Nau.png\",\"datePublished\":\"2023-06-30T17:36:06+00:00\",\"dateModified\":\"2025-01-06T11:28:32+00:00\",\"description\":\"Lorca a la Nau va ser un espectacle dirigit per Manuel \u00c1ngel Conejero, i estrenat en el festival \u201cSagunt a escena\u201d de 2008 per la Fundaci\u00f3 Shakespeare, amb textos del mateix\",\"breadcrumb\":{\"@id\":\"https:\\\/\\\/josepcarleslainez.com\\\/va\\\/literatura-va\\\/teatre\\\/lorca-a-la-nau\\\/#breadcrumb\"},\"inLanguage\":\"va-ES\",\"potentialAction\":[{\"@type\":\"ReadAction\",\"target\":[\"https:\\\/\\\/josepcarleslainez.com\\\/va\\\/literatura-va\\\/teatre\\\/lorca-a-la-nau\\\/\"]}]},{\"@type\":\"ImageObject\",\"inLanguage\":\"va-ES\",\"@id\":\"https:\\\/\\\/josepcarleslainez.com\\\/va\\\/literatura-va\\\/teatre\\\/lorca-a-la-nau\\\/#primaryimage\",\"url\":\"https:\\\/\\\/josepcarleslainez.com\\\/wp-content\\\/uploads\\\/Lorca-a-La-Nau.png\",\"contentUrl\":\"https:\\\/\\\/josepcarleslainez.com\\\/wp-content\\\/uploads\\\/Lorca-a-La-Nau.png\",\"width\":400,\"height\":500,\"caption\":\"Lorca a la Nau\"},{\"@type\":\"BreadcrumbList\",\"@id\":\"https:\\\/\\\/josepcarleslainez.com\\\/va\\\/literatura-va\\\/teatre\\\/lorca-a-la-nau\\\/#breadcrumb\",\"itemListElement\":[{\"@type\":\"ListItem\",\"position\":1,\"name\":\"Inici\",\"item\":\"https:\\\/\\\/josepcarleslainez.com\\\/va\\\/\"},{\"@type\":\"ListItem\",\"position\":2,\"name\":\"Literatura\",\"item\":\"https:\\\/\\\/josepcarleslainez.com\\\/va\\\/categoria\\\/literatura-va\\\/\"},{\"@type\":\"ListItem\",\"position\":3,\"name\":\"Teatre\",\"item\":\"https:\\\/\\\/josepcarleslainez.com\\\/va\\\/categoria\\\/literatura-va\\\/teatre\\\/\"},{\"@type\":\"ListItem\",\"position\":4,\"name\":\"Lorca a la Nau\"}]},{\"@type\":\"WebSite\",\"@id\":\"https:\\\/\\\/josepcarleslainez.com\\\/va\\\/#website\",\"url\":\"https:\\\/\\\/josepcarleslainez.com\\\/va\\\/\",\"name\":\"Josep Carles La\u00ednez\",\"description\":\"Literatura &amp; Arte\",\"publisher\":{\"@id\":\"https:\\\/\\\/josepcarleslainez.com\\\/va\\\/#\\\/schema\\\/person\\\/4df12f79903b0a8f8bda77c99ca37ca1\"},\"potentialAction\":[{\"@type\":\"SearchAction\",\"target\":{\"@type\":\"EntryPoint\",\"urlTemplate\":\"https:\\\/\\\/josepcarleslainez.com\\\/va\\\/?s={search_term_string}\"},\"query-input\":{\"@type\":\"PropertyValueSpecification\",\"valueRequired\":true,\"valueName\":\"search_term_string\"}}],\"inLanguage\":\"va-ES\"},{\"@type\":[\"Person\",\"Organization\"],\"@id\":\"https:\\\/\\\/josepcarleslainez.com\\\/va\\\/#\\\/schema\\\/person\\\/4df12f79903b0a8f8bda77c99ca37ca1\",\"name\":\"Josep Carles La\u00ednez\",\"image\":{\"@type\":\"ImageObject\",\"inLanguage\":\"va-ES\",\"@id\":\"https:\\\/\\\/josepcarleslainez.com\\\/wp-content\\\/uploads\\\/JosepCarlesLainez_Biografia.jpg\",\"url\":\"https:\\\/\\\/josepcarleslainez.com\\\/wp-content\\\/uploads\\\/JosepCarlesLainez_Biografia.jpg\",\"contentUrl\":\"https:\\\/\\\/josepcarleslainez.com\\\/wp-content\\\/uploads\\\/JosepCarlesLainez_Biografia.jpg\",\"width\":571,\"height\":600,\"caption\":\"Josep Carles La\u00ednez\"},\"logo\":{\"@id\":\"https:\\\/\\\/josepcarleslainez.com\\\/wp-content\\\/uploads\\\/JosepCarlesLainez_Biografia.jpg\"},\"sameAs\":[\"https:\\\/\\\/josepcarleslainez.com\"],\"url\":\"https:\\\/\\\/josepcarleslainez.com\\\/va\\\/author\\\/j_carleslainez\\\/\"}]}<\/script>\n<!-- \/ Yoast SEO plugin. -->","yoast_head_json":{"title":"Lorca a la Nau | Josep Carles La\u00ednez","description":"Lorca a la Nau va ser un espectacle dirigit per Manuel \u00c1ngel Conejero, i estrenat en el festival \u201cSagunt a escena\u201d de 2008 per la Fundaci\u00f3 Shakespeare, amb textos del mateix","robots":{"index":"index","follow":"follow","max-snippet":"max-snippet:-1","max-image-preview":"max-image-preview:large","max-video-preview":"max-video-preview:-1"},"canonical":"https:\/\/josepcarleslainez.com\/va\/literatura-va\/teatre\/lorca-a-la-nau\/","og_locale":"en_US","og_type":"article","og_title":"Lorca a la Nau | Josep Carles La\u00ednez","og_description":"Lorca a la Nau va ser un espectacle dirigit per Manuel \u00c1ngel Conejero, i estrenat en el festival \u201cSagunt a escena\u201d de 2008 per la Fundaci\u00f3 Shakespeare, amb textos del mateix","og_url":"https:\/\/josepcarleslainez.com\/va\/literatura-va\/teatre\/lorca-a-la-nau\/","og_site_name":"Josep Carles La\u00ednez","article_published_time":"2023-06-30T17:36:06+00:00","article_modified_time":"2025-01-06T11:28:32+00:00","og_image":[{"width":400,"height":500,"url":"https:\/\/josepcarleslainez.com\/wp-content\/uploads\/Lorca-a-La-Nau.png","type":"image\/png"}],"author":"Josep Carles La\u00ednez","twitter_card":"summary_large_image","twitter_misc":{"Written by":"Josep Carles La\u00ednez","Est. reading time":"1 minute"},"schema":{"@context":"https:\/\/schema.org","@graph":[{"@type":"Article","@id":"https:\/\/josepcarleslainez.com\/va\/literatura-va\/teatre\/lorca-a-la-nau\/#article","isPartOf":{"@id":"https:\/\/josepcarleslainez.com\/va\/literatura-va\/teatre\/lorca-a-la-nau\/"},"author":{"name":"Josep Carles La\u00ednez","@id":"https:\/\/josepcarleslainez.com\/va\/#\/schema\/person\/4df12f79903b0a8f8bda77c99ca37ca1"},"headline":"Lorca a la Nau","datePublished":"2023-06-30T17:36:06+00:00","dateModified":"2025-01-06T11:28:32+00:00","mainEntityOfPage":{"@id":"https:\/\/josepcarleslainez.com\/va\/literatura-va\/teatre\/lorca-a-la-nau\/"},"wordCount":89,"publisher":{"@id":"https:\/\/josepcarleslainez.com\/va\/#\/schema\/person\/4df12f79903b0a8f8bda77c99ca37ca1"},"image":{"@id":"https:\/\/josepcarleslainez.com\/va\/literatura-va\/teatre\/lorca-a-la-nau\/#primaryimage"},"thumbnailUrl":"https:\/\/josepcarleslainez.com\/wp-content\/uploads\/Lorca-a-La-Nau.png","keywords":["2008"],"articleSection":["Teatre"],"inLanguage":"va-ES"},{"@type":["WebPage","ItemPage"],"@id":"https:\/\/josepcarleslainez.com\/va\/literatura-va\/teatre\/lorca-a-la-nau\/","url":"https:\/\/josepcarleslainez.com\/va\/literatura-va\/teatre\/lorca-a-la-nau\/","name":"Lorca a la Nau | Josep Carles La\u00ednez","isPartOf":{"@id":"https:\/\/josepcarleslainez.com\/va\/#website"},"primaryImageOfPage":{"@id":"https:\/\/josepcarleslainez.com\/va\/literatura-va\/teatre\/lorca-a-la-nau\/#primaryimage"},"image":{"@id":"https:\/\/josepcarleslainez.com\/va\/literatura-va\/teatre\/lorca-a-la-nau\/#primaryimage"},"thumbnailUrl":"https:\/\/josepcarleslainez.com\/wp-content\/uploads\/Lorca-a-La-Nau.png","datePublished":"2023-06-30T17:36:06+00:00","dateModified":"2025-01-06T11:28:32+00:00","description":"Lorca a la Nau va ser un espectacle dirigit per Manuel \u00c1ngel Conejero, i estrenat en el festival \u201cSagunt a escena\u201d de 2008 per la Fundaci\u00f3 Shakespeare, amb textos del mateix","breadcrumb":{"@id":"https:\/\/josepcarleslainez.com\/va\/literatura-va\/teatre\/lorca-a-la-nau\/#breadcrumb"},"inLanguage":"va-ES","potentialAction":[{"@type":"ReadAction","target":["https:\/\/josepcarleslainez.com\/va\/literatura-va\/teatre\/lorca-a-la-nau\/"]}]},{"@type":"ImageObject","inLanguage":"va-ES","@id":"https:\/\/josepcarleslainez.com\/va\/literatura-va\/teatre\/lorca-a-la-nau\/#primaryimage","url":"https:\/\/josepcarleslainez.com\/wp-content\/uploads\/Lorca-a-La-Nau.png","contentUrl":"https:\/\/josepcarleslainez.com\/wp-content\/uploads\/Lorca-a-La-Nau.png","width":400,"height":500,"caption":"Lorca a la Nau"},{"@type":"BreadcrumbList","@id":"https:\/\/josepcarleslainez.com\/va\/literatura-va\/teatre\/lorca-a-la-nau\/#breadcrumb","itemListElement":[{"@type":"ListItem","position":1,"name":"Inici","item":"https:\/\/josepcarleslainez.com\/va\/"},{"@type":"ListItem","position":2,"name":"Literatura","item":"https:\/\/josepcarleslainez.com\/va\/categoria\/literatura-va\/"},{"@type":"ListItem","position":3,"name":"Teatre","item":"https:\/\/josepcarleslainez.com\/va\/categoria\/literatura-va\/teatre\/"},{"@type":"ListItem","position":4,"name":"Lorca a la Nau"}]},{"@type":"WebSite","@id":"https:\/\/josepcarleslainez.com\/va\/#website","url":"https:\/\/josepcarleslainez.com\/va\/","name":"Josep Carles La\u00ednez","description":"Literatura &amp; Arte","publisher":{"@id":"https:\/\/josepcarleslainez.com\/va\/#\/schema\/person\/4df12f79903b0a8f8bda77c99ca37ca1"},"potentialAction":[{"@type":"SearchAction","target":{"@type":"EntryPoint","urlTemplate":"https:\/\/josepcarleslainez.com\/va\/?s={search_term_string}"},"query-input":{"@type":"PropertyValueSpecification","valueRequired":true,"valueName":"search_term_string"}}],"inLanguage":"va-ES"},{"@type":["Person","Organization"],"@id":"https:\/\/josepcarleslainez.com\/va\/#\/schema\/person\/4df12f79903b0a8f8bda77c99ca37ca1","name":"Josep Carles La\u00ednez","image":{"@type":"ImageObject","inLanguage":"va-ES","@id":"https:\/\/josepcarleslainez.com\/wp-content\/uploads\/JosepCarlesLainez_Biografia.jpg","url":"https:\/\/josepcarleslainez.com\/wp-content\/uploads\/JosepCarlesLainez_Biografia.jpg","contentUrl":"https:\/\/josepcarleslainez.com\/wp-content\/uploads\/JosepCarlesLainez_Biografia.jpg","width":571,"height":600,"caption":"Josep Carles La\u00ednez"},"logo":{"@id":"https:\/\/josepcarleslainez.com\/wp-content\/uploads\/JosepCarlesLainez_Biografia.jpg"},"sameAs":["https:\/\/josepcarleslainez.com"],"url":"https:\/\/josepcarleslainez.com\/va\/author\/j_carleslainez\/"}]}},"_links":{"self":[{"href":"https:\/\/josepcarleslainez.com\/va\/wp-json\/wp\/v2\/posts\/1593","targetHints":{"allow":["GET"]}}],"collection":[{"href":"https:\/\/josepcarleslainez.com\/va\/wp-json\/wp\/v2\/posts"}],"about":[{"href":"https:\/\/josepcarleslainez.com\/va\/wp-json\/wp\/v2\/types\/post"}],"author":[{"embeddable":true,"href":"https:\/\/josepcarleslainez.com\/va\/wp-json\/wp\/v2\/users\/2"}],"replies":[{"embeddable":true,"href":"https:\/\/josepcarleslainez.com\/va\/wp-json\/wp\/v2\/comments?post=1593"}],"version-history":[{"count":1,"href":"https:\/\/josepcarleslainez.com\/va\/wp-json\/wp\/v2\/posts\/1593\/revisions"}],"predecessor-version":[{"id":3635,"href":"https:\/\/josepcarleslainez.com\/va\/wp-json\/wp\/v2\/posts\/1593\/revisions\/3635"}],"wp:featuredmedia":[{"embeddable":true,"href":"https:\/\/josepcarleslainez.com\/va\/wp-json\/wp\/v2\/media\/1250"}],"wp:attachment":[{"href":"https:\/\/josepcarleslainez.com\/va\/wp-json\/wp\/v2\/media?parent=1593"}],"wp:term":[{"taxonomy":"category","embeddable":true,"href":"https:\/\/josepcarleslainez.com\/va\/wp-json\/wp\/v2\/categories?post=1593"},{"taxonomy":"post_tag","embeddable":true,"href":"https:\/\/josepcarleslainez.com\/va\/wp-json\/wp\/v2\/tags?post=1593"}],"curies":[{"name":"wp","href":"https:\/\/api.w.org\/{rel}","templated":true}]}}