{"id":1568,"date":"2023-06-30T18:05:17","date_gmt":"2023-06-30T16:05:17","guid":{"rendered":"https:\/\/josepcarleslainez.com\/sin-categorizar\/palabres-espardies\/"},"modified":"2025-01-06T12:28:31","modified_gmt":"2025-01-06T11:28:31","slug":"palabres-espardies","status":"publish","type":"post","link":"https:\/\/josepcarleslainez.com\/va\/literatura-va\/diaris\/palabres-espardies\/","title":{"rendered":"Palabres espard\u00edes"},"content":{"rendered":"<p>Estes \u201cPalabres espard\u00edes\u201d [Palabras esparcidas], escasses, pr\u00e0cticament recullen tot el meu material diar\u00edstic escrit en asturi\u00e0 entre 2007 i 2010, i que en algun cas havien nodrit un ef\u00edmer i quasi clandest\u00ed blog titulat <em>Palabres perd\u00edes pa D\u00e1nae L.<\/em><\/p>\n<h3 style=\"font-size: 13px; font-weight: 600;\">\u201cPalabres espard\u00edes\u201d, en <em>Lliteratura<\/em>, 32 (maig, 2016), pp. 17-20. 17-20.<\/h3>\n","protected":false},"excerpt":{"rendered":"<p>Estes \u201cPalabres espard\u00edes\u201d [Palabras esparcidas], escasses, pr\u00e0cticament recullen tot el meu material diar\u00edstic escrit en asturi\u00e0 entre 2007 i 2010, i que en algun cas havien nodrit un ef\u00edmer i quasi clandest\u00ed blog titulat Palabres perd\u00edes pa D\u00e1nae L. \u201cPalabres espard\u00edes\u201d, en Lliteratura, 32 (maig, 2016), pp. 17-20. 17-20.<\/p>\n","protected":false},"author":2,"featured_media":1162,"comment_status":"closed","ping_status":"closed","sticky":false,"template":"","format":"standard","meta":{"footnotes":""},"categories":[57],"tags":[66],"class_list":["post-1568","post","type-post","status-publish","format-standard","has-post-thumbnail","hentry","category-diaris","tag-2016-va"],"yoast_head":"<!-- This site is optimized with the Yoast SEO plugin v27.4 - https:\/\/yoast.com\/product\/yoast-seo-wordpress\/ -->\n<title>Palabres espard\u00edes | Josep Carles La\u00ednez<\/title>\n<meta name=\"description\" content=\"Palabres espard\u00edes. Estes \u201cPalabres espard\u00edes\u201d [Palabras esparcidas], escasses, pr\u00e0cticament recullen tot el meu material diar\u00edstic escrit en asturi\u00e0\" \/>\n<meta name=\"robots\" content=\"index, follow, max-snippet:-1, max-image-preview:large, max-video-preview:-1\" \/>\n<link rel=\"canonical\" href=\"https:\/\/josepcarleslainez.com\/va\/literatura-va\/diaris\/palabres-espardies\/\" \/>\n<meta property=\"og:locale\" content=\"en_US\" \/>\n<meta property=\"og:type\" content=\"article\" \/>\n<meta property=\"og:title\" content=\"Palabres espard\u00edes | Josep Carles La\u00ednez\" \/>\n<meta property=\"og:description\" content=\"Palabres espard\u00edes. Estes \u201cPalabres espard\u00edes\u201d [Palabras esparcidas], escasses, pr\u00e0cticament recullen tot el meu material diar\u00edstic escrit en asturi\u00e0\" \/>\n<meta property=\"og:url\" content=\"https:\/\/josepcarleslainez.com\/va\/literatura-va\/diaris\/palabres-espardies\/\" \/>\n<meta property=\"og:site_name\" content=\"Josep Carles La\u00ednez\" \/>\n<meta property=\"article:published_time\" content=\"2023-06-30T16:05:17+00:00\" \/>\n<meta property=\"article:modified_time\" content=\"2025-01-06T11:28:31+00:00\" \/>\n<meta property=\"og:image\" content=\"https:\/\/josepcarleslainez.com\/wp-content\/uploads\/Palabres-espardies.png\" \/>\n\t<meta property=\"og:image:width\" content=\"400\" \/>\n\t<meta property=\"og:image:height\" content=\"500\" \/>\n\t<meta property=\"og:image:type\" content=\"image\/png\" \/>\n<meta name=\"author\" content=\"Josep Carles La\u00ednez\" \/>\n<meta name=\"twitter:card\" content=\"summary_large_image\" \/>\n<meta name=\"twitter:label1\" content=\"Written by\" \/>\n\t<meta name=\"twitter:data1\" content=\"Josep Carles La\u00ednez\" \/>\n\t<meta name=\"twitter:label2\" content=\"Est. reading time\" \/>\n\t<meta name=\"twitter:data2\" content=\"1 minute\" \/>\n<script type=\"application\/ld+json\" class=\"yoast-schema-graph\">{\"@context\":\"https:\\\/\\\/schema.org\",\"@graph\":[{\"@type\":\"Article\",\"@id\":\"https:\\\/\\\/josepcarleslainez.com\\\/va\\\/literatura-va\\\/diaris\\\/palabres-espardies\\\/#article\",\"isPartOf\":{\"@id\":\"https:\\\/\\\/josepcarleslainez.com\\\/va\\\/literatura-va\\\/diaris\\\/palabres-espardies\\\/\"},\"author\":{\"name\":\"Josep Carles La\u00ednez\",\"@id\":\"https:\\\/\\\/josepcarleslainez.com\\\/va\\\/#\\\/schema\\\/person\\\/4df12f79903b0a8f8bda77c99ca37ca1\"},\"headline\":\"Palabres espard\u00edes\",\"datePublished\":\"2023-06-30T16:05:17+00:00\",\"dateModified\":\"2025-01-06T11:28:31+00:00\",\"mainEntityOfPage\":{\"@id\":\"https:\\\/\\\/josepcarleslainez.com\\\/va\\\/literatura-va\\\/diaris\\\/palabres-espardies\\\/\"},\"wordCount\":55,\"publisher\":{\"@id\":\"https:\\\/\\\/josepcarleslainez.com\\\/va\\\/#\\\/schema\\\/person\\\/4df12f79903b0a8f8bda77c99ca37ca1\"},\"image\":{\"@id\":\"https:\\\/\\\/josepcarleslainez.com\\\/va\\\/literatura-va\\\/diaris\\\/palabres-espardies\\\/#primaryimage\"},\"thumbnailUrl\":\"https:\\\/\\\/josepcarleslainez.com\\\/wp-content\\\/uploads\\\/Palabres-espardies.png\",\"keywords\":[\"2016\"],\"articleSection\":[\"Diaris\"],\"inLanguage\":\"va-ES\"},{\"@type\":[\"WebPage\",\"ItemPage\"],\"@id\":\"https:\\\/\\\/josepcarleslainez.com\\\/va\\\/literatura-va\\\/diaris\\\/palabres-espardies\\\/\",\"url\":\"https:\\\/\\\/josepcarleslainez.com\\\/va\\\/literatura-va\\\/diaris\\\/palabres-espardies\\\/\",\"name\":\"Palabres espard\u00edes | Josep Carles La\u00ednez\",\"isPartOf\":{\"@id\":\"https:\\\/\\\/josepcarleslainez.com\\\/va\\\/#website\"},\"primaryImageOfPage\":{\"@id\":\"https:\\\/\\\/josepcarleslainez.com\\\/va\\\/literatura-va\\\/diaris\\\/palabres-espardies\\\/#primaryimage\"},\"image\":{\"@id\":\"https:\\\/\\\/josepcarleslainez.com\\\/va\\\/literatura-va\\\/diaris\\\/palabres-espardies\\\/#primaryimage\"},\"thumbnailUrl\":\"https:\\\/\\\/josepcarleslainez.com\\\/wp-content\\\/uploads\\\/Palabres-espardies.png\",\"datePublished\":\"2023-06-30T16:05:17+00:00\",\"dateModified\":\"2025-01-06T11:28:31+00:00\",\"description\":\"Palabres espard\u00edes. Estes \u201cPalabres espard\u00edes\u201d [Palabras esparcidas], escasses, pr\u00e0cticament recullen tot el meu material diar\u00edstic escrit en asturi\u00e0\",\"breadcrumb\":{\"@id\":\"https:\\\/\\\/josepcarleslainez.com\\\/va\\\/literatura-va\\\/diaris\\\/palabres-espardies\\\/#breadcrumb\"},\"inLanguage\":\"va-ES\",\"potentialAction\":[{\"@type\":\"ReadAction\",\"target\":[\"https:\\\/\\\/josepcarleslainez.com\\\/va\\\/literatura-va\\\/diaris\\\/palabres-espardies\\\/\"]}]},{\"@type\":\"ImageObject\",\"inLanguage\":\"va-ES\",\"@id\":\"https:\\\/\\\/josepcarleslainez.com\\\/va\\\/literatura-va\\\/diaris\\\/palabres-espardies\\\/#primaryimage\",\"url\":\"https:\\\/\\\/josepcarleslainez.com\\\/wp-content\\\/uploads\\\/Palabres-espardies.png\",\"contentUrl\":\"https:\\\/\\\/josepcarleslainez.com\\\/wp-content\\\/uploads\\\/Palabres-espardies.png\",\"width\":400,\"height\":500,\"caption\":\"Palabres espard\u00edes\"},{\"@type\":\"BreadcrumbList\",\"@id\":\"https:\\\/\\\/josepcarleslainez.com\\\/va\\\/literatura-va\\\/diaris\\\/palabres-espardies\\\/#breadcrumb\",\"itemListElement\":[{\"@type\":\"ListItem\",\"position\":1,\"name\":\"Inici\",\"item\":\"https:\\\/\\\/josepcarleslainez.com\\\/va\\\/\"},{\"@type\":\"ListItem\",\"position\":2,\"name\":\"Literatura\",\"item\":\"https:\\\/\\\/josepcarleslainez.com\\\/va\\\/categoria\\\/literatura-va\\\/\"},{\"@type\":\"ListItem\",\"position\":3,\"name\":\"Diaris\",\"item\":\"https:\\\/\\\/josepcarleslainez.com\\\/va\\\/categoria\\\/literatura-va\\\/diaris\\\/\"},{\"@type\":\"ListItem\",\"position\":4,\"name\":\"Palabres espard\u00edes\"}]},{\"@type\":\"WebSite\",\"@id\":\"https:\\\/\\\/josepcarleslainez.com\\\/va\\\/#website\",\"url\":\"https:\\\/\\\/josepcarleslainez.com\\\/va\\\/\",\"name\":\"Josep Carles La\u00ednez\",\"description\":\"Literatura &amp; Arte\",\"publisher\":{\"@id\":\"https:\\\/\\\/josepcarleslainez.com\\\/va\\\/#\\\/schema\\\/person\\\/4df12f79903b0a8f8bda77c99ca37ca1\"},\"potentialAction\":[{\"@type\":\"SearchAction\",\"target\":{\"@type\":\"EntryPoint\",\"urlTemplate\":\"https:\\\/\\\/josepcarleslainez.com\\\/va\\\/?s={search_term_string}\"},\"query-input\":{\"@type\":\"PropertyValueSpecification\",\"valueRequired\":true,\"valueName\":\"search_term_string\"}}],\"inLanguage\":\"va-ES\"},{\"@type\":[\"Person\",\"Organization\"],\"@id\":\"https:\\\/\\\/josepcarleslainez.com\\\/va\\\/#\\\/schema\\\/person\\\/4df12f79903b0a8f8bda77c99ca37ca1\",\"name\":\"Josep Carles La\u00ednez\",\"image\":{\"@type\":\"ImageObject\",\"inLanguage\":\"va-ES\",\"@id\":\"https:\\\/\\\/josepcarleslainez.com\\\/wp-content\\\/uploads\\\/JosepCarlesLainez_Biografia.jpg\",\"url\":\"https:\\\/\\\/josepcarleslainez.com\\\/wp-content\\\/uploads\\\/JosepCarlesLainez_Biografia.jpg\",\"contentUrl\":\"https:\\\/\\\/josepcarleslainez.com\\\/wp-content\\\/uploads\\\/JosepCarlesLainez_Biografia.jpg\",\"width\":571,\"height\":600,\"caption\":\"Josep Carles La\u00ednez\"},\"logo\":{\"@id\":\"https:\\\/\\\/josepcarleslainez.com\\\/wp-content\\\/uploads\\\/JosepCarlesLainez_Biografia.jpg\"},\"sameAs\":[\"https:\\\/\\\/josepcarleslainez.com\"],\"url\":\"https:\\\/\\\/josepcarleslainez.com\\\/va\\\/author\\\/j_carleslainez\\\/\"}]}<\/script>\n<!-- \/ Yoast SEO plugin. -->","yoast_head_json":{"title":"Palabres espard\u00edes | Josep Carles La\u00ednez","description":"Palabres espard\u00edes. Estes \u201cPalabres espard\u00edes\u201d [Palabras esparcidas], escasses, pr\u00e0cticament recullen tot el meu material diar\u00edstic escrit en asturi\u00e0","robots":{"index":"index","follow":"follow","max-snippet":"max-snippet:-1","max-image-preview":"max-image-preview:large","max-video-preview":"max-video-preview:-1"},"canonical":"https:\/\/josepcarleslainez.com\/va\/literatura-va\/diaris\/palabres-espardies\/","og_locale":"en_US","og_type":"article","og_title":"Palabres espard\u00edes | Josep Carles La\u00ednez","og_description":"Palabres espard\u00edes. Estes \u201cPalabres espard\u00edes\u201d [Palabras esparcidas], escasses, pr\u00e0cticament recullen tot el meu material diar\u00edstic escrit en asturi\u00e0","og_url":"https:\/\/josepcarleslainez.com\/va\/literatura-va\/diaris\/palabres-espardies\/","og_site_name":"Josep Carles La\u00ednez","article_published_time":"2023-06-30T16:05:17+00:00","article_modified_time":"2025-01-06T11:28:31+00:00","og_image":[{"width":400,"height":500,"url":"https:\/\/josepcarleslainez.com\/wp-content\/uploads\/Palabres-espardies.png","type":"image\/png"}],"author":"Josep Carles La\u00ednez","twitter_card":"summary_large_image","twitter_misc":{"Written by":"Josep Carles La\u00ednez","Est. reading time":"1 minute"},"schema":{"@context":"https:\/\/schema.org","@graph":[{"@type":"Article","@id":"https:\/\/josepcarleslainez.com\/va\/literatura-va\/diaris\/palabres-espardies\/#article","isPartOf":{"@id":"https:\/\/josepcarleslainez.com\/va\/literatura-va\/diaris\/palabres-espardies\/"},"author":{"name":"Josep Carles La\u00ednez","@id":"https:\/\/josepcarleslainez.com\/va\/#\/schema\/person\/4df12f79903b0a8f8bda77c99ca37ca1"},"headline":"Palabres espard\u00edes","datePublished":"2023-06-30T16:05:17+00:00","dateModified":"2025-01-06T11:28:31+00:00","mainEntityOfPage":{"@id":"https:\/\/josepcarleslainez.com\/va\/literatura-va\/diaris\/palabres-espardies\/"},"wordCount":55,"publisher":{"@id":"https:\/\/josepcarleslainez.com\/va\/#\/schema\/person\/4df12f79903b0a8f8bda77c99ca37ca1"},"image":{"@id":"https:\/\/josepcarleslainez.com\/va\/literatura-va\/diaris\/palabres-espardies\/#primaryimage"},"thumbnailUrl":"https:\/\/josepcarleslainez.com\/wp-content\/uploads\/Palabres-espardies.png","keywords":["2016"],"articleSection":["Diaris"],"inLanguage":"va-ES"},{"@type":["WebPage","ItemPage"],"@id":"https:\/\/josepcarleslainez.com\/va\/literatura-va\/diaris\/palabres-espardies\/","url":"https:\/\/josepcarleslainez.com\/va\/literatura-va\/diaris\/palabres-espardies\/","name":"Palabres espard\u00edes | Josep Carles La\u00ednez","isPartOf":{"@id":"https:\/\/josepcarleslainez.com\/va\/#website"},"primaryImageOfPage":{"@id":"https:\/\/josepcarleslainez.com\/va\/literatura-va\/diaris\/palabres-espardies\/#primaryimage"},"image":{"@id":"https:\/\/josepcarleslainez.com\/va\/literatura-va\/diaris\/palabres-espardies\/#primaryimage"},"thumbnailUrl":"https:\/\/josepcarleslainez.com\/wp-content\/uploads\/Palabres-espardies.png","datePublished":"2023-06-30T16:05:17+00:00","dateModified":"2025-01-06T11:28:31+00:00","description":"Palabres espard\u00edes. Estes \u201cPalabres espard\u00edes\u201d [Palabras esparcidas], escasses, pr\u00e0cticament recullen tot el meu material diar\u00edstic escrit en asturi\u00e0","breadcrumb":{"@id":"https:\/\/josepcarleslainez.com\/va\/literatura-va\/diaris\/palabres-espardies\/#breadcrumb"},"inLanguage":"va-ES","potentialAction":[{"@type":"ReadAction","target":["https:\/\/josepcarleslainez.com\/va\/literatura-va\/diaris\/palabres-espardies\/"]}]},{"@type":"ImageObject","inLanguage":"va-ES","@id":"https:\/\/josepcarleslainez.com\/va\/literatura-va\/diaris\/palabres-espardies\/#primaryimage","url":"https:\/\/josepcarleslainez.com\/wp-content\/uploads\/Palabres-espardies.png","contentUrl":"https:\/\/josepcarleslainez.com\/wp-content\/uploads\/Palabres-espardies.png","width":400,"height":500,"caption":"Palabres espard\u00edes"},{"@type":"BreadcrumbList","@id":"https:\/\/josepcarleslainez.com\/va\/literatura-va\/diaris\/palabres-espardies\/#breadcrumb","itemListElement":[{"@type":"ListItem","position":1,"name":"Inici","item":"https:\/\/josepcarleslainez.com\/va\/"},{"@type":"ListItem","position":2,"name":"Literatura","item":"https:\/\/josepcarleslainez.com\/va\/categoria\/literatura-va\/"},{"@type":"ListItem","position":3,"name":"Diaris","item":"https:\/\/josepcarleslainez.com\/va\/categoria\/literatura-va\/diaris\/"},{"@type":"ListItem","position":4,"name":"Palabres espard\u00edes"}]},{"@type":"WebSite","@id":"https:\/\/josepcarleslainez.com\/va\/#website","url":"https:\/\/josepcarleslainez.com\/va\/","name":"Josep Carles La\u00ednez","description":"Literatura &amp; Arte","publisher":{"@id":"https:\/\/josepcarleslainez.com\/va\/#\/schema\/person\/4df12f79903b0a8f8bda77c99ca37ca1"},"potentialAction":[{"@type":"SearchAction","target":{"@type":"EntryPoint","urlTemplate":"https:\/\/josepcarleslainez.com\/va\/?s={search_term_string}"},"query-input":{"@type":"PropertyValueSpecification","valueRequired":true,"valueName":"search_term_string"}}],"inLanguage":"va-ES"},{"@type":["Person","Organization"],"@id":"https:\/\/josepcarleslainez.com\/va\/#\/schema\/person\/4df12f79903b0a8f8bda77c99ca37ca1","name":"Josep Carles La\u00ednez","image":{"@type":"ImageObject","inLanguage":"va-ES","@id":"https:\/\/josepcarleslainez.com\/wp-content\/uploads\/JosepCarlesLainez_Biografia.jpg","url":"https:\/\/josepcarleslainez.com\/wp-content\/uploads\/JosepCarlesLainez_Biografia.jpg","contentUrl":"https:\/\/josepcarleslainez.com\/wp-content\/uploads\/JosepCarlesLainez_Biografia.jpg","width":571,"height":600,"caption":"Josep Carles La\u00ednez"},"logo":{"@id":"https:\/\/josepcarleslainez.com\/wp-content\/uploads\/JosepCarlesLainez_Biografia.jpg"},"sameAs":["https:\/\/josepcarleslainez.com"],"url":"https:\/\/josepcarleslainez.com\/va\/author\/j_carleslainez\/"}]}},"_links":{"self":[{"href":"https:\/\/josepcarleslainez.com\/va\/wp-json\/wp\/v2\/posts\/1568","targetHints":{"allow":["GET"]}}],"collection":[{"href":"https:\/\/josepcarleslainez.com\/va\/wp-json\/wp\/v2\/posts"}],"about":[{"href":"https:\/\/josepcarleslainez.com\/va\/wp-json\/wp\/v2\/types\/post"}],"author":[{"embeddable":true,"href":"https:\/\/josepcarleslainez.com\/va\/wp-json\/wp\/v2\/users\/2"}],"replies":[{"embeddable":true,"href":"https:\/\/josepcarleslainez.com\/va\/wp-json\/wp\/v2\/comments?post=1568"}],"version-history":[{"count":1,"href":"https:\/\/josepcarleslainez.com\/va\/wp-json\/wp\/v2\/posts\/1568\/revisions"}],"predecessor-version":[{"id":3623,"href":"https:\/\/josepcarleslainez.com\/va\/wp-json\/wp\/v2\/posts\/1568\/revisions\/3623"}],"wp:featuredmedia":[{"embeddable":true,"href":"https:\/\/josepcarleslainez.com\/va\/wp-json\/wp\/v2\/media\/1162"}],"wp:attachment":[{"href":"https:\/\/josepcarleslainez.com\/va\/wp-json\/wp\/v2\/media?parent=1568"}],"wp:term":[{"taxonomy":"category","embeddable":true,"href":"https:\/\/josepcarleslainez.com\/va\/wp-json\/wp\/v2\/categories?post=1568"},{"taxonomy":"post_tag","embeddable":true,"href":"https:\/\/josepcarleslainez.com\/va\/wp-json\/wp\/v2\/tags?post=1568"}],"curies":[{"name":"wp","href":"https:\/\/api.w.org\/{rel}","templated":true}]}}