{"id":1566,"date":"2023-06-30T18:02:19","date_gmt":"2023-06-30T16:02:19","guid":{"rendered":"https:\/\/josepcarleslainez.com\/sin-categorizar\/apartment-life\/"},"modified":"2025-01-06T12:28:31","modified_gmt":"2025-01-06T11:28:31","slug":"apartment-life","status":"publish","type":"post","link":"https:\/\/josepcarleslainez.com\/va\/literatura-va\/diaris\/apartment-life\/","title":{"rendered":"Apartment Life"},"content":{"rendered":"<p>Jos\u00e9 Luis Garc\u00eda Mart\u00edn va publicar en <em>Clar\u00edn<\/em> la meua entrega \u201cApartment Life\u201d, amb les notes, escarides, de l\u2019estiu de 2014, escrites en castell\u00e0. El t\u00edtol fa refer\u00e8ncia al disc hom\u00f2nim del grup novaiorqu\u00e9s Ivy, que il\u00b7lumin\u00e0 la meua d\u00e8cada dels 90, i que escolt\u00ed en abund\u00e0ncia eixos mesos estivals. De qualsevol manera, els textos no s\u00f3n precisament lluminosos, i tenen molt de fugida.<\/p>\n<h3 style=\"font-size: 13px; font-weight: 600;\">\u201cApartment Life\u201d, en <em>Clar\u00edn<\/em>, 115 (2015), pp. 43-44. 43-44.<\/h3>\n","protected":false},"excerpt":{"rendered":"<p>Jos\u00e9 Luis Garc\u00eda Mart\u00edn va publicar en Clar\u00edn la meua entrega \u201cApartment Life\u201d, amb les notes, escarides, de l\u2019estiu de 2014, escrites en castell\u00e0. El t\u00edtol fa refer\u00e8ncia al disc hom\u00f2nim del grup novaiorqu\u00e9s Ivy, que il\u00b7lumin\u00e0 la meua d\u00e8cada dels 90, i que escolt\u00ed en abund\u00e0ncia eixos mesos estivals. De qualsevol manera, els textos&hellip;<\/p>\n","protected":false},"author":2,"featured_media":1144,"comment_status":"closed","ping_status":"closed","sticky":false,"template":"","format":"standard","meta":{"footnotes":""},"categories":[57],"tags":[100],"class_list":["post-1566","post","type-post","status-publish","format-standard","has-post-thumbnail","hentry","category-diaris","tag-2015-va"],"yoast_head":"<!-- This site is optimized with the Yoast SEO plugin v27.4 - https:\/\/yoast.com\/product\/yoast-seo-wordpress\/ -->\n<title>Apartment Life | Josep Carles La\u00ednez<\/title>\n<meta name=\"description\" content=\"Apartment Life. Jos\u00e9 Luis Garc\u00eda Mart\u00edn va publicar en Clar\u00edn la meua entrega \u201cApartment Life\u201d, amb les notes, escarides, de l\u2019estiu de 2014,\" \/>\n<meta name=\"robots\" content=\"index, follow, max-snippet:-1, max-image-preview:large, max-video-preview:-1\" \/>\n<link rel=\"canonical\" href=\"https:\/\/josepcarleslainez.com\/va\/literatura-va\/diaris\/apartment-life\/\" \/>\n<meta property=\"og:locale\" content=\"en_US\" \/>\n<meta property=\"og:type\" content=\"article\" \/>\n<meta property=\"og:title\" content=\"Apartment Life | Josep Carles La\u00ednez\" \/>\n<meta property=\"og:description\" content=\"Apartment Life. Jos\u00e9 Luis Garc\u00eda Mart\u00edn va publicar en Clar\u00edn la meua entrega \u201cApartment Life\u201d, amb les notes, escarides, de l\u2019estiu de 2014,\" \/>\n<meta property=\"og:url\" content=\"https:\/\/josepcarleslainez.com\/va\/literatura-va\/diaris\/apartment-life\/\" \/>\n<meta property=\"og:site_name\" content=\"Josep Carles La\u00ednez\" \/>\n<meta property=\"article:published_time\" content=\"2023-06-30T16:02:19+00:00\" \/>\n<meta property=\"article:modified_time\" content=\"2025-01-06T11:28:31+00:00\" \/>\n<meta property=\"og:image\" content=\"https:\/\/josepcarleslainez.com\/wp-content\/uploads\/Apartment-Life.png\" \/>\n\t<meta property=\"og:image:width\" content=\"400\" \/>\n\t<meta property=\"og:image:height\" content=\"500\" \/>\n\t<meta property=\"og:image:type\" content=\"image\/png\" \/>\n<meta name=\"author\" content=\"Josep Carles La\u00ednez\" \/>\n<meta name=\"twitter:card\" content=\"summary_large_image\" \/>\n<meta name=\"twitter:label1\" content=\"Written by\" \/>\n\t<meta name=\"twitter:data1\" content=\"Josep Carles La\u00ednez\" \/>\n\t<meta name=\"twitter:label2\" content=\"Est. reading time\" \/>\n\t<meta name=\"twitter:data2\" content=\"1 minute\" \/>\n<script type=\"application\/ld+json\" class=\"yoast-schema-graph\">{\"@context\":\"https:\\\/\\\/schema.org\",\"@graph\":[{\"@type\":\"Article\",\"@id\":\"https:\\\/\\\/josepcarleslainez.com\\\/va\\\/literatura-va\\\/diaris\\\/apartment-life\\\/#article\",\"isPartOf\":{\"@id\":\"https:\\\/\\\/josepcarleslainez.com\\\/va\\\/literatura-va\\\/diaris\\\/apartment-life\\\/\"},\"author\":{\"name\":\"Josep Carles La\u00ednez\",\"@id\":\"https:\\\/\\\/josepcarleslainez.com\\\/va\\\/#\\\/schema\\\/person\\\/4df12f79903b0a8f8bda77c99ca37ca1\"},\"headline\":\"Apartment Life\",\"datePublished\":\"2023-06-30T16:02:19+00:00\",\"dateModified\":\"2025-01-06T11:28:31+00:00\",\"mainEntityOfPage\":{\"@id\":\"https:\\\/\\\/josepcarleslainez.com\\\/va\\\/literatura-va\\\/diaris\\\/apartment-life\\\/\"},\"wordCount\":84,\"publisher\":{\"@id\":\"https:\\\/\\\/josepcarleslainez.com\\\/va\\\/#\\\/schema\\\/person\\\/4df12f79903b0a8f8bda77c99ca37ca1\"},\"image\":{\"@id\":\"https:\\\/\\\/josepcarleslainez.com\\\/va\\\/literatura-va\\\/diaris\\\/apartment-life\\\/#primaryimage\"},\"thumbnailUrl\":\"https:\\\/\\\/josepcarleslainez.com\\\/wp-content\\\/uploads\\\/Apartment-Life.png\",\"keywords\":[\"2015\"],\"articleSection\":[\"Diaris\"],\"inLanguage\":\"va-ES\"},{\"@type\":[\"WebPage\",\"ItemPage\"],\"@id\":\"https:\\\/\\\/josepcarleslainez.com\\\/va\\\/literatura-va\\\/diaris\\\/apartment-life\\\/\",\"url\":\"https:\\\/\\\/josepcarleslainez.com\\\/va\\\/literatura-va\\\/diaris\\\/apartment-life\\\/\",\"name\":\"Apartment Life | Josep Carles La\u00ednez\",\"isPartOf\":{\"@id\":\"https:\\\/\\\/josepcarleslainez.com\\\/va\\\/#website\"},\"primaryImageOfPage\":{\"@id\":\"https:\\\/\\\/josepcarleslainez.com\\\/va\\\/literatura-va\\\/diaris\\\/apartment-life\\\/#primaryimage\"},\"image\":{\"@id\":\"https:\\\/\\\/josepcarleslainez.com\\\/va\\\/literatura-va\\\/diaris\\\/apartment-life\\\/#primaryimage\"},\"thumbnailUrl\":\"https:\\\/\\\/josepcarleslainez.com\\\/wp-content\\\/uploads\\\/Apartment-Life.png\",\"datePublished\":\"2023-06-30T16:02:19+00:00\",\"dateModified\":\"2025-01-06T11:28:31+00:00\",\"description\":\"Apartment Life. Jos\u00e9 Luis Garc\u00eda Mart\u00edn va publicar en Clar\u00edn la meua entrega \u201cApartment Life\u201d, amb les notes, escarides, de l\u2019estiu de 2014,\",\"breadcrumb\":{\"@id\":\"https:\\\/\\\/josepcarleslainez.com\\\/va\\\/literatura-va\\\/diaris\\\/apartment-life\\\/#breadcrumb\"},\"inLanguage\":\"va-ES\",\"potentialAction\":[{\"@type\":\"ReadAction\",\"target\":[\"https:\\\/\\\/josepcarleslainez.com\\\/va\\\/literatura-va\\\/diaris\\\/apartment-life\\\/\"]}]},{\"@type\":\"ImageObject\",\"inLanguage\":\"va-ES\",\"@id\":\"https:\\\/\\\/josepcarleslainez.com\\\/va\\\/literatura-va\\\/diaris\\\/apartment-life\\\/#primaryimage\",\"url\":\"https:\\\/\\\/josepcarleslainez.com\\\/wp-content\\\/uploads\\\/Apartment-Life.png\",\"contentUrl\":\"https:\\\/\\\/josepcarleslainez.com\\\/wp-content\\\/uploads\\\/Apartment-Life.png\",\"width\":400,\"height\":500,\"caption\":\"Apartment Life\"},{\"@type\":\"BreadcrumbList\",\"@id\":\"https:\\\/\\\/josepcarleslainez.com\\\/va\\\/literatura-va\\\/diaris\\\/apartment-life\\\/#breadcrumb\",\"itemListElement\":[{\"@type\":\"ListItem\",\"position\":1,\"name\":\"Inici\",\"item\":\"https:\\\/\\\/josepcarleslainez.com\\\/va\\\/\"},{\"@type\":\"ListItem\",\"position\":2,\"name\":\"Literatura\",\"item\":\"https:\\\/\\\/josepcarleslainez.com\\\/va\\\/categoria\\\/literatura-va\\\/\"},{\"@type\":\"ListItem\",\"position\":3,\"name\":\"Diaris\",\"item\":\"https:\\\/\\\/josepcarleslainez.com\\\/va\\\/categoria\\\/literatura-va\\\/diaris\\\/\"},{\"@type\":\"ListItem\",\"position\":4,\"name\":\"Apartment Life\"}]},{\"@type\":\"WebSite\",\"@id\":\"https:\\\/\\\/josepcarleslainez.com\\\/va\\\/#website\",\"url\":\"https:\\\/\\\/josepcarleslainez.com\\\/va\\\/\",\"name\":\"Josep Carles La\u00ednez\",\"description\":\"Literatura &amp; Arte\",\"publisher\":{\"@id\":\"https:\\\/\\\/josepcarleslainez.com\\\/va\\\/#\\\/schema\\\/person\\\/4df12f79903b0a8f8bda77c99ca37ca1\"},\"potentialAction\":[{\"@type\":\"SearchAction\",\"target\":{\"@type\":\"EntryPoint\",\"urlTemplate\":\"https:\\\/\\\/josepcarleslainez.com\\\/va\\\/?s={search_term_string}\"},\"query-input\":{\"@type\":\"PropertyValueSpecification\",\"valueRequired\":true,\"valueName\":\"search_term_string\"}}],\"inLanguage\":\"va-ES\"},{\"@type\":[\"Person\",\"Organization\"],\"@id\":\"https:\\\/\\\/josepcarleslainez.com\\\/va\\\/#\\\/schema\\\/person\\\/4df12f79903b0a8f8bda77c99ca37ca1\",\"name\":\"Josep Carles La\u00ednez\",\"image\":{\"@type\":\"ImageObject\",\"inLanguage\":\"va-ES\",\"@id\":\"https:\\\/\\\/josepcarleslainez.com\\\/wp-content\\\/uploads\\\/JosepCarlesLainez_Biografia.jpg\",\"url\":\"https:\\\/\\\/josepcarleslainez.com\\\/wp-content\\\/uploads\\\/JosepCarlesLainez_Biografia.jpg\",\"contentUrl\":\"https:\\\/\\\/josepcarleslainez.com\\\/wp-content\\\/uploads\\\/JosepCarlesLainez_Biografia.jpg\",\"width\":571,\"height\":600,\"caption\":\"Josep Carles La\u00ednez\"},\"logo\":{\"@id\":\"https:\\\/\\\/josepcarleslainez.com\\\/wp-content\\\/uploads\\\/JosepCarlesLainez_Biografia.jpg\"},\"sameAs\":[\"https:\\\/\\\/josepcarleslainez.com\"],\"url\":\"https:\\\/\\\/josepcarleslainez.com\\\/va\\\/author\\\/j_carleslainez\\\/\"}]}<\/script>\n<!-- \/ Yoast SEO plugin. -->","yoast_head_json":{"title":"Apartment Life | Josep Carles La\u00ednez","description":"Apartment Life. Jos\u00e9 Luis Garc\u00eda Mart\u00edn va publicar en Clar\u00edn la meua entrega \u201cApartment Life\u201d, amb les notes, escarides, de l\u2019estiu de 2014,","robots":{"index":"index","follow":"follow","max-snippet":"max-snippet:-1","max-image-preview":"max-image-preview:large","max-video-preview":"max-video-preview:-1"},"canonical":"https:\/\/josepcarleslainez.com\/va\/literatura-va\/diaris\/apartment-life\/","og_locale":"en_US","og_type":"article","og_title":"Apartment Life | Josep Carles La\u00ednez","og_description":"Apartment Life. Jos\u00e9 Luis Garc\u00eda Mart\u00edn va publicar en Clar\u00edn la meua entrega \u201cApartment Life\u201d, amb les notes, escarides, de l\u2019estiu de 2014,","og_url":"https:\/\/josepcarleslainez.com\/va\/literatura-va\/diaris\/apartment-life\/","og_site_name":"Josep Carles La\u00ednez","article_published_time":"2023-06-30T16:02:19+00:00","article_modified_time":"2025-01-06T11:28:31+00:00","og_image":[{"width":400,"height":500,"url":"https:\/\/josepcarleslainez.com\/wp-content\/uploads\/Apartment-Life.png","type":"image\/png"}],"author":"Josep Carles La\u00ednez","twitter_card":"summary_large_image","twitter_misc":{"Written by":"Josep Carles La\u00ednez","Est. reading time":"1 minute"},"schema":{"@context":"https:\/\/schema.org","@graph":[{"@type":"Article","@id":"https:\/\/josepcarleslainez.com\/va\/literatura-va\/diaris\/apartment-life\/#article","isPartOf":{"@id":"https:\/\/josepcarleslainez.com\/va\/literatura-va\/diaris\/apartment-life\/"},"author":{"name":"Josep Carles La\u00ednez","@id":"https:\/\/josepcarleslainez.com\/va\/#\/schema\/person\/4df12f79903b0a8f8bda77c99ca37ca1"},"headline":"Apartment Life","datePublished":"2023-06-30T16:02:19+00:00","dateModified":"2025-01-06T11:28:31+00:00","mainEntityOfPage":{"@id":"https:\/\/josepcarleslainez.com\/va\/literatura-va\/diaris\/apartment-life\/"},"wordCount":84,"publisher":{"@id":"https:\/\/josepcarleslainez.com\/va\/#\/schema\/person\/4df12f79903b0a8f8bda77c99ca37ca1"},"image":{"@id":"https:\/\/josepcarleslainez.com\/va\/literatura-va\/diaris\/apartment-life\/#primaryimage"},"thumbnailUrl":"https:\/\/josepcarleslainez.com\/wp-content\/uploads\/Apartment-Life.png","keywords":["2015"],"articleSection":["Diaris"],"inLanguage":"va-ES"},{"@type":["WebPage","ItemPage"],"@id":"https:\/\/josepcarleslainez.com\/va\/literatura-va\/diaris\/apartment-life\/","url":"https:\/\/josepcarleslainez.com\/va\/literatura-va\/diaris\/apartment-life\/","name":"Apartment Life | Josep Carles La\u00ednez","isPartOf":{"@id":"https:\/\/josepcarleslainez.com\/va\/#website"},"primaryImageOfPage":{"@id":"https:\/\/josepcarleslainez.com\/va\/literatura-va\/diaris\/apartment-life\/#primaryimage"},"image":{"@id":"https:\/\/josepcarleslainez.com\/va\/literatura-va\/diaris\/apartment-life\/#primaryimage"},"thumbnailUrl":"https:\/\/josepcarleslainez.com\/wp-content\/uploads\/Apartment-Life.png","datePublished":"2023-06-30T16:02:19+00:00","dateModified":"2025-01-06T11:28:31+00:00","description":"Apartment Life. Jos\u00e9 Luis Garc\u00eda Mart\u00edn va publicar en Clar\u00edn la meua entrega \u201cApartment Life\u201d, amb les notes, escarides, de l\u2019estiu de 2014,","breadcrumb":{"@id":"https:\/\/josepcarleslainez.com\/va\/literatura-va\/diaris\/apartment-life\/#breadcrumb"},"inLanguage":"va-ES","potentialAction":[{"@type":"ReadAction","target":["https:\/\/josepcarleslainez.com\/va\/literatura-va\/diaris\/apartment-life\/"]}]},{"@type":"ImageObject","inLanguage":"va-ES","@id":"https:\/\/josepcarleslainez.com\/va\/literatura-va\/diaris\/apartment-life\/#primaryimage","url":"https:\/\/josepcarleslainez.com\/wp-content\/uploads\/Apartment-Life.png","contentUrl":"https:\/\/josepcarleslainez.com\/wp-content\/uploads\/Apartment-Life.png","width":400,"height":500,"caption":"Apartment Life"},{"@type":"BreadcrumbList","@id":"https:\/\/josepcarleslainez.com\/va\/literatura-va\/diaris\/apartment-life\/#breadcrumb","itemListElement":[{"@type":"ListItem","position":1,"name":"Inici","item":"https:\/\/josepcarleslainez.com\/va\/"},{"@type":"ListItem","position":2,"name":"Literatura","item":"https:\/\/josepcarleslainez.com\/va\/categoria\/literatura-va\/"},{"@type":"ListItem","position":3,"name":"Diaris","item":"https:\/\/josepcarleslainez.com\/va\/categoria\/literatura-va\/diaris\/"},{"@type":"ListItem","position":4,"name":"Apartment Life"}]},{"@type":"WebSite","@id":"https:\/\/josepcarleslainez.com\/va\/#website","url":"https:\/\/josepcarleslainez.com\/va\/","name":"Josep Carles La\u00ednez","description":"Literatura &amp; Arte","publisher":{"@id":"https:\/\/josepcarleslainez.com\/va\/#\/schema\/person\/4df12f79903b0a8f8bda77c99ca37ca1"},"potentialAction":[{"@type":"SearchAction","target":{"@type":"EntryPoint","urlTemplate":"https:\/\/josepcarleslainez.com\/va\/?s={search_term_string}"},"query-input":{"@type":"PropertyValueSpecification","valueRequired":true,"valueName":"search_term_string"}}],"inLanguage":"va-ES"},{"@type":["Person","Organization"],"@id":"https:\/\/josepcarleslainez.com\/va\/#\/schema\/person\/4df12f79903b0a8f8bda77c99ca37ca1","name":"Josep Carles La\u00ednez","image":{"@type":"ImageObject","inLanguage":"va-ES","@id":"https:\/\/josepcarleslainez.com\/wp-content\/uploads\/JosepCarlesLainez_Biografia.jpg","url":"https:\/\/josepcarleslainez.com\/wp-content\/uploads\/JosepCarlesLainez_Biografia.jpg","contentUrl":"https:\/\/josepcarleslainez.com\/wp-content\/uploads\/JosepCarlesLainez_Biografia.jpg","width":571,"height":600,"caption":"Josep Carles La\u00ednez"},"logo":{"@id":"https:\/\/josepcarleslainez.com\/wp-content\/uploads\/JosepCarlesLainez_Biografia.jpg"},"sameAs":["https:\/\/josepcarleslainez.com"],"url":"https:\/\/josepcarleslainez.com\/va\/author\/j_carleslainez\/"}]}},"_links":{"self":[{"href":"https:\/\/josepcarleslainez.com\/va\/wp-json\/wp\/v2\/posts\/1566","targetHints":{"allow":["GET"]}}],"collection":[{"href":"https:\/\/josepcarleslainez.com\/va\/wp-json\/wp\/v2\/posts"}],"about":[{"href":"https:\/\/josepcarleslainez.com\/va\/wp-json\/wp\/v2\/types\/post"}],"author":[{"embeddable":true,"href":"https:\/\/josepcarleslainez.com\/va\/wp-json\/wp\/v2\/users\/2"}],"replies":[{"embeddable":true,"href":"https:\/\/josepcarleslainez.com\/va\/wp-json\/wp\/v2\/comments?post=1566"}],"version-history":[{"count":1,"href":"https:\/\/josepcarleslainez.com\/va\/wp-json\/wp\/v2\/posts\/1566\/revisions"}],"predecessor-version":[{"id":3625,"href":"https:\/\/josepcarleslainez.com\/va\/wp-json\/wp\/v2\/posts\/1566\/revisions\/3625"}],"wp:featuredmedia":[{"embeddable":true,"href":"https:\/\/josepcarleslainez.com\/va\/wp-json\/wp\/v2\/media\/1144"}],"wp:attachment":[{"href":"https:\/\/josepcarleslainez.com\/va\/wp-json\/wp\/v2\/media?parent=1566"}],"wp:term":[{"taxonomy":"category","embeddable":true,"href":"https:\/\/josepcarleslainez.com\/va\/wp-json\/wp\/v2\/categories?post=1566"},{"taxonomy":"post_tag","embeddable":true,"href":"https:\/\/josepcarleslainez.com\/va\/wp-json\/wp\/v2\/tags?post=1566"}],"curies":[{"name":"wp","href":"https:\/\/api.w.org\/{rel}","templated":true}]}}