{"id":1564,"date":"2023-06-30T17:58:15","date_gmt":"2023-06-30T15:58:15","guid":{"rendered":"https:\/\/josepcarleslainez.com\/sin-categorizar\/la-muerte-del-padre\/"},"modified":"2025-01-06T12:28:32","modified_gmt":"2025-01-06T11:28:32","slug":"la-muerte-del-padre","status":"publish","type":"post","link":"https:\/\/josepcarleslainez.com\/va\/literatura-va\/diaris\/la-muerte-del-padre\/","title":{"rendered":"La muerte del padre"},"content":{"rendered":"<p>Este volum \u00e9s un assaig sobre la desaparici\u00f3. Escrit en forma de diari al llarg de sis mesos de 2006, i utilitzant m\u00e9s de mitja dotzena de lleng\u00fces (valenci\u00e0, catal\u00e0 oriental, castell\u00e0, aragon\u00e9s, asturi\u00e0 i portugu\u00e9s), est\u00e0 concebut quasi com una acci\u00f3 art\u00edstica, perqu\u00e8 l\u2019an\u00ed redactant en els m\u00e9s variats llocs i a totes les hores possibles. Fon tan extenuant que va supondre, en perspectiva, el punt final de la meua obra. No vullc dir que no escriguera res despr\u00e9s d\u2019este llibre, per\u00f2 s\u00ed que ho veig molt llunt d\u2019aquella tensi\u00f3 i d\u2019aquella entrega, com si fora redundant. Amb <em>La muerte del padre<\/em> no dispos\u00ed d\u2019una altra possibilitat que plasmar la vida a trav\u00e9s de la literatura, o, m\u00e9s ben dit, de convertir la vida en literatura perqu\u00e8 l\u2019horror es vera mitigat per la seua entrada en la ficci\u00f3. No obstant, este no \u00e9s un llibre de ficci\u00f3, sin\u00f3 la descripci\u00f3 del que denota el mateix t\u00edtol, deixant aflorar, malgrat el dolor, el llampec del minut que passa, fugisser.<\/p>\n<h3 style=\"font-size: 13px; font-weight: 600;\"><em>La muerte del padre<\/em>, Val\u00e8ncia, Llambert Palmart, 2009.<\/h3>\n","protected":false},"excerpt":{"rendered":"<p>Este volum \u00e9s un assaig sobre la desaparici\u00f3. Escrit en forma de diari al llarg de sis mesos de 2006, i utilitzant m\u00e9s de mitja dotzena de lleng\u00fces (valenci\u00e0, catal\u00e0 oriental, castell\u00e0, aragon\u00e9s, asturi\u00e0 i portugu\u00e9s), est\u00e0 concebut quasi com una acci\u00f3 art\u00edstica, perqu\u00e8 l\u2019an\u00ed redactant en els m\u00e9s variats llocs i a totes les&hellip;<\/p>\n","protected":false},"author":2,"featured_media":1156,"comment_status":"closed","ping_status":"closed","sticky":false,"template":"","format":"standard","meta":{"footnotes":""},"categories":[57],"tags":[98],"class_list":["post-1564","post","type-post","status-publish","format-standard","has-post-thumbnail","hentry","category-diaris","tag-2009-va"],"yoast_head":"<!-- This site is optimized with the Yoast SEO plugin v27.4 - https:\/\/yoast.com\/product\/yoast-seo-wordpress\/ -->\n<title>La muerte del padre | Josep Carles La\u00ednez<\/title>\n<meta name=\"description\" content=\"La muerte del padre. Este volum \u00e9s un assaig sobre la desaparici\u00f3. Escrit en forma de diari al llarg de sis mesos de 2006, i utilitzant\" \/>\n<meta name=\"robots\" content=\"index, follow, max-snippet:-1, max-image-preview:large, max-video-preview:-1\" \/>\n<link rel=\"canonical\" href=\"https:\/\/josepcarleslainez.com\/va\/literatura-va\/diaris\/la-muerte-del-padre\/\" \/>\n<meta property=\"og:locale\" content=\"en_US\" \/>\n<meta property=\"og:type\" content=\"article\" \/>\n<meta property=\"og:title\" content=\"La muerte del padre | Josep Carles La\u00ednez\" \/>\n<meta property=\"og:description\" content=\"La muerte del padre. Este volum \u00e9s un assaig sobre la desaparici\u00f3. Escrit en forma de diari al llarg de sis mesos de 2006, i utilitzant\" \/>\n<meta property=\"og:url\" content=\"https:\/\/josepcarleslainez.com\/va\/literatura-va\/diaris\/la-muerte-del-padre\/\" \/>\n<meta property=\"og:site_name\" content=\"Josep Carles La\u00ednez\" \/>\n<meta property=\"article:published_time\" content=\"2023-06-30T15:58:15+00:00\" \/>\n<meta property=\"article:modified_time\" content=\"2025-01-06T11:28:32+00:00\" \/>\n<meta property=\"og:image\" content=\"https:\/\/josepcarleslainez.com\/wp-content\/uploads\/La-muerte-del-padre.png\" \/>\n\t<meta property=\"og:image:width\" content=\"400\" \/>\n\t<meta property=\"og:image:height\" content=\"500\" \/>\n\t<meta property=\"og:image:type\" content=\"image\/png\" \/>\n<meta name=\"author\" content=\"Josep Carles La\u00ednez\" \/>\n<meta name=\"twitter:card\" content=\"summary_large_image\" \/>\n<meta name=\"twitter:label1\" content=\"Written by\" \/>\n\t<meta name=\"twitter:data1\" content=\"Josep Carles La\u00ednez\" \/>\n\t<meta name=\"twitter:label2\" content=\"Est. reading time\" \/>\n\t<meta name=\"twitter:data2\" content=\"1 minute\" \/>\n<script type=\"application\/ld+json\" class=\"yoast-schema-graph\">{\"@context\":\"https:\\\/\\\/schema.org\",\"@graph\":[{\"@type\":\"Article\",\"@id\":\"https:\\\/\\\/josepcarleslainez.com\\\/va\\\/literatura-va\\\/diaris\\\/la-muerte-del-padre\\\/#article\",\"isPartOf\":{\"@id\":\"https:\\\/\\\/josepcarleslainez.com\\\/va\\\/literatura-va\\\/diaris\\\/la-muerte-del-padre\\\/\"},\"author\":{\"name\":\"Josep Carles La\u00ednez\",\"@id\":\"https:\\\/\\\/josepcarleslainez.com\\\/va\\\/#\\\/schema\\\/person\\\/4df12f79903b0a8f8bda77c99ca37ca1\"},\"headline\":\"La muerte del padre\",\"datePublished\":\"2023-06-30T15:58:15+00:00\",\"dateModified\":\"2025-01-06T11:28:32+00:00\",\"mainEntityOfPage\":{\"@id\":\"https:\\\/\\\/josepcarleslainez.com\\\/va\\\/literatura-va\\\/diaris\\\/la-muerte-del-padre\\\/\"},\"wordCount\":196,\"publisher\":{\"@id\":\"https:\\\/\\\/josepcarleslainez.com\\\/va\\\/#\\\/schema\\\/person\\\/4df12f79903b0a8f8bda77c99ca37ca1\"},\"image\":{\"@id\":\"https:\\\/\\\/josepcarleslainez.com\\\/va\\\/literatura-va\\\/diaris\\\/la-muerte-del-padre\\\/#primaryimage\"},\"thumbnailUrl\":\"https:\\\/\\\/josepcarleslainez.com\\\/wp-content\\\/uploads\\\/La-muerte-del-padre.png\",\"keywords\":[\"2009\"],\"articleSection\":[\"Diaris\"],\"inLanguage\":\"va-ES\"},{\"@type\":[\"WebPage\",\"ItemPage\"],\"@id\":\"https:\\\/\\\/josepcarleslainez.com\\\/va\\\/literatura-va\\\/diaris\\\/la-muerte-del-padre\\\/\",\"url\":\"https:\\\/\\\/josepcarleslainez.com\\\/va\\\/literatura-va\\\/diaris\\\/la-muerte-del-padre\\\/\",\"name\":\"La muerte del padre | Josep Carles La\u00ednez\",\"isPartOf\":{\"@id\":\"https:\\\/\\\/josepcarleslainez.com\\\/va\\\/#website\"},\"primaryImageOfPage\":{\"@id\":\"https:\\\/\\\/josepcarleslainez.com\\\/va\\\/literatura-va\\\/diaris\\\/la-muerte-del-padre\\\/#primaryimage\"},\"image\":{\"@id\":\"https:\\\/\\\/josepcarleslainez.com\\\/va\\\/literatura-va\\\/diaris\\\/la-muerte-del-padre\\\/#primaryimage\"},\"thumbnailUrl\":\"https:\\\/\\\/josepcarleslainez.com\\\/wp-content\\\/uploads\\\/La-muerte-del-padre.png\",\"datePublished\":\"2023-06-30T15:58:15+00:00\",\"dateModified\":\"2025-01-06T11:28:32+00:00\",\"description\":\"La muerte del padre. Este volum \u00e9s un assaig sobre la desaparici\u00f3. Escrit en forma de diari al llarg de sis mesos de 2006, i utilitzant\",\"breadcrumb\":{\"@id\":\"https:\\\/\\\/josepcarleslainez.com\\\/va\\\/literatura-va\\\/diaris\\\/la-muerte-del-padre\\\/#breadcrumb\"},\"inLanguage\":\"va-ES\",\"potentialAction\":[{\"@type\":\"ReadAction\",\"target\":[\"https:\\\/\\\/josepcarleslainez.com\\\/va\\\/literatura-va\\\/diaris\\\/la-muerte-del-padre\\\/\"]}]},{\"@type\":\"ImageObject\",\"inLanguage\":\"va-ES\",\"@id\":\"https:\\\/\\\/josepcarleslainez.com\\\/va\\\/literatura-va\\\/diaris\\\/la-muerte-del-padre\\\/#primaryimage\",\"url\":\"https:\\\/\\\/josepcarleslainez.com\\\/wp-content\\\/uploads\\\/La-muerte-del-padre.png\",\"contentUrl\":\"https:\\\/\\\/josepcarleslainez.com\\\/wp-content\\\/uploads\\\/La-muerte-del-padre.png\",\"width\":400,\"height\":500,\"caption\":\"La muerte del padre\"},{\"@type\":\"BreadcrumbList\",\"@id\":\"https:\\\/\\\/josepcarleslainez.com\\\/va\\\/literatura-va\\\/diaris\\\/la-muerte-del-padre\\\/#breadcrumb\",\"itemListElement\":[{\"@type\":\"ListItem\",\"position\":1,\"name\":\"Inici\",\"item\":\"https:\\\/\\\/josepcarleslainez.com\\\/va\\\/\"},{\"@type\":\"ListItem\",\"position\":2,\"name\":\"Literatura\",\"item\":\"https:\\\/\\\/josepcarleslainez.com\\\/va\\\/categoria\\\/literatura-va\\\/\"},{\"@type\":\"ListItem\",\"position\":3,\"name\":\"Diaris\",\"item\":\"https:\\\/\\\/josepcarleslainez.com\\\/va\\\/categoria\\\/literatura-va\\\/diaris\\\/\"},{\"@type\":\"ListItem\",\"position\":4,\"name\":\"La muerte del padre\"}]},{\"@type\":\"WebSite\",\"@id\":\"https:\\\/\\\/josepcarleslainez.com\\\/va\\\/#website\",\"url\":\"https:\\\/\\\/josepcarleslainez.com\\\/va\\\/\",\"name\":\"Josep Carles La\u00ednez\",\"description\":\"Literatura &amp; Arte\",\"publisher\":{\"@id\":\"https:\\\/\\\/josepcarleslainez.com\\\/va\\\/#\\\/schema\\\/person\\\/4df12f79903b0a8f8bda77c99ca37ca1\"},\"potentialAction\":[{\"@type\":\"SearchAction\",\"target\":{\"@type\":\"EntryPoint\",\"urlTemplate\":\"https:\\\/\\\/josepcarleslainez.com\\\/va\\\/?s={search_term_string}\"},\"query-input\":{\"@type\":\"PropertyValueSpecification\",\"valueRequired\":true,\"valueName\":\"search_term_string\"}}],\"inLanguage\":\"va-ES\"},{\"@type\":[\"Person\",\"Organization\"],\"@id\":\"https:\\\/\\\/josepcarleslainez.com\\\/va\\\/#\\\/schema\\\/person\\\/4df12f79903b0a8f8bda77c99ca37ca1\",\"name\":\"Josep Carles La\u00ednez\",\"image\":{\"@type\":\"ImageObject\",\"inLanguage\":\"va-ES\",\"@id\":\"https:\\\/\\\/josepcarleslainez.com\\\/wp-content\\\/uploads\\\/JosepCarlesLainez_Biografia.jpg\",\"url\":\"https:\\\/\\\/josepcarleslainez.com\\\/wp-content\\\/uploads\\\/JosepCarlesLainez_Biografia.jpg\",\"contentUrl\":\"https:\\\/\\\/josepcarleslainez.com\\\/wp-content\\\/uploads\\\/JosepCarlesLainez_Biografia.jpg\",\"width\":571,\"height\":600,\"caption\":\"Josep Carles La\u00ednez\"},\"logo\":{\"@id\":\"https:\\\/\\\/josepcarleslainez.com\\\/wp-content\\\/uploads\\\/JosepCarlesLainez_Biografia.jpg\"},\"sameAs\":[\"https:\\\/\\\/josepcarleslainez.com\"],\"url\":\"https:\\\/\\\/josepcarleslainez.com\\\/va\\\/author\\\/j_carleslainez\\\/\"}]}<\/script>\n<!-- \/ Yoast SEO plugin. -->","yoast_head_json":{"title":"La muerte del padre | Josep Carles La\u00ednez","description":"La muerte del padre. Este volum \u00e9s un assaig sobre la desaparici\u00f3. Escrit en forma de diari al llarg de sis mesos de 2006, i utilitzant","robots":{"index":"index","follow":"follow","max-snippet":"max-snippet:-1","max-image-preview":"max-image-preview:large","max-video-preview":"max-video-preview:-1"},"canonical":"https:\/\/josepcarleslainez.com\/va\/literatura-va\/diaris\/la-muerte-del-padre\/","og_locale":"en_US","og_type":"article","og_title":"La muerte del padre | Josep Carles La\u00ednez","og_description":"La muerte del padre. Este volum \u00e9s un assaig sobre la desaparici\u00f3. Escrit en forma de diari al llarg de sis mesos de 2006, i utilitzant","og_url":"https:\/\/josepcarleslainez.com\/va\/literatura-va\/diaris\/la-muerte-del-padre\/","og_site_name":"Josep Carles La\u00ednez","article_published_time":"2023-06-30T15:58:15+00:00","article_modified_time":"2025-01-06T11:28:32+00:00","og_image":[{"width":400,"height":500,"url":"https:\/\/josepcarleslainez.com\/wp-content\/uploads\/La-muerte-del-padre.png","type":"image\/png"}],"author":"Josep Carles La\u00ednez","twitter_card":"summary_large_image","twitter_misc":{"Written by":"Josep Carles La\u00ednez","Est. reading time":"1 minute"},"schema":{"@context":"https:\/\/schema.org","@graph":[{"@type":"Article","@id":"https:\/\/josepcarleslainez.com\/va\/literatura-va\/diaris\/la-muerte-del-padre\/#article","isPartOf":{"@id":"https:\/\/josepcarleslainez.com\/va\/literatura-va\/diaris\/la-muerte-del-padre\/"},"author":{"name":"Josep Carles La\u00ednez","@id":"https:\/\/josepcarleslainez.com\/va\/#\/schema\/person\/4df12f79903b0a8f8bda77c99ca37ca1"},"headline":"La muerte del padre","datePublished":"2023-06-30T15:58:15+00:00","dateModified":"2025-01-06T11:28:32+00:00","mainEntityOfPage":{"@id":"https:\/\/josepcarleslainez.com\/va\/literatura-va\/diaris\/la-muerte-del-padre\/"},"wordCount":196,"publisher":{"@id":"https:\/\/josepcarleslainez.com\/va\/#\/schema\/person\/4df12f79903b0a8f8bda77c99ca37ca1"},"image":{"@id":"https:\/\/josepcarleslainez.com\/va\/literatura-va\/diaris\/la-muerte-del-padre\/#primaryimage"},"thumbnailUrl":"https:\/\/josepcarleslainez.com\/wp-content\/uploads\/La-muerte-del-padre.png","keywords":["2009"],"articleSection":["Diaris"],"inLanguage":"va-ES"},{"@type":["WebPage","ItemPage"],"@id":"https:\/\/josepcarleslainez.com\/va\/literatura-va\/diaris\/la-muerte-del-padre\/","url":"https:\/\/josepcarleslainez.com\/va\/literatura-va\/diaris\/la-muerte-del-padre\/","name":"La muerte del padre | Josep Carles La\u00ednez","isPartOf":{"@id":"https:\/\/josepcarleslainez.com\/va\/#website"},"primaryImageOfPage":{"@id":"https:\/\/josepcarleslainez.com\/va\/literatura-va\/diaris\/la-muerte-del-padre\/#primaryimage"},"image":{"@id":"https:\/\/josepcarleslainez.com\/va\/literatura-va\/diaris\/la-muerte-del-padre\/#primaryimage"},"thumbnailUrl":"https:\/\/josepcarleslainez.com\/wp-content\/uploads\/La-muerte-del-padre.png","datePublished":"2023-06-30T15:58:15+00:00","dateModified":"2025-01-06T11:28:32+00:00","description":"La muerte del padre. Este volum \u00e9s un assaig sobre la desaparici\u00f3. Escrit en forma de diari al llarg de sis mesos de 2006, i utilitzant","breadcrumb":{"@id":"https:\/\/josepcarleslainez.com\/va\/literatura-va\/diaris\/la-muerte-del-padre\/#breadcrumb"},"inLanguage":"va-ES","potentialAction":[{"@type":"ReadAction","target":["https:\/\/josepcarleslainez.com\/va\/literatura-va\/diaris\/la-muerte-del-padre\/"]}]},{"@type":"ImageObject","inLanguage":"va-ES","@id":"https:\/\/josepcarleslainez.com\/va\/literatura-va\/diaris\/la-muerte-del-padre\/#primaryimage","url":"https:\/\/josepcarleslainez.com\/wp-content\/uploads\/La-muerte-del-padre.png","contentUrl":"https:\/\/josepcarleslainez.com\/wp-content\/uploads\/La-muerte-del-padre.png","width":400,"height":500,"caption":"La muerte del padre"},{"@type":"BreadcrumbList","@id":"https:\/\/josepcarleslainez.com\/va\/literatura-va\/diaris\/la-muerte-del-padre\/#breadcrumb","itemListElement":[{"@type":"ListItem","position":1,"name":"Inici","item":"https:\/\/josepcarleslainez.com\/va\/"},{"@type":"ListItem","position":2,"name":"Literatura","item":"https:\/\/josepcarleslainez.com\/va\/categoria\/literatura-va\/"},{"@type":"ListItem","position":3,"name":"Diaris","item":"https:\/\/josepcarleslainez.com\/va\/categoria\/literatura-va\/diaris\/"},{"@type":"ListItem","position":4,"name":"La muerte del padre"}]},{"@type":"WebSite","@id":"https:\/\/josepcarleslainez.com\/va\/#website","url":"https:\/\/josepcarleslainez.com\/va\/","name":"Josep Carles La\u00ednez","description":"Literatura &amp; Arte","publisher":{"@id":"https:\/\/josepcarleslainez.com\/va\/#\/schema\/person\/4df12f79903b0a8f8bda77c99ca37ca1"},"potentialAction":[{"@type":"SearchAction","target":{"@type":"EntryPoint","urlTemplate":"https:\/\/josepcarleslainez.com\/va\/?s={search_term_string}"},"query-input":{"@type":"PropertyValueSpecification","valueRequired":true,"valueName":"search_term_string"}}],"inLanguage":"va-ES"},{"@type":["Person","Organization"],"@id":"https:\/\/josepcarleslainez.com\/va\/#\/schema\/person\/4df12f79903b0a8f8bda77c99ca37ca1","name":"Josep Carles La\u00ednez","image":{"@type":"ImageObject","inLanguage":"va-ES","@id":"https:\/\/josepcarleslainez.com\/wp-content\/uploads\/JosepCarlesLainez_Biografia.jpg","url":"https:\/\/josepcarleslainez.com\/wp-content\/uploads\/JosepCarlesLainez_Biografia.jpg","contentUrl":"https:\/\/josepcarleslainez.com\/wp-content\/uploads\/JosepCarlesLainez_Biografia.jpg","width":571,"height":600,"caption":"Josep Carles La\u00ednez"},"logo":{"@id":"https:\/\/josepcarleslainez.com\/wp-content\/uploads\/JosepCarlesLainez_Biografia.jpg"},"sameAs":["https:\/\/josepcarleslainez.com"],"url":"https:\/\/josepcarleslainez.com\/va\/author\/j_carleslainez\/"}]}},"_links":{"self":[{"href":"https:\/\/josepcarleslainez.com\/va\/wp-json\/wp\/v2\/posts\/1564","targetHints":{"allow":["GET"]}}],"collection":[{"href":"https:\/\/josepcarleslainez.com\/va\/wp-json\/wp\/v2\/posts"}],"about":[{"href":"https:\/\/josepcarleslainez.com\/va\/wp-json\/wp\/v2\/types\/post"}],"author":[{"embeddable":true,"href":"https:\/\/josepcarleslainez.com\/va\/wp-json\/wp\/v2\/users\/2"}],"replies":[{"embeddable":true,"href":"https:\/\/josepcarleslainez.com\/va\/wp-json\/wp\/v2\/comments?post=1564"}],"version-history":[{"count":1,"href":"https:\/\/josepcarleslainez.com\/va\/wp-json\/wp\/v2\/posts\/1564\/revisions"}],"predecessor-version":[{"id":3632,"href":"https:\/\/josepcarleslainez.com\/va\/wp-json\/wp\/v2\/posts\/1564\/revisions\/3632"}],"wp:featuredmedia":[{"embeddable":true,"href":"https:\/\/josepcarleslainez.com\/va\/wp-json\/wp\/v2\/media\/1156"}],"wp:attachment":[{"href":"https:\/\/josepcarleslainez.com\/va\/wp-json\/wp\/v2\/media?parent=1564"}],"wp:term":[{"taxonomy":"category","embeddable":true,"href":"https:\/\/josepcarleslainez.com\/va\/wp-json\/wp\/v2\/categories?post=1564"},{"taxonomy":"post_tag","embeddable":true,"href":"https:\/\/josepcarleslainez.com\/va\/wp-json\/wp\/v2\/tags?post=1564"}],"curies":[{"name":"wp","href":"https:\/\/api.w.org\/{rel}","templated":true}]}}