{"id":1425,"date":"2023-06-30T19:48:00","date_gmt":"2023-06-30T17:48:00","guid":{"rendered":"https:\/\/josepcarleslainez.com\/sin-categorizar\/del-bosc-no-se-nix\/"},"modified":"2025-01-06T12:28:29","modified_gmt":"2025-01-06T11:28:29","slug":"del-bosc-no-se-nix","status":"publish","type":"post","link":"https:\/\/josepcarleslainez.com\/va\/literatura-va\/infantil-va\/del-bosc-no-se-nix\/","title":{"rendered":"Del bosc, no se n\u2019ix"},"content":{"rendered":"<p>Esta obra \u00e9s un viatge a la descoberta d\u2019un m\u00f3n desconegut per\u00f2 que es troba a tocar. \u00c9s la hist\u00f2ria de la valentia d\u2019una xiqueta que ha de passar una prova i assolir un coneixement que li resultar\u00e0 inoblidable. \u00c9s saber que el m\u00f3n est\u00e0 poblat d\u2019\u00e9ssers que no es poden vore amb els ulls. \u00c9s una reivindicaci\u00f3 de les arra\u00efls m\u00e9s pr\u00f2pies i pregones de la terra on habitem.<\/p>\n<h3 style=\"font-size: 13px; font-weight: 600;\"><em>Del bosc, no se n\u2019ix<\/em>, Val\u00e8ncia, Edicions \u00d2c-Val\u00e9ncia, 2022. Il\u00b7lustracions de Mortimer.<\/h3>\n","protected":false},"excerpt":{"rendered":"<p>Esta obra \u00e9s un viatge a la descoberta d\u2019un m\u00f3n desconegut per\u00f2 que es troba a tocar. \u00c9s la hist\u00f2ria de la valentia d\u2019una xiqueta que ha de passar una prova i assolir un coneixement que li resultar\u00e0 inoblidable. \u00c9s saber que el m\u00f3n est\u00e0 poblat d\u2019\u00e9ssers que no es poden vore amb els ulls.&hellip;<\/p>\n","protected":false},"author":2,"featured_media":1322,"comment_status":"closed","ping_status":"closed","sticky":false,"template":"","format":"standard","meta":{"footnotes":""},"categories":[68],"tags":[69],"class_list":["post-1425","post","type-post","status-publish","format-standard","has-post-thumbnail","hentry","category-infantil-va","tag-2022-va"],"yoast_head":"<!-- This site is optimized with the Yoast SEO plugin v27.4 - https:\/\/yoast.com\/product\/yoast-seo-wordpress\/ -->\n<title>Del bosc, no se n\u2019ix | Josep Carles La\u00ednez<\/title>\n<meta name=\"description\" content=\"Del bosc, no se n\u2019ix. Esta obra \u00e9s un viatge a la descoberta d\u2019un m\u00f3n desconegut per\u00f2 que es troba a tocar. \u00c9s la hist\u00f2ria de la valentia\" \/>\n<meta name=\"robots\" content=\"index, follow, max-snippet:-1, max-image-preview:large, max-video-preview:-1\" \/>\n<link rel=\"canonical\" href=\"https:\/\/josepcarleslainez.com\/va\/literatura-va\/infantil-va\/del-bosc-no-se-nix\/\" \/>\n<meta property=\"og:locale\" content=\"en_US\" \/>\n<meta property=\"og:type\" content=\"article\" \/>\n<meta property=\"og:title\" content=\"Del bosc, no se n\u2019ix | Josep Carles La\u00ednez\" \/>\n<meta property=\"og:description\" content=\"Del bosc, no se n\u2019ix. Esta obra \u00e9s un viatge a la descoberta d\u2019un m\u00f3n desconegut per\u00f2 que es troba a tocar. \u00c9s la hist\u00f2ria de la valentia\" \/>\n<meta property=\"og:url\" content=\"https:\/\/josepcarleslainez.com\/va\/literatura-va\/infantil-va\/del-bosc-no-se-nix\/\" \/>\n<meta property=\"og:site_name\" content=\"Josep Carles La\u00ednez\" \/>\n<meta property=\"article:published_time\" content=\"2023-06-30T17:48:00+00:00\" \/>\n<meta property=\"article:modified_time\" content=\"2025-01-06T11:28:29+00:00\" \/>\n<meta property=\"og:image\" content=\"https:\/\/josepcarleslainez.com\/wp-content\/uploads\/Del-bosc-no-se-nix.png\" \/>\n\t<meta property=\"og:image:width\" content=\"400\" \/>\n\t<meta property=\"og:image:height\" content=\"500\" \/>\n\t<meta property=\"og:image:type\" content=\"image\/png\" \/>\n<meta name=\"author\" content=\"Josep Carles La\u00ednez\" \/>\n<meta name=\"twitter:card\" content=\"summary_large_image\" \/>\n<meta name=\"twitter:label1\" content=\"Written by\" \/>\n\t<meta name=\"twitter:data1\" content=\"Josep Carles La\u00ednez\" \/>\n\t<meta name=\"twitter:label2\" content=\"Est. reading time\" \/>\n\t<meta name=\"twitter:data2\" content=\"1 minute\" \/>\n<script type=\"application\/ld+json\" class=\"yoast-schema-graph\">{\"@context\":\"https:\\\/\\\/schema.org\",\"@graph\":[{\"@type\":\"Article\",\"@id\":\"https:\\\/\\\/josepcarleslainez.com\\\/va\\\/literatura-va\\\/infantil-va\\\/del-bosc-no-se-nix\\\/#article\",\"isPartOf\":{\"@id\":\"https:\\\/\\\/josepcarleslainez.com\\\/va\\\/literatura-va\\\/infantil-va\\\/del-bosc-no-se-nix\\\/\"},\"author\":{\"name\":\"Josep Carles La\u00ednez\",\"@id\":\"https:\\\/\\\/josepcarleslainez.com\\\/va\\\/#\\\/schema\\\/person\\\/4df12f79903b0a8f8bda77c99ca37ca1\"},\"headline\":\"Del bosc, no se n\u2019ix\",\"datePublished\":\"2023-06-30T17:48:00+00:00\",\"dateModified\":\"2025-01-06T11:28:29+00:00\",\"mainEntityOfPage\":{\"@id\":\"https:\\\/\\\/josepcarleslainez.com\\\/va\\\/literatura-va\\\/infantil-va\\\/del-bosc-no-se-nix\\\/\"},\"wordCount\":100,\"publisher\":{\"@id\":\"https:\\\/\\\/josepcarleslainez.com\\\/va\\\/#\\\/schema\\\/person\\\/4df12f79903b0a8f8bda77c99ca37ca1\"},\"image\":{\"@id\":\"https:\\\/\\\/josepcarleslainez.com\\\/va\\\/literatura-va\\\/infantil-va\\\/del-bosc-no-se-nix\\\/#primaryimage\"},\"thumbnailUrl\":\"https:\\\/\\\/josepcarleslainez.com\\\/wp-content\\\/uploads\\\/Del-bosc-no-se-nix.png\",\"keywords\":[\"2022\"],\"articleSection\":[\"Infantil\"],\"inLanguage\":\"va-ES\"},{\"@type\":[\"WebPage\",\"ItemPage\"],\"@id\":\"https:\\\/\\\/josepcarleslainez.com\\\/va\\\/literatura-va\\\/infantil-va\\\/del-bosc-no-se-nix\\\/\",\"url\":\"https:\\\/\\\/josepcarleslainez.com\\\/va\\\/literatura-va\\\/infantil-va\\\/del-bosc-no-se-nix\\\/\",\"name\":\"Del bosc, no se n\u2019ix | Josep Carles La\u00ednez\",\"isPartOf\":{\"@id\":\"https:\\\/\\\/josepcarleslainez.com\\\/va\\\/#website\"},\"primaryImageOfPage\":{\"@id\":\"https:\\\/\\\/josepcarleslainez.com\\\/va\\\/literatura-va\\\/infantil-va\\\/del-bosc-no-se-nix\\\/#primaryimage\"},\"image\":{\"@id\":\"https:\\\/\\\/josepcarleslainez.com\\\/va\\\/literatura-va\\\/infantil-va\\\/del-bosc-no-se-nix\\\/#primaryimage\"},\"thumbnailUrl\":\"https:\\\/\\\/josepcarleslainez.com\\\/wp-content\\\/uploads\\\/Del-bosc-no-se-nix.png\",\"datePublished\":\"2023-06-30T17:48:00+00:00\",\"dateModified\":\"2025-01-06T11:28:29+00:00\",\"description\":\"Del bosc, no se n\u2019ix. Esta obra \u00e9s un viatge a la descoberta d\u2019un m\u00f3n desconegut per\u00f2 que es troba a tocar. \u00c9s la hist\u00f2ria de la valentia\",\"breadcrumb\":{\"@id\":\"https:\\\/\\\/josepcarleslainez.com\\\/va\\\/literatura-va\\\/infantil-va\\\/del-bosc-no-se-nix\\\/#breadcrumb\"},\"inLanguage\":\"va-ES\",\"potentialAction\":[{\"@type\":\"ReadAction\",\"target\":[\"https:\\\/\\\/josepcarleslainez.com\\\/va\\\/literatura-va\\\/infantil-va\\\/del-bosc-no-se-nix\\\/\"]}]},{\"@type\":\"ImageObject\",\"inLanguage\":\"va-ES\",\"@id\":\"https:\\\/\\\/josepcarleslainez.com\\\/va\\\/literatura-va\\\/infantil-va\\\/del-bosc-no-se-nix\\\/#primaryimage\",\"url\":\"https:\\\/\\\/josepcarleslainez.com\\\/wp-content\\\/uploads\\\/Del-bosc-no-se-nix.png\",\"contentUrl\":\"https:\\\/\\\/josepcarleslainez.com\\\/wp-content\\\/uploads\\\/Del-bosc-no-se-nix.png\",\"width\":400,\"height\":500,\"caption\":\"Del bosc, no se n\u2019ix\"},{\"@type\":\"BreadcrumbList\",\"@id\":\"https:\\\/\\\/josepcarleslainez.com\\\/va\\\/literatura-va\\\/infantil-va\\\/del-bosc-no-se-nix\\\/#breadcrumb\",\"itemListElement\":[{\"@type\":\"ListItem\",\"position\":1,\"name\":\"Inici\",\"item\":\"https:\\\/\\\/josepcarleslainez.com\\\/va\\\/\"},{\"@type\":\"ListItem\",\"position\":2,\"name\":\"Literatura\",\"item\":\"https:\\\/\\\/josepcarleslainez.com\\\/va\\\/categoria\\\/literatura-va\\\/\"},{\"@type\":\"ListItem\",\"position\":3,\"name\":\"Infantil\",\"item\":\"https:\\\/\\\/josepcarleslainez.com\\\/va\\\/categoria\\\/literatura-va\\\/infantil-va\\\/\"},{\"@type\":\"ListItem\",\"position\":4,\"name\":\"Del bosc, no se n\u2019ix\"}]},{\"@type\":\"WebSite\",\"@id\":\"https:\\\/\\\/josepcarleslainez.com\\\/va\\\/#website\",\"url\":\"https:\\\/\\\/josepcarleslainez.com\\\/va\\\/\",\"name\":\"Josep Carles La\u00ednez\",\"description\":\"Literatura &amp; Arte\",\"publisher\":{\"@id\":\"https:\\\/\\\/josepcarleslainez.com\\\/va\\\/#\\\/schema\\\/person\\\/4df12f79903b0a8f8bda77c99ca37ca1\"},\"potentialAction\":[{\"@type\":\"SearchAction\",\"target\":{\"@type\":\"EntryPoint\",\"urlTemplate\":\"https:\\\/\\\/josepcarleslainez.com\\\/va\\\/?s={search_term_string}\"},\"query-input\":{\"@type\":\"PropertyValueSpecification\",\"valueRequired\":true,\"valueName\":\"search_term_string\"}}],\"inLanguage\":\"va-ES\"},{\"@type\":[\"Person\",\"Organization\"],\"@id\":\"https:\\\/\\\/josepcarleslainez.com\\\/va\\\/#\\\/schema\\\/person\\\/4df12f79903b0a8f8bda77c99ca37ca1\",\"name\":\"Josep Carles La\u00ednez\",\"image\":{\"@type\":\"ImageObject\",\"inLanguage\":\"va-ES\",\"@id\":\"https:\\\/\\\/josepcarleslainez.com\\\/wp-content\\\/uploads\\\/JosepCarlesLainez_Biografia.jpg\",\"url\":\"https:\\\/\\\/josepcarleslainez.com\\\/wp-content\\\/uploads\\\/JosepCarlesLainez_Biografia.jpg\",\"contentUrl\":\"https:\\\/\\\/josepcarleslainez.com\\\/wp-content\\\/uploads\\\/JosepCarlesLainez_Biografia.jpg\",\"width\":571,\"height\":600,\"caption\":\"Josep Carles La\u00ednez\"},\"logo\":{\"@id\":\"https:\\\/\\\/josepcarleslainez.com\\\/wp-content\\\/uploads\\\/JosepCarlesLainez_Biografia.jpg\"},\"sameAs\":[\"https:\\\/\\\/josepcarleslainez.com\"],\"url\":\"https:\\\/\\\/josepcarleslainez.com\\\/va\\\/author\\\/j_carleslainez\\\/\"}]}<\/script>\n<!-- \/ Yoast SEO plugin. -->","yoast_head_json":{"title":"Del bosc, no se n\u2019ix | Josep Carles La\u00ednez","description":"Del bosc, no se n\u2019ix. Esta obra \u00e9s un viatge a la descoberta d\u2019un m\u00f3n desconegut per\u00f2 que es troba a tocar. \u00c9s la hist\u00f2ria de la valentia","robots":{"index":"index","follow":"follow","max-snippet":"max-snippet:-1","max-image-preview":"max-image-preview:large","max-video-preview":"max-video-preview:-1"},"canonical":"https:\/\/josepcarleslainez.com\/va\/literatura-va\/infantil-va\/del-bosc-no-se-nix\/","og_locale":"en_US","og_type":"article","og_title":"Del bosc, no se n\u2019ix | Josep Carles La\u00ednez","og_description":"Del bosc, no se n\u2019ix. Esta obra \u00e9s un viatge a la descoberta d\u2019un m\u00f3n desconegut per\u00f2 que es troba a tocar. \u00c9s la hist\u00f2ria de la valentia","og_url":"https:\/\/josepcarleslainez.com\/va\/literatura-va\/infantil-va\/del-bosc-no-se-nix\/","og_site_name":"Josep Carles La\u00ednez","article_published_time":"2023-06-30T17:48:00+00:00","article_modified_time":"2025-01-06T11:28:29+00:00","og_image":[{"width":400,"height":500,"url":"https:\/\/josepcarleslainez.com\/wp-content\/uploads\/Del-bosc-no-se-nix.png","type":"image\/png"}],"author":"Josep Carles La\u00ednez","twitter_card":"summary_large_image","twitter_misc":{"Written by":"Josep Carles La\u00ednez","Est. reading time":"1 minute"},"schema":{"@context":"https:\/\/schema.org","@graph":[{"@type":"Article","@id":"https:\/\/josepcarleslainez.com\/va\/literatura-va\/infantil-va\/del-bosc-no-se-nix\/#article","isPartOf":{"@id":"https:\/\/josepcarleslainez.com\/va\/literatura-va\/infantil-va\/del-bosc-no-se-nix\/"},"author":{"name":"Josep Carles La\u00ednez","@id":"https:\/\/josepcarleslainez.com\/va\/#\/schema\/person\/4df12f79903b0a8f8bda77c99ca37ca1"},"headline":"Del bosc, no se n\u2019ix","datePublished":"2023-06-30T17:48:00+00:00","dateModified":"2025-01-06T11:28:29+00:00","mainEntityOfPage":{"@id":"https:\/\/josepcarleslainez.com\/va\/literatura-va\/infantil-va\/del-bosc-no-se-nix\/"},"wordCount":100,"publisher":{"@id":"https:\/\/josepcarleslainez.com\/va\/#\/schema\/person\/4df12f79903b0a8f8bda77c99ca37ca1"},"image":{"@id":"https:\/\/josepcarleslainez.com\/va\/literatura-va\/infantil-va\/del-bosc-no-se-nix\/#primaryimage"},"thumbnailUrl":"https:\/\/josepcarleslainez.com\/wp-content\/uploads\/Del-bosc-no-se-nix.png","keywords":["2022"],"articleSection":["Infantil"],"inLanguage":"va-ES"},{"@type":["WebPage","ItemPage"],"@id":"https:\/\/josepcarleslainez.com\/va\/literatura-va\/infantil-va\/del-bosc-no-se-nix\/","url":"https:\/\/josepcarleslainez.com\/va\/literatura-va\/infantil-va\/del-bosc-no-se-nix\/","name":"Del bosc, no se n\u2019ix | Josep Carles La\u00ednez","isPartOf":{"@id":"https:\/\/josepcarleslainez.com\/va\/#website"},"primaryImageOfPage":{"@id":"https:\/\/josepcarleslainez.com\/va\/literatura-va\/infantil-va\/del-bosc-no-se-nix\/#primaryimage"},"image":{"@id":"https:\/\/josepcarleslainez.com\/va\/literatura-va\/infantil-va\/del-bosc-no-se-nix\/#primaryimage"},"thumbnailUrl":"https:\/\/josepcarleslainez.com\/wp-content\/uploads\/Del-bosc-no-se-nix.png","datePublished":"2023-06-30T17:48:00+00:00","dateModified":"2025-01-06T11:28:29+00:00","description":"Del bosc, no se n\u2019ix. Esta obra \u00e9s un viatge a la descoberta d\u2019un m\u00f3n desconegut per\u00f2 que es troba a tocar. \u00c9s la hist\u00f2ria de la valentia","breadcrumb":{"@id":"https:\/\/josepcarleslainez.com\/va\/literatura-va\/infantil-va\/del-bosc-no-se-nix\/#breadcrumb"},"inLanguage":"va-ES","potentialAction":[{"@type":"ReadAction","target":["https:\/\/josepcarleslainez.com\/va\/literatura-va\/infantil-va\/del-bosc-no-se-nix\/"]}]},{"@type":"ImageObject","inLanguage":"va-ES","@id":"https:\/\/josepcarleslainez.com\/va\/literatura-va\/infantil-va\/del-bosc-no-se-nix\/#primaryimage","url":"https:\/\/josepcarleslainez.com\/wp-content\/uploads\/Del-bosc-no-se-nix.png","contentUrl":"https:\/\/josepcarleslainez.com\/wp-content\/uploads\/Del-bosc-no-se-nix.png","width":400,"height":500,"caption":"Del bosc, no se n\u2019ix"},{"@type":"BreadcrumbList","@id":"https:\/\/josepcarleslainez.com\/va\/literatura-va\/infantil-va\/del-bosc-no-se-nix\/#breadcrumb","itemListElement":[{"@type":"ListItem","position":1,"name":"Inici","item":"https:\/\/josepcarleslainez.com\/va\/"},{"@type":"ListItem","position":2,"name":"Literatura","item":"https:\/\/josepcarleslainez.com\/va\/categoria\/literatura-va\/"},{"@type":"ListItem","position":3,"name":"Infantil","item":"https:\/\/josepcarleslainez.com\/va\/categoria\/literatura-va\/infantil-va\/"},{"@type":"ListItem","position":4,"name":"Del bosc, no se n\u2019ix"}]},{"@type":"WebSite","@id":"https:\/\/josepcarleslainez.com\/va\/#website","url":"https:\/\/josepcarleslainez.com\/va\/","name":"Josep Carles La\u00ednez","description":"Literatura &amp; Arte","publisher":{"@id":"https:\/\/josepcarleslainez.com\/va\/#\/schema\/person\/4df12f79903b0a8f8bda77c99ca37ca1"},"potentialAction":[{"@type":"SearchAction","target":{"@type":"EntryPoint","urlTemplate":"https:\/\/josepcarleslainez.com\/va\/?s={search_term_string}"},"query-input":{"@type":"PropertyValueSpecification","valueRequired":true,"valueName":"search_term_string"}}],"inLanguage":"va-ES"},{"@type":["Person","Organization"],"@id":"https:\/\/josepcarleslainez.com\/va\/#\/schema\/person\/4df12f79903b0a8f8bda77c99ca37ca1","name":"Josep Carles La\u00ednez","image":{"@type":"ImageObject","inLanguage":"va-ES","@id":"https:\/\/josepcarleslainez.com\/wp-content\/uploads\/JosepCarlesLainez_Biografia.jpg","url":"https:\/\/josepcarleslainez.com\/wp-content\/uploads\/JosepCarlesLainez_Biografia.jpg","contentUrl":"https:\/\/josepcarleslainez.com\/wp-content\/uploads\/JosepCarlesLainez_Biografia.jpg","width":571,"height":600,"caption":"Josep Carles La\u00ednez"},"logo":{"@id":"https:\/\/josepcarleslainez.com\/wp-content\/uploads\/JosepCarlesLainez_Biografia.jpg"},"sameAs":["https:\/\/josepcarleslainez.com"],"url":"https:\/\/josepcarleslainez.com\/va\/author\/j_carleslainez\/"}]}},"_links":{"self":[{"href":"https:\/\/josepcarleslainez.com\/va\/wp-json\/wp\/v2\/posts\/1425","targetHints":{"allow":["GET"]}}],"collection":[{"href":"https:\/\/josepcarleslainez.com\/va\/wp-json\/wp\/v2\/posts"}],"about":[{"href":"https:\/\/josepcarleslainez.com\/va\/wp-json\/wp\/v2\/types\/post"}],"author":[{"embeddable":true,"href":"https:\/\/josepcarleslainez.com\/va\/wp-json\/wp\/v2\/users\/2"}],"replies":[{"embeddable":true,"href":"https:\/\/josepcarleslainez.com\/va\/wp-json\/wp\/v2\/comments?post=1425"}],"version-history":[{"count":1,"href":"https:\/\/josepcarleslainez.com\/va\/wp-json\/wp\/v2\/posts\/1425\/revisions"}],"predecessor-version":[{"id":3611,"href":"https:\/\/josepcarleslainez.com\/va\/wp-json\/wp\/v2\/posts\/1425\/revisions\/3611"}],"wp:featuredmedia":[{"embeddable":true,"href":"https:\/\/josepcarleslainez.com\/va\/wp-json\/wp\/v2\/media\/1322"}],"wp:attachment":[{"href":"https:\/\/josepcarleslainez.com\/va\/wp-json\/wp\/v2\/media?parent=1425"}],"wp:term":[{"taxonomy":"category","embeddable":true,"href":"https:\/\/josepcarleslainez.com\/va\/wp-json\/wp\/v2\/categories?post=1425"},{"taxonomy":"post_tag","embeddable":true,"href":"https:\/\/josepcarleslainez.com\/va\/wp-json\/wp\/v2\/tags?post=1425"}],"curies":[{"name":"wp","href":"https:\/\/api.w.org\/{rel}","templated":true}]}}