{"id":1422,"date":"2023-06-29T13:30:36","date_gmt":"2023-06-29T11:30:36","guid":{"rendered":"https:\/\/josepcarleslainez.com\/sin-categorizar\/paraula-de-valencians-correspondencia-2018-2021\/"},"modified":"2025-01-06T12:28:30","modified_gmt":"2025-01-06T11:28:30","slug":"paraula-de-valencians-correspondencia-2018-2021","status":"publish","type":"post","link":"https:\/\/josepcarleslainez.com\/va\/literatura-va\/assaig\/paraula-de-valencians-correspondencia-2018-2021\/","title":{"rendered":"Paraula de valencians. Correspond\u00e8ncia 2018-2021"},"content":{"rendered":"<p>Recopilaci\u00f3 de les cartes, de vegades amb aspecte d\u2019article, que m\u2019intercanvi\u00ed amb l\u2019escriptor i metge Paco Tarazona al llarg de m\u00e9s de tres anys, arran d\u2019una estada seua de treball a Doha. Des de plantejaments ling\u00fc\u00edstics divergents, per\u00f2 compartint un pensament nacionaliste, dugu\u00e9rem a terme un exercici de reflexi\u00f3 al voltant de la llengua, la naci\u00f3 i la identitat valencianes, tractant de posar orde en el passat, i albirant un futur no massa optimiste per a l\u2019antic regne de Val\u00e8ncia convertit ara en \u201ccomunidad\u201d.<\/p>\n<h3 style=\"font-size: 13px; font-weight: 600;\"><em>Paraula de valencians. Correspond\u00e8ncia 2018-2021 <\/em>, Val\u00e8ncia, Edicions \u00d2c-Val\u00e9ncia, 2021. Coescrit amb Paco Tarazona.<\/h3>\n","protected":false},"excerpt":{"rendered":"<p>Recopilaci\u00f3 de les cartes, de vegades amb aspecte d\u2019article, que m\u2019intercanvi\u00ed amb l\u2019escriptor i metge Paco Tarazona al llarg de m\u00e9s de tres anys, arran d\u2019una estada seua de treball a Doha. Des de plantejaments ling\u00fc\u00edstics divergents, per\u00f2 compartint un pensament nacionaliste, dugu\u00e9rem a terme un exercici de reflexi\u00f3 al voltant de la llengua, la&hellip;<\/p>\n","protected":false},"author":2,"featured_media":1302,"comment_status":"closed","ping_status":"closed","sticky":false,"template":"","format":"standard","meta":{"footnotes":""},"categories":[64],"tags":[58],"class_list":["post-1422","post","type-post","status-publish","format-standard","has-post-thumbnail","hentry","category-assaig","tag-2021-va"],"yoast_head":"<!-- This site is optimized with the Yoast SEO plugin v27.4 - https:\/\/yoast.com\/product\/yoast-seo-wordpress\/ -->\n<title>Paraula de valencians. Correspond\u00e8ncia 2018-2021 | Josep Carles La\u00ednez<\/title>\n<meta name=\"description\" content=\"Paraula de valencians. Correspond\u00e8ncia 2018-2021. Recopilaci\u00f3 de les cartes, de vegades amb aspecte d\u2019article, que m\u2019intercanvi\u00ed amb l\u2019escriptor\" \/>\n<meta name=\"robots\" content=\"index, follow, max-snippet:-1, max-image-preview:large, max-video-preview:-1\" \/>\n<link rel=\"canonical\" href=\"https:\/\/josepcarleslainez.com\/va\/literatura-va\/assaig\/paraula-de-valencians-correspondencia-2018-2021\/\" \/>\n<meta property=\"og:locale\" content=\"en_US\" \/>\n<meta property=\"og:type\" content=\"article\" \/>\n<meta property=\"og:title\" content=\"Paraula de valencians. Correspond\u00e8ncia 2018-2021 | Josep Carles La\u00ednez\" \/>\n<meta property=\"og:description\" content=\"Paraula de valencians. Correspond\u00e8ncia 2018-2021. Recopilaci\u00f3 de les cartes, de vegades amb aspecte d\u2019article, que m\u2019intercanvi\u00ed amb l\u2019escriptor\" \/>\n<meta property=\"og:url\" content=\"https:\/\/josepcarleslainez.com\/va\/literatura-va\/assaig\/paraula-de-valencians-correspondencia-2018-2021\/\" \/>\n<meta property=\"og:site_name\" content=\"Josep Carles La\u00ednez\" \/>\n<meta property=\"article:published_time\" content=\"2023-06-29T11:30:36+00:00\" \/>\n<meta property=\"article:modified_time\" content=\"2025-01-06T11:28:30+00:00\" \/>\n<meta property=\"og:image\" content=\"https:\/\/josepcarleslainez.com\/wp-content\/uploads\/Paraula-de-valencians.png\" \/>\n\t<meta property=\"og:image:width\" content=\"400\" \/>\n\t<meta property=\"og:image:height\" content=\"500\" \/>\n\t<meta property=\"og:image:type\" content=\"image\/png\" \/>\n<meta name=\"author\" content=\"Josep Carles La\u00ednez\" \/>\n<meta name=\"twitter:card\" content=\"summary_large_image\" \/>\n<meta name=\"twitter:label1\" content=\"Written by\" \/>\n\t<meta name=\"twitter:data1\" content=\"Josep Carles La\u00ednez\" \/>\n\t<meta name=\"twitter:label2\" content=\"Est. reading time\" \/>\n\t<meta name=\"twitter:data2\" content=\"1 minute\" \/>\n<script type=\"application\/ld+json\" class=\"yoast-schema-graph\">{\"@context\":\"https:\\\/\\\/schema.org\",\"@graph\":[{\"@type\":\"Article\",\"@id\":\"https:\\\/\\\/josepcarleslainez.com\\\/va\\\/literatura-va\\\/assaig\\\/paraula-de-valencians-correspondencia-2018-2021\\\/#article\",\"isPartOf\":{\"@id\":\"https:\\\/\\\/josepcarleslainez.com\\\/va\\\/literatura-va\\\/assaig\\\/paraula-de-valencians-correspondencia-2018-2021\\\/\"},\"author\":{\"name\":\"Josep Carles La\u00ednez\",\"@id\":\"https:\\\/\\\/josepcarleslainez.com\\\/va\\\/#\\\/schema\\\/person\\\/4df12f79903b0a8f8bda77c99ca37ca1\"},\"headline\":\"Paraula de valencians. Correspond\u00e8ncia 2018-2021\",\"datePublished\":\"2023-06-29T11:30:36+00:00\",\"dateModified\":\"2025-01-06T11:28:30+00:00\",\"mainEntityOfPage\":{\"@id\":\"https:\\\/\\\/josepcarleslainez.com\\\/va\\\/literatura-va\\\/assaig\\\/paraula-de-valencians-correspondencia-2018-2021\\\/\"},\"wordCount\":114,\"publisher\":{\"@id\":\"https:\\\/\\\/josepcarleslainez.com\\\/va\\\/#\\\/schema\\\/person\\\/4df12f79903b0a8f8bda77c99ca37ca1\"},\"image\":{\"@id\":\"https:\\\/\\\/josepcarleslainez.com\\\/va\\\/literatura-va\\\/assaig\\\/paraula-de-valencians-correspondencia-2018-2021\\\/#primaryimage\"},\"thumbnailUrl\":\"https:\\\/\\\/josepcarleslainez.com\\\/wp-content\\\/uploads\\\/Paraula-de-valencians.png\",\"keywords\":[\"2021\"],\"articleSection\":[\"Assaig\"],\"inLanguage\":\"va-ES\"},{\"@type\":[\"WebPage\",\"ItemPage\"],\"@id\":\"https:\\\/\\\/josepcarleslainez.com\\\/va\\\/literatura-va\\\/assaig\\\/paraula-de-valencians-correspondencia-2018-2021\\\/\",\"url\":\"https:\\\/\\\/josepcarleslainez.com\\\/va\\\/literatura-va\\\/assaig\\\/paraula-de-valencians-correspondencia-2018-2021\\\/\",\"name\":\"Paraula de valencians. Correspond\u00e8ncia 2018-2021 | Josep Carles La\u00ednez\",\"isPartOf\":{\"@id\":\"https:\\\/\\\/josepcarleslainez.com\\\/va\\\/#website\"},\"primaryImageOfPage\":{\"@id\":\"https:\\\/\\\/josepcarleslainez.com\\\/va\\\/literatura-va\\\/assaig\\\/paraula-de-valencians-correspondencia-2018-2021\\\/#primaryimage\"},\"image\":{\"@id\":\"https:\\\/\\\/josepcarleslainez.com\\\/va\\\/literatura-va\\\/assaig\\\/paraula-de-valencians-correspondencia-2018-2021\\\/#primaryimage\"},\"thumbnailUrl\":\"https:\\\/\\\/josepcarleslainez.com\\\/wp-content\\\/uploads\\\/Paraula-de-valencians.png\",\"datePublished\":\"2023-06-29T11:30:36+00:00\",\"dateModified\":\"2025-01-06T11:28:30+00:00\",\"description\":\"Paraula de valencians. Correspond\u00e8ncia 2018-2021. Recopilaci\u00f3 de les cartes, de vegades amb aspecte d\u2019article, que m\u2019intercanvi\u00ed amb l\u2019escriptor\",\"breadcrumb\":{\"@id\":\"https:\\\/\\\/josepcarleslainez.com\\\/va\\\/literatura-va\\\/assaig\\\/paraula-de-valencians-correspondencia-2018-2021\\\/#breadcrumb\"},\"inLanguage\":\"va-ES\",\"potentialAction\":[{\"@type\":\"ReadAction\",\"target\":[\"https:\\\/\\\/josepcarleslainez.com\\\/va\\\/literatura-va\\\/assaig\\\/paraula-de-valencians-correspondencia-2018-2021\\\/\"]}]},{\"@type\":\"ImageObject\",\"inLanguage\":\"va-ES\",\"@id\":\"https:\\\/\\\/josepcarleslainez.com\\\/va\\\/literatura-va\\\/assaig\\\/paraula-de-valencians-correspondencia-2018-2021\\\/#primaryimage\",\"url\":\"https:\\\/\\\/josepcarleslainez.com\\\/wp-content\\\/uploads\\\/Paraula-de-valencians.png\",\"contentUrl\":\"https:\\\/\\\/josepcarleslainez.com\\\/wp-content\\\/uploads\\\/Paraula-de-valencians.png\",\"width\":400,\"height\":500,\"caption\":\"Paraula de valencians\"},{\"@type\":\"BreadcrumbList\",\"@id\":\"https:\\\/\\\/josepcarleslainez.com\\\/va\\\/literatura-va\\\/assaig\\\/paraula-de-valencians-correspondencia-2018-2021\\\/#breadcrumb\",\"itemListElement\":[{\"@type\":\"ListItem\",\"position\":1,\"name\":\"Inici\",\"item\":\"https:\\\/\\\/josepcarleslainez.com\\\/va\\\/\"},{\"@type\":\"ListItem\",\"position\":2,\"name\":\"Literatura\",\"item\":\"https:\\\/\\\/josepcarleslainez.com\\\/va\\\/categoria\\\/literatura-va\\\/\"},{\"@type\":\"ListItem\",\"position\":3,\"name\":\"Assaig\",\"item\":\"https:\\\/\\\/josepcarleslainez.com\\\/va\\\/categoria\\\/literatura-va\\\/assaig\\\/\"},{\"@type\":\"ListItem\",\"position\":4,\"name\":\"Paraula de valencians. Correspond\u00e8ncia 2018-2021\"}]},{\"@type\":\"WebSite\",\"@id\":\"https:\\\/\\\/josepcarleslainez.com\\\/va\\\/#website\",\"url\":\"https:\\\/\\\/josepcarleslainez.com\\\/va\\\/\",\"name\":\"Josep Carles La\u00ednez\",\"description\":\"Literatura &amp; Arte\",\"publisher\":{\"@id\":\"https:\\\/\\\/josepcarleslainez.com\\\/va\\\/#\\\/schema\\\/person\\\/4df12f79903b0a8f8bda77c99ca37ca1\"},\"potentialAction\":[{\"@type\":\"SearchAction\",\"target\":{\"@type\":\"EntryPoint\",\"urlTemplate\":\"https:\\\/\\\/josepcarleslainez.com\\\/va\\\/?s={search_term_string}\"},\"query-input\":{\"@type\":\"PropertyValueSpecification\",\"valueRequired\":true,\"valueName\":\"search_term_string\"}}],\"inLanguage\":\"va-ES\"},{\"@type\":[\"Person\",\"Organization\"],\"@id\":\"https:\\\/\\\/josepcarleslainez.com\\\/va\\\/#\\\/schema\\\/person\\\/4df12f79903b0a8f8bda77c99ca37ca1\",\"name\":\"Josep Carles La\u00ednez\",\"image\":{\"@type\":\"ImageObject\",\"inLanguage\":\"va-ES\",\"@id\":\"https:\\\/\\\/josepcarleslainez.com\\\/wp-content\\\/uploads\\\/JosepCarlesLainez_Biografia.jpg\",\"url\":\"https:\\\/\\\/josepcarleslainez.com\\\/wp-content\\\/uploads\\\/JosepCarlesLainez_Biografia.jpg\",\"contentUrl\":\"https:\\\/\\\/josepcarleslainez.com\\\/wp-content\\\/uploads\\\/JosepCarlesLainez_Biografia.jpg\",\"width\":571,\"height\":600,\"caption\":\"Josep Carles La\u00ednez\"},\"logo\":{\"@id\":\"https:\\\/\\\/josepcarleslainez.com\\\/wp-content\\\/uploads\\\/JosepCarlesLainez_Biografia.jpg\"},\"sameAs\":[\"https:\\\/\\\/josepcarleslainez.com\"],\"url\":\"https:\\\/\\\/josepcarleslainez.com\\\/va\\\/author\\\/j_carleslainez\\\/\"}]}<\/script>\n<!-- \/ Yoast SEO plugin. -->","yoast_head_json":{"title":"Paraula de valencians. Correspond\u00e8ncia 2018-2021 | Josep Carles La\u00ednez","description":"Paraula de valencians. Correspond\u00e8ncia 2018-2021. Recopilaci\u00f3 de les cartes, de vegades amb aspecte d\u2019article, que m\u2019intercanvi\u00ed amb l\u2019escriptor","robots":{"index":"index","follow":"follow","max-snippet":"max-snippet:-1","max-image-preview":"max-image-preview:large","max-video-preview":"max-video-preview:-1"},"canonical":"https:\/\/josepcarleslainez.com\/va\/literatura-va\/assaig\/paraula-de-valencians-correspondencia-2018-2021\/","og_locale":"en_US","og_type":"article","og_title":"Paraula de valencians. Correspond\u00e8ncia 2018-2021 | Josep Carles La\u00ednez","og_description":"Paraula de valencians. Correspond\u00e8ncia 2018-2021. Recopilaci\u00f3 de les cartes, de vegades amb aspecte d\u2019article, que m\u2019intercanvi\u00ed amb l\u2019escriptor","og_url":"https:\/\/josepcarleslainez.com\/va\/literatura-va\/assaig\/paraula-de-valencians-correspondencia-2018-2021\/","og_site_name":"Josep Carles La\u00ednez","article_published_time":"2023-06-29T11:30:36+00:00","article_modified_time":"2025-01-06T11:28:30+00:00","og_image":[{"width":400,"height":500,"url":"https:\/\/josepcarleslainez.com\/wp-content\/uploads\/Paraula-de-valencians.png","type":"image\/png"}],"author":"Josep Carles La\u00ednez","twitter_card":"summary_large_image","twitter_misc":{"Written by":"Josep Carles La\u00ednez","Est. reading time":"1 minute"},"schema":{"@context":"https:\/\/schema.org","@graph":[{"@type":"Article","@id":"https:\/\/josepcarleslainez.com\/va\/literatura-va\/assaig\/paraula-de-valencians-correspondencia-2018-2021\/#article","isPartOf":{"@id":"https:\/\/josepcarleslainez.com\/va\/literatura-va\/assaig\/paraula-de-valencians-correspondencia-2018-2021\/"},"author":{"name":"Josep Carles La\u00ednez","@id":"https:\/\/josepcarleslainez.com\/va\/#\/schema\/person\/4df12f79903b0a8f8bda77c99ca37ca1"},"headline":"Paraula de valencians. Correspond\u00e8ncia 2018-2021","datePublished":"2023-06-29T11:30:36+00:00","dateModified":"2025-01-06T11:28:30+00:00","mainEntityOfPage":{"@id":"https:\/\/josepcarleslainez.com\/va\/literatura-va\/assaig\/paraula-de-valencians-correspondencia-2018-2021\/"},"wordCount":114,"publisher":{"@id":"https:\/\/josepcarleslainez.com\/va\/#\/schema\/person\/4df12f79903b0a8f8bda77c99ca37ca1"},"image":{"@id":"https:\/\/josepcarleslainez.com\/va\/literatura-va\/assaig\/paraula-de-valencians-correspondencia-2018-2021\/#primaryimage"},"thumbnailUrl":"https:\/\/josepcarleslainez.com\/wp-content\/uploads\/Paraula-de-valencians.png","keywords":["2021"],"articleSection":["Assaig"],"inLanguage":"va-ES"},{"@type":["WebPage","ItemPage"],"@id":"https:\/\/josepcarleslainez.com\/va\/literatura-va\/assaig\/paraula-de-valencians-correspondencia-2018-2021\/","url":"https:\/\/josepcarleslainez.com\/va\/literatura-va\/assaig\/paraula-de-valencians-correspondencia-2018-2021\/","name":"Paraula de valencians. Correspond\u00e8ncia 2018-2021 | Josep Carles La\u00ednez","isPartOf":{"@id":"https:\/\/josepcarleslainez.com\/va\/#website"},"primaryImageOfPage":{"@id":"https:\/\/josepcarleslainez.com\/va\/literatura-va\/assaig\/paraula-de-valencians-correspondencia-2018-2021\/#primaryimage"},"image":{"@id":"https:\/\/josepcarleslainez.com\/va\/literatura-va\/assaig\/paraula-de-valencians-correspondencia-2018-2021\/#primaryimage"},"thumbnailUrl":"https:\/\/josepcarleslainez.com\/wp-content\/uploads\/Paraula-de-valencians.png","datePublished":"2023-06-29T11:30:36+00:00","dateModified":"2025-01-06T11:28:30+00:00","description":"Paraula de valencians. Correspond\u00e8ncia 2018-2021. Recopilaci\u00f3 de les cartes, de vegades amb aspecte d\u2019article, que m\u2019intercanvi\u00ed amb l\u2019escriptor","breadcrumb":{"@id":"https:\/\/josepcarleslainez.com\/va\/literatura-va\/assaig\/paraula-de-valencians-correspondencia-2018-2021\/#breadcrumb"},"inLanguage":"va-ES","potentialAction":[{"@type":"ReadAction","target":["https:\/\/josepcarleslainez.com\/va\/literatura-va\/assaig\/paraula-de-valencians-correspondencia-2018-2021\/"]}]},{"@type":"ImageObject","inLanguage":"va-ES","@id":"https:\/\/josepcarleslainez.com\/va\/literatura-va\/assaig\/paraula-de-valencians-correspondencia-2018-2021\/#primaryimage","url":"https:\/\/josepcarleslainez.com\/wp-content\/uploads\/Paraula-de-valencians.png","contentUrl":"https:\/\/josepcarleslainez.com\/wp-content\/uploads\/Paraula-de-valencians.png","width":400,"height":500,"caption":"Paraula de valencians"},{"@type":"BreadcrumbList","@id":"https:\/\/josepcarleslainez.com\/va\/literatura-va\/assaig\/paraula-de-valencians-correspondencia-2018-2021\/#breadcrumb","itemListElement":[{"@type":"ListItem","position":1,"name":"Inici","item":"https:\/\/josepcarleslainez.com\/va\/"},{"@type":"ListItem","position":2,"name":"Literatura","item":"https:\/\/josepcarleslainez.com\/va\/categoria\/literatura-va\/"},{"@type":"ListItem","position":3,"name":"Assaig","item":"https:\/\/josepcarleslainez.com\/va\/categoria\/literatura-va\/assaig\/"},{"@type":"ListItem","position":4,"name":"Paraula de valencians. Correspond\u00e8ncia 2018-2021"}]},{"@type":"WebSite","@id":"https:\/\/josepcarleslainez.com\/va\/#website","url":"https:\/\/josepcarleslainez.com\/va\/","name":"Josep Carles La\u00ednez","description":"Literatura &amp; Arte","publisher":{"@id":"https:\/\/josepcarleslainez.com\/va\/#\/schema\/person\/4df12f79903b0a8f8bda77c99ca37ca1"},"potentialAction":[{"@type":"SearchAction","target":{"@type":"EntryPoint","urlTemplate":"https:\/\/josepcarleslainez.com\/va\/?s={search_term_string}"},"query-input":{"@type":"PropertyValueSpecification","valueRequired":true,"valueName":"search_term_string"}}],"inLanguage":"va-ES"},{"@type":["Person","Organization"],"@id":"https:\/\/josepcarleslainez.com\/va\/#\/schema\/person\/4df12f79903b0a8f8bda77c99ca37ca1","name":"Josep Carles La\u00ednez","image":{"@type":"ImageObject","inLanguage":"va-ES","@id":"https:\/\/josepcarleslainez.com\/wp-content\/uploads\/JosepCarlesLainez_Biografia.jpg","url":"https:\/\/josepcarleslainez.com\/wp-content\/uploads\/JosepCarlesLainez_Biografia.jpg","contentUrl":"https:\/\/josepcarleslainez.com\/wp-content\/uploads\/JosepCarlesLainez_Biografia.jpg","width":571,"height":600,"caption":"Josep Carles La\u00ednez"},"logo":{"@id":"https:\/\/josepcarleslainez.com\/wp-content\/uploads\/JosepCarlesLainez_Biografia.jpg"},"sameAs":["https:\/\/josepcarleslainez.com"],"url":"https:\/\/josepcarleslainez.com\/va\/author\/j_carleslainez\/"}]}},"_links":{"self":[{"href":"https:\/\/josepcarleslainez.com\/va\/wp-json\/wp\/v2\/posts\/1422","targetHints":{"allow":["GET"]}}],"collection":[{"href":"https:\/\/josepcarleslainez.com\/va\/wp-json\/wp\/v2\/posts"}],"about":[{"href":"https:\/\/josepcarleslainez.com\/va\/wp-json\/wp\/v2\/types\/post"}],"author":[{"embeddable":true,"href":"https:\/\/josepcarleslainez.com\/va\/wp-json\/wp\/v2\/users\/2"}],"replies":[{"embeddable":true,"href":"https:\/\/josepcarleslainez.com\/va\/wp-json\/wp\/v2\/comments?post=1422"}],"version-history":[{"count":1,"href":"https:\/\/josepcarleslainez.com\/va\/wp-json\/wp\/v2\/posts\/1422\/revisions"}],"predecessor-version":[{"id":3614,"href":"https:\/\/josepcarleslainez.com\/va\/wp-json\/wp\/v2\/posts\/1422\/revisions\/3614"}],"wp:featuredmedia":[{"embeddable":true,"href":"https:\/\/josepcarleslainez.com\/va\/wp-json\/wp\/v2\/media\/1302"}],"wp:attachment":[{"href":"https:\/\/josepcarleslainez.com\/va\/wp-json\/wp\/v2\/media?parent=1422"}],"wp:term":[{"taxonomy":"category","embeddable":true,"href":"https:\/\/josepcarleslainez.com\/va\/wp-json\/wp\/v2\/categories?post=1422"},{"taxonomy":"post_tag","embeddable":true,"href":"https:\/\/josepcarleslainez.com\/va\/wp-json\/wp\/v2\/tags?post=1422"}],"curies":[{"name":"wp","href":"https:\/\/api.w.org\/{rel}","templated":true}]}}