{"id":1417,"date":"2023-06-30T19:10:28","date_gmt":"2023-06-30T17:10:28","guid":{"rendered":"https:\/\/josepcarleslainez.com\/sin-categorizar\/oizorsken-zeltar\/"},"modified":"2025-01-06T12:28:30","modified_gmt":"2025-01-06T11:28:30","slug":"oizorsken-zeltar","status":"publish","type":"post","link":"https:\/\/josepcarleslainez.com\/va\/literatura-va\/poesia-va\/oizorsken-zeltar\/","title":{"rendered":"Oizorsken zeltar"},"content":{"rendered":"<p><em>Oizorsken zeltar<\/em> vol dir <em>La pedra dels llops<\/em> en neoib\u00e8ric. \u00c9s un recull de poemes que escrigu\u00e9rem Ilsa Nereildun i jo la primera nit de l\u2019estiu de l\u2019any 1995. Tots dos pertany\u00edem al col\u00b7lectiu nacionalpag\u00e0 Gudua Deisdea, i preten\u00edem crear una llengua, basada en la hip\u00f2tesi de Federico Krutwig en Garaldea, per als nostres ritus. El volum cont\u00e9 tots els poemes que conserv\u00ed d\u2019aquell moment, amb la traducci\u00f3 al castell\u00e0 i una breu nota explicativa. El llibre fon presentat en el tercer festival Ra\u00edz Ib\u00e8rica, a S\u00f2ria, el 22 de juny de 2017.<\/p>\n<h3 style=\"font-size: 13px; font-weight: 600;\"><em>Oizorsken zeltar<\/em>, en col\u00b7laboraci\u00f3 amb Ilsa Nereildun, Val\u00e8ncia, Gudua Deisdea, 2017.<\/h3>\n","protected":false},"excerpt":{"rendered":"<p>Oizorsken zeltar vol dir La pedra dels llops en neoib\u00e8ric. \u00c9s un recull de poemes que escrigu\u00e9rem Ilsa Nereildun i jo la primera nit de l\u2019estiu de l\u2019any 1995. Tots dos pertany\u00edem al col\u00b7lectiu nacionalpag\u00e0 Gudua Deisdea, i preten\u00edem crear una llengua, basada en la hip\u00f2tesi de Federico Krutwig en Garaldea, per als nostres ritus.&hellip;<\/p>\n","protected":false},"author":2,"featured_media":1212,"comment_status":"closed","ping_status":"closed","sticky":false,"template":"","format":"standard","meta":{"footnotes":""},"categories":[59],"tags":[60],"class_list":["post-1417","post","type-post","status-publish","format-standard","has-post-thumbnail","hentry","category-poesia-va","tag-2017-va"],"yoast_head":"<!-- This site is optimized with the Yoast SEO plugin v27.4 - https:\/\/yoast.com\/product\/yoast-seo-wordpress\/ -->\n<title>Oizorsken zeltar | Josep Carles La\u00ednez<\/title>\n<meta name=\"description\" content=\"Oizorsken zeltar vol dir La pedra dels llops en neoib\u00e8ric. \u00c9s un recull de poemes que escrigu\u00e9rem Ilsa Nereildun i jo la primera nit de l\u2019estiu de l\u2019any 1995\" \/>\n<meta name=\"robots\" content=\"index, follow, max-snippet:-1, max-image-preview:large, max-video-preview:-1\" \/>\n<link rel=\"canonical\" href=\"https:\/\/josepcarleslainez.com\/va\/literatura-va\/poesia-va\/oizorsken-zeltar\/\" \/>\n<meta property=\"og:locale\" content=\"en_US\" \/>\n<meta property=\"og:type\" content=\"article\" \/>\n<meta property=\"og:title\" content=\"Oizorsken zeltar | Josep Carles La\u00ednez\" \/>\n<meta property=\"og:description\" content=\"Oizorsken zeltar vol dir La pedra dels llops en neoib\u00e8ric. \u00c9s un recull de poemes que escrigu\u00e9rem Ilsa Nereildun i jo la primera nit de l\u2019estiu de l\u2019any 1995\" \/>\n<meta property=\"og:url\" content=\"https:\/\/josepcarleslainez.com\/va\/literatura-va\/poesia-va\/oizorsken-zeltar\/\" \/>\n<meta property=\"og:site_name\" content=\"Josep Carles La\u00ednez\" \/>\n<meta property=\"article:published_time\" content=\"2023-06-30T17:10:28+00:00\" \/>\n<meta property=\"article:modified_time\" content=\"2025-01-06T11:28:30+00:00\" \/>\n<meta property=\"og:image\" content=\"https:\/\/josepcarleslainez.com\/wp-content\/uploads\/Oizorsken-zeltar.png\" \/>\n\t<meta property=\"og:image:width\" content=\"400\" \/>\n\t<meta property=\"og:image:height\" content=\"500\" \/>\n\t<meta property=\"og:image:type\" content=\"image\/png\" \/>\n<meta name=\"author\" content=\"Josep Carles La\u00ednez\" \/>\n<meta name=\"twitter:card\" content=\"summary_large_image\" \/>\n<meta name=\"twitter:label1\" content=\"Written by\" \/>\n\t<meta name=\"twitter:data1\" content=\"Josep Carles La\u00ednez\" \/>\n\t<meta name=\"twitter:label2\" content=\"Est. reading time\" \/>\n\t<meta name=\"twitter:data2\" content=\"1 minute\" \/>\n<script type=\"application\/ld+json\" class=\"yoast-schema-graph\">{\"@context\":\"https:\\\/\\\/schema.org\",\"@graph\":[{\"@type\":\"Article\",\"@id\":\"https:\\\/\\\/josepcarleslainez.com\\\/va\\\/literatura-va\\\/poesia-va\\\/oizorsken-zeltar\\\/#article\",\"isPartOf\":{\"@id\":\"https:\\\/\\\/josepcarleslainez.com\\\/va\\\/literatura-va\\\/poesia-va\\\/oizorsken-zeltar\\\/\"},\"author\":{\"name\":\"Josep Carles La\u00ednez\",\"@id\":\"https:\\\/\\\/josepcarleslainez.com\\\/va\\\/#\\\/schema\\\/person\\\/4df12f79903b0a8f8bda77c99ca37ca1\"},\"headline\":\"Oizorsken zeltar\",\"datePublished\":\"2023-06-30T17:10:28+00:00\",\"dateModified\":\"2025-01-06T11:28:30+00:00\",\"mainEntityOfPage\":{\"@id\":\"https:\\\/\\\/josepcarleslainez.com\\\/va\\\/literatura-va\\\/poesia-va\\\/oizorsken-zeltar\\\/\"},\"wordCount\":116,\"publisher\":{\"@id\":\"https:\\\/\\\/josepcarleslainez.com\\\/va\\\/#\\\/schema\\\/person\\\/4df12f79903b0a8f8bda77c99ca37ca1\"},\"image\":{\"@id\":\"https:\\\/\\\/josepcarleslainez.com\\\/va\\\/literatura-va\\\/poesia-va\\\/oizorsken-zeltar\\\/#primaryimage\"},\"thumbnailUrl\":\"https:\\\/\\\/josepcarleslainez.com\\\/wp-content\\\/uploads\\\/Oizorsken-zeltar.png\",\"keywords\":[\"2017\"],\"articleSection\":[\"Poesia\"],\"inLanguage\":\"va-ES\"},{\"@type\":[\"WebPage\",\"ItemPage\"],\"@id\":\"https:\\\/\\\/josepcarleslainez.com\\\/va\\\/literatura-va\\\/poesia-va\\\/oizorsken-zeltar\\\/\",\"url\":\"https:\\\/\\\/josepcarleslainez.com\\\/va\\\/literatura-va\\\/poesia-va\\\/oizorsken-zeltar\\\/\",\"name\":\"Oizorsken zeltar | Josep Carles La\u00ednez\",\"isPartOf\":{\"@id\":\"https:\\\/\\\/josepcarleslainez.com\\\/va\\\/#website\"},\"primaryImageOfPage\":{\"@id\":\"https:\\\/\\\/josepcarleslainez.com\\\/va\\\/literatura-va\\\/poesia-va\\\/oizorsken-zeltar\\\/#primaryimage\"},\"image\":{\"@id\":\"https:\\\/\\\/josepcarleslainez.com\\\/va\\\/literatura-va\\\/poesia-va\\\/oizorsken-zeltar\\\/#primaryimage\"},\"thumbnailUrl\":\"https:\\\/\\\/josepcarleslainez.com\\\/wp-content\\\/uploads\\\/Oizorsken-zeltar.png\",\"datePublished\":\"2023-06-30T17:10:28+00:00\",\"dateModified\":\"2025-01-06T11:28:30+00:00\",\"description\":\"Oizorsken zeltar vol dir La pedra dels llops en neoib\u00e8ric. \u00c9s un recull de poemes que escrigu\u00e9rem Ilsa Nereildun i jo la primera nit de l\u2019estiu de l\u2019any 1995\",\"breadcrumb\":{\"@id\":\"https:\\\/\\\/josepcarleslainez.com\\\/va\\\/literatura-va\\\/poesia-va\\\/oizorsken-zeltar\\\/#breadcrumb\"},\"inLanguage\":\"va-ES\",\"potentialAction\":[{\"@type\":\"ReadAction\",\"target\":[\"https:\\\/\\\/josepcarleslainez.com\\\/va\\\/literatura-va\\\/poesia-va\\\/oizorsken-zeltar\\\/\"]}]},{\"@type\":\"ImageObject\",\"inLanguage\":\"va-ES\",\"@id\":\"https:\\\/\\\/josepcarleslainez.com\\\/va\\\/literatura-va\\\/poesia-va\\\/oizorsken-zeltar\\\/#primaryimage\",\"url\":\"https:\\\/\\\/josepcarleslainez.com\\\/wp-content\\\/uploads\\\/Oizorsken-zeltar.png\",\"contentUrl\":\"https:\\\/\\\/josepcarleslainez.com\\\/wp-content\\\/uploads\\\/Oizorsken-zeltar.png\",\"width\":400,\"height\":500,\"caption\":\"Oizorsken zeltar\"},{\"@type\":\"BreadcrumbList\",\"@id\":\"https:\\\/\\\/josepcarleslainez.com\\\/va\\\/literatura-va\\\/poesia-va\\\/oizorsken-zeltar\\\/#breadcrumb\",\"itemListElement\":[{\"@type\":\"ListItem\",\"position\":1,\"name\":\"Inici\",\"item\":\"https:\\\/\\\/josepcarleslainez.com\\\/va\\\/\"},{\"@type\":\"ListItem\",\"position\":2,\"name\":\"Literatura\",\"item\":\"https:\\\/\\\/josepcarleslainez.com\\\/va\\\/categoria\\\/literatura-va\\\/\"},{\"@type\":\"ListItem\",\"position\":3,\"name\":\"Poesia\",\"item\":\"https:\\\/\\\/josepcarleslainez.com\\\/va\\\/categoria\\\/literatura-va\\\/poesia-va\\\/\"},{\"@type\":\"ListItem\",\"position\":4,\"name\":\"Oizorsken zeltar\"}]},{\"@type\":\"WebSite\",\"@id\":\"https:\\\/\\\/josepcarleslainez.com\\\/va\\\/#website\",\"url\":\"https:\\\/\\\/josepcarleslainez.com\\\/va\\\/\",\"name\":\"Josep Carles La\u00ednez\",\"description\":\"Literatura &amp; Arte\",\"publisher\":{\"@id\":\"https:\\\/\\\/josepcarleslainez.com\\\/va\\\/#\\\/schema\\\/person\\\/4df12f79903b0a8f8bda77c99ca37ca1\"},\"potentialAction\":[{\"@type\":\"SearchAction\",\"target\":{\"@type\":\"EntryPoint\",\"urlTemplate\":\"https:\\\/\\\/josepcarleslainez.com\\\/va\\\/?s={search_term_string}\"},\"query-input\":{\"@type\":\"PropertyValueSpecification\",\"valueRequired\":true,\"valueName\":\"search_term_string\"}}],\"inLanguage\":\"va-ES\"},{\"@type\":[\"Person\",\"Organization\"],\"@id\":\"https:\\\/\\\/josepcarleslainez.com\\\/va\\\/#\\\/schema\\\/person\\\/4df12f79903b0a8f8bda77c99ca37ca1\",\"name\":\"Josep Carles La\u00ednez\",\"image\":{\"@type\":\"ImageObject\",\"inLanguage\":\"va-ES\",\"@id\":\"https:\\\/\\\/josepcarleslainez.com\\\/wp-content\\\/uploads\\\/JosepCarlesLainez_Biografia.jpg\",\"url\":\"https:\\\/\\\/josepcarleslainez.com\\\/wp-content\\\/uploads\\\/JosepCarlesLainez_Biografia.jpg\",\"contentUrl\":\"https:\\\/\\\/josepcarleslainez.com\\\/wp-content\\\/uploads\\\/JosepCarlesLainez_Biografia.jpg\",\"width\":571,\"height\":600,\"caption\":\"Josep Carles La\u00ednez\"},\"logo\":{\"@id\":\"https:\\\/\\\/josepcarleslainez.com\\\/wp-content\\\/uploads\\\/JosepCarlesLainez_Biografia.jpg\"},\"sameAs\":[\"https:\\\/\\\/josepcarleslainez.com\"],\"url\":\"https:\\\/\\\/josepcarleslainez.com\\\/va\\\/author\\\/j_carleslainez\\\/\"}]}<\/script>\n<!-- \/ Yoast SEO plugin. -->","yoast_head_json":{"title":"Oizorsken zeltar | Josep Carles La\u00ednez","description":"Oizorsken zeltar vol dir La pedra dels llops en neoib\u00e8ric. \u00c9s un recull de poemes que escrigu\u00e9rem Ilsa Nereildun i jo la primera nit de l\u2019estiu de l\u2019any 1995","robots":{"index":"index","follow":"follow","max-snippet":"max-snippet:-1","max-image-preview":"max-image-preview:large","max-video-preview":"max-video-preview:-1"},"canonical":"https:\/\/josepcarleslainez.com\/va\/literatura-va\/poesia-va\/oizorsken-zeltar\/","og_locale":"en_US","og_type":"article","og_title":"Oizorsken zeltar | Josep Carles La\u00ednez","og_description":"Oizorsken zeltar vol dir La pedra dels llops en neoib\u00e8ric. \u00c9s un recull de poemes que escrigu\u00e9rem Ilsa Nereildun i jo la primera nit de l\u2019estiu de l\u2019any 1995","og_url":"https:\/\/josepcarleslainez.com\/va\/literatura-va\/poesia-va\/oizorsken-zeltar\/","og_site_name":"Josep Carles La\u00ednez","article_published_time":"2023-06-30T17:10:28+00:00","article_modified_time":"2025-01-06T11:28:30+00:00","og_image":[{"width":400,"height":500,"url":"https:\/\/josepcarleslainez.com\/wp-content\/uploads\/Oizorsken-zeltar.png","type":"image\/png"}],"author":"Josep Carles La\u00ednez","twitter_card":"summary_large_image","twitter_misc":{"Written by":"Josep Carles La\u00ednez","Est. reading time":"1 minute"},"schema":{"@context":"https:\/\/schema.org","@graph":[{"@type":"Article","@id":"https:\/\/josepcarleslainez.com\/va\/literatura-va\/poesia-va\/oizorsken-zeltar\/#article","isPartOf":{"@id":"https:\/\/josepcarleslainez.com\/va\/literatura-va\/poesia-va\/oizorsken-zeltar\/"},"author":{"name":"Josep Carles La\u00ednez","@id":"https:\/\/josepcarleslainez.com\/va\/#\/schema\/person\/4df12f79903b0a8f8bda77c99ca37ca1"},"headline":"Oizorsken zeltar","datePublished":"2023-06-30T17:10:28+00:00","dateModified":"2025-01-06T11:28:30+00:00","mainEntityOfPage":{"@id":"https:\/\/josepcarleslainez.com\/va\/literatura-va\/poesia-va\/oizorsken-zeltar\/"},"wordCount":116,"publisher":{"@id":"https:\/\/josepcarleslainez.com\/va\/#\/schema\/person\/4df12f79903b0a8f8bda77c99ca37ca1"},"image":{"@id":"https:\/\/josepcarleslainez.com\/va\/literatura-va\/poesia-va\/oizorsken-zeltar\/#primaryimage"},"thumbnailUrl":"https:\/\/josepcarleslainez.com\/wp-content\/uploads\/Oizorsken-zeltar.png","keywords":["2017"],"articleSection":["Poesia"],"inLanguage":"va-ES"},{"@type":["WebPage","ItemPage"],"@id":"https:\/\/josepcarleslainez.com\/va\/literatura-va\/poesia-va\/oizorsken-zeltar\/","url":"https:\/\/josepcarleslainez.com\/va\/literatura-va\/poesia-va\/oizorsken-zeltar\/","name":"Oizorsken zeltar | Josep Carles La\u00ednez","isPartOf":{"@id":"https:\/\/josepcarleslainez.com\/va\/#website"},"primaryImageOfPage":{"@id":"https:\/\/josepcarleslainez.com\/va\/literatura-va\/poesia-va\/oizorsken-zeltar\/#primaryimage"},"image":{"@id":"https:\/\/josepcarleslainez.com\/va\/literatura-va\/poesia-va\/oizorsken-zeltar\/#primaryimage"},"thumbnailUrl":"https:\/\/josepcarleslainez.com\/wp-content\/uploads\/Oizorsken-zeltar.png","datePublished":"2023-06-30T17:10:28+00:00","dateModified":"2025-01-06T11:28:30+00:00","description":"Oizorsken zeltar vol dir La pedra dels llops en neoib\u00e8ric. \u00c9s un recull de poemes que escrigu\u00e9rem Ilsa Nereildun i jo la primera nit de l\u2019estiu de l\u2019any 1995","breadcrumb":{"@id":"https:\/\/josepcarleslainez.com\/va\/literatura-va\/poesia-va\/oizorsken-zeltar\/#breadcrumb"},"inLanguage":"va-ES","potentialAction":[{"@type":"ReadAction","target":["https:\/\/josepcarleslainez.com\/va\/literatura-va\/poesia-va\/oizorsken-zeltar\/"]}]},{"@type":"ImageObject","inLanguage":"va-ES","@id":"https:\/\/josepcarleslainez.com\/va\/literatura-va\/poesia-va\/oizorsken-zeltar\/#primaryimage","url":"https:\/\/josepcarleslainez.com\/wp-content\/uploads\/Oizorsken-zeltar.png","contentUrl":"https:\/\/josepcarleslainez.com\/wp-content\/uploads\/Oizorsken-zeltar.png","width":400,"height":500,"caption":"Oizorsken zeltar"},{"@type":"BreadcrumbList","@id":"https:\/\/josepcarleslainez.com\/va\/literatura-va\/poesia-va\/oizorsken-zeltar\/#breadcrumb","itemListElement":[{"@type":"ListItem","position":1,"name":"Inici","item":"https:\/\/josepcarleslainez.com\/va\/"},{"@type":"ListItem","position":2,"name":"Literatura","item":"https:\/\/josepcarleslainez.com\/va\/categoria\/literatura-va\/"},{"@type":"ListItem","position":3,"name":"Poesia","item":"https:\/\/josepcarleslainez.com\/va\/categoria\/literatura-va\/poesia-va\/"},{"@type":"ListItem","position":4,"name":"Oizorsken zeltar"}]},{"@type":"WebSite","@id":"https:\/\/josepcarleslainez.com\/va\/#website","url":"https:\/\/josepcarleslainez.com\/va\/","name":"Josep Carles La\u00ednez","description":"Literatura &amp; Arte","publisher":{"@id":"https:\/\/josepcarleslainez.com\/va\/#\/schema\/person\/4df12f79903b0a8f8bda77c99ca37ca1"},"potentialAction":[{"@type":"SearchAction","target":{"@type":"EntryPoint","urlTemplate":"https:\/\/josepcarleslainez.com\/va\/?s={search_term_string}"},"query-input":{"@type":"PropertyValueSpecification","valueRequired":true,"valueName":"search_term_string"}}],"inLanguage":"va-ES"},{"@type":["Person","Organization"],"@id":"https:\/\/josepcarleslainez.com\/va\/#\/schema\/person\/4df12f79903b0a8f8bda77c99ca37ca1","name":"Josep Carles La\u00ednez","image":{"@type":"ImageObject","inLanguage":"va-ES","@id":"https:\/\/josepcarleslainez.com\/wp-content\/uploads\/JosepCarlesLainez_Biografia.jpg","url":"https:\/\/josepcarleslainez.com\/wp-content\/uploads\/JosepCarlesLainez_Biografia.jpg","contentUrl":"https:\/\/josepcarleslainez.com\/wp-content\/uploads\/JosepCarlesLainez_Biografia.jpg","width":571,"height":600,"caption":"Josep Carles La\u00ednez"},"logo":{"@id":"https:\/\/josepcarleslainez.com\/wp-content\/uploads\/JosepCarlesLainez_Biografia.jpg"},"sameAs":["https:\/\/josepcarleslainez.com"],"url":"https:\/\/josepcarleslainez.com\/va\/author\/j_carleslainez\/"}]}},"_links":{"self":[{"href":"https:\/\/josepcarleslainez.com\/va\/wp-json\/wp\/v2\/posts\/1417","targetHints":{"allow":["GET"]}}],"collection":[{"href":"https:\/\/josepcarleslainez.com\/va\/wp-json\/wp\/v2\/posts"}],"about":[{"href":"https:\/\/josepcarleslainez.com\/va\/wp-json\/wp\/v2\/types\/post"}],"author":[{"embeddable":true,"href":"https:\/\/josepcarleslainez.com\/va\/wp-json\/wp\/v2\/users\/2"}],"replies":[{"embeddable":true,"href":"https:\/\/josepcarleslainez.com\/va\/wp-json\/wp\/v2\/comments?post=1417"}],"version-history":[{"count":1,"href":"https:\/\/josepcarleslainez.com\/va\/wp-json\/wp\/v2\/posts\/1417\/revisions"}],"predecessor-version":[{"id":3618,"href":"https:\/\/josepcarleslainez.com\/va\/wp-json\/wp\/v2\/posts\/1417\/revisions\/3618"}],"wp:featuredmedia":[{"embeddable":true,"href":"https:\/\/josepcarleslainez.com\/va\/wp-json\/wp\/v2\/media\/1212"}],"wp:attachment":[{"href":"https:\/\/josepcarleslainez.com\/va\/wp-json\/wp\/v2\/media?parent=1417"}],"wp:term":[{"taxonomy":"category","embeddable":true,"href":"https:\/\/josepcarleslainez.com\/va\/wp-json\/wp\/v2\/categories?post=1417"},{"taxonomy":"post_tag","embeddable":true,"href":"https:\/\/josepcarleslainez.com\/va\/wp-json\/wp\/v2\/tags?post=1417"}],"curies":[{"name":"wp","href":"https:\/\/api.w.org\/{rel}","templated":true}]}}