{"id":1416,"date":"2023-06-30T18:09:09","date_gmt":"2023-06-30T16:09:09","guid":{"rendered":"https:\/\/josepcarleslainez.com\/sin-categorizar\/quadern-dalmudena\/"},"modified":"2025-01-06T12:28:30","modified_gmt":"2025-01-06T11:28:30","slug":"quadern-dalmudena","status":"publish","type":"post","link":"https:\/\/josepcarleslainez.com\/va\/literatura-va\/diaris\/quadern-dalmudena\/","title":{"rendered":"Quadern d\u2019Almudena"},"content":{"rendered":"<p>L\u2019origen d\u2019este text, que considere part del meu diari a causa de la intensitat de l\u2019experi\u00e8ncia, i sobretot d\u2019estar delimitada en el temps (unes dates molt concretes de 2017), es troba en una llarga <em>performance<\/em> amb l\u2019artista Almudena Mill\u00e1n (Madrid, 1990) basada en l\u2019obra <em>Mr. Gwyn <\/em> d\u2019Alessandro Baricco. La intimitat i la comunicaci\u00f3 silenciosa que visqu\u00e9rem fon pertorbadora en el seu moment, per\u00f2 alhora enormement humana.<\/p>\n<h3 style=\"font-size: 13px; font-weight: 600;\">\u201cQuadern d\u2019Almudena\u201d, en <em>\u00d2c<\/em>, 136 (marzo, 2021), pp. 60-67. 60-67.<\/h3>\n","protected":false},"excerpt":{"rendered":"<p>L\u2019origen d\u2019este text, que considere part del meu diari a causa de la intensitat de l\u2019experi\u00e8ncia, i sobretot d\u2019estar delimitada en el temps (unes dates molt concretes de 2017), es troba en una llarga performance amb l\u2019artista Almudena Mill\u00e1n (Madrid, 1990) basada en l\u2019obra Mr. Gwyn d\u2019Alessandro Baricco. La intimitat i la comunicaci\u00f3 silenciosa que&hellip;<\/p>\n","protected":false},"author":2,"featured_media":1168,"comment_status":"closed","ping_status":"closed","sticky":false,"template":"","format":"standard","meta":{"footnotes":""},"categories":[57],"tags":[58],"class_list":["post-1416","post","type-post","status-publish","format-standard","has-post-thumbnail","hentry","category-diaris","tag-2021-va"],"yoast_head":"<!-- This site is optimized with the Yoast SEO plugin v27.4 - https:\/\/yoast.com\/product\/yoast-seo-wordpress\/ -->\n<title>Quadern d\u2019Almudena | Josep Carles La\u00ednez<\/title>\n<meta name=\"description\" content=\"Quadern d\u2019Almudena. L\u2019origen d\u2019este text, que el considere part del meu diari a causa de la intensitat de l\u2019experi\u00e8ncia, i sobretot d\u2019estar delimitada\" \/>\n<meta name=\"robots\" content=\"index, follow, max-snippet:-1, max-image-preview:large, max-video-preview:-1\" \/>\n<link rel=\"canonical\" href=\"https:\/\/josepcarleslainez.com\/va\/literatura-va\/diaris\/quadern-dalmudena\/\" \/>\n<meta property=\"og:locale\" content=\"en_US\" \/>\n<meta property=\"og:type\" content=\"article\" \/>\n<meta property=\"og:title\" content=\"Quadern d\u2019Almudena | Josep Carles La\u00ednez\" \/>\n<meta property=\"og:description\" content=\"Quadern d\u2019Almudena. L\u2019origen d\u2019este text, que el considere part del meu diari a causa de la intensitat de l\u2019experi\u00e8ncia, i sobretot d\u2019estar delimitada\" \/>\n<meta property=\"og:url\" content=\"https:\/\/josepcarleslainez.com\/va\/literatura-va\/diaris\/quadern-dalmudena\/\" \/>\n<meta property=\"og:site_name\" content=\"Josep Carles La\u00ednez\" \/>\n<meta property=\"article:published_time\" content=\"2023-06-30T16:09:09+00:00\" \/>\n<meta property=\"article:modified_time\" content=\"2025-01-06T11:28:30+00:00\" \/>\n<meta property=\"og:image\" content=\"https:\/\/josepcarleslainez.com\/wp-content\/uploads\/Quadern-dAlmudena.png\" \/>\n\t<meta property=\"og:image:width\" content=\"400\" \/>\n\t<meta property=\"og:image:height\" content=\"500\" \/>\n\t<meta property=\"og:image:type\" content=\"image\/png\" \/>\n<meta name=\"author\" content=\"Josep Carles La\u00ednez\" \/>\n<meta name=\"twitter:card\" content=\"summary_large_image\" \/>\n<meta name=\"twitter:label1\" content=\"Written by\" \/>\n\t<meta name=\"twitter:data1\" content=\"Josep Carles La\u00ednez\" \/>\n\t<meta name=\"twitter:label2\" content=\"Est. reading time\" \/>\n\t<meta name=\"twitter:data2\" content=\"1 minute\" \/>\n<script type=\"application\/ld+json\" class=\"yoast-schema-graph\">{\"@context\":\"https:\\\/\\\/schema.org\",\"@graph\":[{\"@type\":\"Article\",\"@id\":\"https:\\\/\\\/josepcarleslainez.com\\\/va\\\/literatura-va\\\/diaris\\\/quadern-dalmudena\\\/#article\",\"isPartOf\":{\"@id\":\"https:\\\/\\\/josepcarleslainez.com\\\/va\\\/literatura-va\\\/diaris\\\/quadern-dalmudena\\\/\"},\"author\":{\"name\":\"Josep Carles La\u00ednez\",\"@id\":\"https:\\\/\\\/josepcarleslainez.com\\\/va\\\/#\\\/schema\\\/person\\\/4df12f79903b0a8f8bda77c99ca37ca1\"},\"headline\":\"Quadern d\u2019Almudena\",\"datePublished\":\"2023-06-30T16:09:09+00:00\",\"dateModified\":\"2025-01-06T11:28:30+00:00\",\"mainEntityOfPage\":{\"@id\":\"https:\\\/\\\/josepcarleslainez.com\\\/va\\\/literatura-va\\\/diaris\\\/quadern-dalmudena\\\/\"},\"wordCount\":86,\"publisher\":{\"@id\":\"https:\\\/\\\/josepcarleslainez.com\\\/va\\\/#\\\/schema\\\/person\\\/4df12f79903b0a8f8bda77c99ca37ca1\"},\"image\":{\"@id\":\"https:\\\/\\\/josepcarleslainez.com\\\/va\\\/literatura-va\\\/diaris\\\/quadern-dalmudena\\\/#primaryimage\"},\"thumbnailUrl\":\"https:\\\/\\\/josepcarleslainez.com\\\/wp-content\\\/uploads\\\/Quadern-dAlmudena.png\",\"keywords\":[\"2021\"],\"articleSection\":[\"Diaris\"],\"inLanguage\":\"va-ES\"},{\"@type\":[\"WebPage\",\"ItemPage\"],\"@id\":\"https:\\\/\\\/josepcarleslainez.com\\\/va\\\/literatura-va\\\/diaris\\\/quadern-dalmudena\\\/\",\"url\":\"https:\\\/\\\/josepcarleslainez.com\\\/va\\\/literatura-va\\\/diaris\\\/quadern-dalmudena\\\/\",\"name\":\"Quadern d\u2019Almudena | Josep Carles La\u00ednez\",\"isPartOf\":{\"@id\":\"https:\\\/\\\/josepcarleslainez.com\\\/va\\\/#website\"},\"primaryImageOfPage\":{\"@id\":\"https:\\\/\\\/josepcarleslainez.com\\\/va\\\/literatura-va\\\/diaris\\\/quadern-dalmudena\\\/#primaryimage\"},\"image\":{\"@id\":\"https:\\\/\\\/josepcarleslainez.com\\\/va\\\/literatura-va\\\/diaris\\\/quadern-dalmudena\\\/#primaryimage\"},\"thumbnailUrl\":\"https:\\\/\\\/josepcarleslainez.com\\\/wp-content\\\/uploads\\\/Quadern-dAlmudena.png\",\"datePublished\":\"2023-06-30T16:09:09+00:00\",\"dateModified\":\"2025-01-06T11:28:30+00:00\",\"description\":\"Quadern d\u2019Almudena. L\u2019origen d\u2019este text, que el considere part del meu diari a causa de la intensitat de l\u2019experi\u00e8ncia, i sobretot d\u2019estar delimitada\",\"breadcrumb\":{\"@id\":\"https:\\\/\\\/josepcarleslainez.com\\\/va\\\/literatura-va\\\/diaris\\\/quadern-dalmudena\\\/#breadcrumb\"},\"inLanguage\":\"va-ES\",\"potentialAction\":[{\"@type\":\"ReadAction\",\"target\":[\"https:\\\/\\\/josepcarleslainez.com\\\/va\\\/literatura-va\\\/diaris\\\/quadern-dalmudena\\\/\"]}]},{\"@type\":\"ImageObject\",\"inLanguage\":\"va-ES\",\"@id\":\"https:\\\/\\\/josepcarleslainez.com\\\/va\\\/literatura-va\\\/diaris\\\/quadern-dalmudena\\\/#primaryimage\",\"url\":\"https:\\\/\\\/josepcarleslainez.com\\\/wp-content\\\/uploads\\\/Quadern-dAlmudena.png\",\"contentUrl\":\"https:\\\/\\\/josepcarleslainez.com\\\/wp-content\\\/uploads\\\/Quadern-dAlmudena.png\",\"width\":400,\"height\":500,\"caption\":\"Quadern d\u2019Almudena\"},{\"@type\":\"BreadcrumbList\",\"@id\":\"https:\\\/\\\/josepcarleslainez.com\\\/va\\\/literatura-va\\\/diaris\\\/quadern-dalmudena\\\/#breadcrumb\",\"itemListElement\":[{\"@type\":\"ListItem\",\"position\":1,\"name\":\"Inici\",\"item\":\"https:\\\/\\\/josepcarleslainez.com\\\/va\\\/\"},{\"@type\":\"ListItem\",\"position\":2,\"name\":\"Literatura\",\"item\":\"https:\\\/\\\/josepcarleslainez.com\\\/va\\\/categoria\\\/literatura-va\\\/\"},{\"@type\":\"ListItem\",\"position\":3,\"name\":\"Diaris\",\"item\":\"https:\\\/\\\/josepcarleslainez.com\\\/va\\\/categoria\\\/literatura-va\\\/diaris\\\/\"},{\"@type\":\"ListItem\",\"position\":4,\"name\":\"Quadern d\u2019Almudena\"}]},{\"@type\":\"WebSite\",\"@id\":\"https:\\\/\\\/josepcarleslainez.com\\\/va\\\/#website\",\"url\":\"https:\\\/\\\/josepcarleslainez.com\\\/va\\\/\",\"name\":\"Josep Carles La\u00ednez\",\"description\":\"Literatura &amp; Arte\",\"publisher\":{\"@id\":\"https:\\\/\\\/josepcarleslainez.com\\\/va\\\/#\\\/schema\\\/person\\\/4df12f79903b0a8f8bda77c99ca37ca1\"},\"potentialAction\":[{\"@type\":\"SearchAction\",\"target\":{\"@type\":\"EntryPoint\",\"urlTemplate\":\"https:\\\/\\\/josepcarleslainez.com\\\/va\\\/?s={search_term_string}\"},\"query-input\":{\"@type\":\"PropertyValueSpecification\",\"valueRequired\":true,\"valueName\":\"search_term_string\"}}],\"inLanguage\":\"va-ES\"},{\"@type\":[\"Person\",\"Organization\"],\"@id\":\"https:\\\/\\\/josepcarleslainez.com\\\/va\\\/#\\\/schema\\\/person\\\/4df12f79903b0a8f8bda77c99ca37ca1\",\"name\":\"Josep Carles La\u00ednez\",\"image\":{\"@type\":\"ImageObject\",\"inLanguage\":\"va-ES\",\"@id\":\"https:\\\/\\\/josepcarleslainez.com\\\/wp-content\\\/uploads\\\/JosepCarlesLainez_Biografia.jpg\",\"url\":\"https:\\\/\\\/josepcarleslainez.com\\\/wp-content\\\/uploads\\\/JosepCarlesLainez_Biografia.jpg\",\"contentUrl\":\"https:\\\/\\\/josepcarleslainez.com\\\/wp-content\\\/uploads\\\/JosepCarlesLainez_Biografia.jpg\",\"width\":571,\"height\":600,\"caption\":\"Josep Carles La\u00ednez\"},\"logo\":{\"@id\":\"https:\\\/\\\/josepcarleslainez.com\\\/wp-content\\\/uploads\\\/JosepCarlesLainez_Biografia.jpg\"},\"sameAs\":[\"https:\\\/\\\/josepcarleslainez.com\"],\"url\":\"https:\\\/\\\/josepcarleslainez.com\\\/va\\\/author\\\/j_carleslainez\\\/\"}]}<\/script>\n<!-- \/ Yoast SEO plugin. -->","yoast_head_json":{"title":"Quadern d\u2019Almudena | Josep Carles La\u00ednez","description":"Quadern d\u2019Almudena. L\u2019origen d\u2019este text, que el considere part del meu diari a causa de la intensitat de l\u2019experi\u00e8ncia, i sobretot d\u2019estar delimitada","robots":{"index":"index","follow":"follow","max-snippet":"max-snippet:-1","max-image-preview":"max-image-preview:large","max-video-preview":"max-video-preview:-1"},"canonical":"https:\/\/josepcarleslainez.com\/va\/literatura-va\/diaris\/quadern-dalmudena\/","og_locale":"en_US","og_type":"article","og_title":"Quadern d\u2019Almudena | Josep Carles La\u00ednez","og_description":"Quadern d\u2019Almudena. L\u2019origen d\u2019este text, que el considere part del meu diari a causa de la intensitat de l\u2019experi\u00e8ncia, i sobretot d\u2019estar delimitada","og_url":"https:\/\/josepcarleslainez.com\/va\/literatura-va\/diaris\/quadern-dalmudena\/","og_site_name":"Josep Carles La\u00ednez","article_published_time":"2023-06-30T16:09:09+00:00","article_modified_time":"2025-01-06T11:28:30+00:00","og_image":[{"width":400,"height":500,"url":"https:\/\/josepcarleslainez.com\/wp-content\/uploads\/Quadern-dAlmudena.png","type":"image\/png"}],"author":"Josep Carles La\u00ednez","twitter_card":"summary_large_image","twitter_misc":{"Written by":"Josep Carles La\u00ednez","Est. reading time":"1 minute"},"schema":{"@context":"https:\/\/schema.org","@graph":[{"@type":"Article","@id":"https:\/\/josepcarleslainez.com\/va\/literatura-va\/diaris\/quadern-dalmudena\/#article","isPartOf":{"@id":"https:\/\/josepcarleslainez.com\/va\/literatura-va\/diaris\/quadern-dalmudena\/"},"author":{"name":"Josep Carles La\u00ednez","@id":"https:\/\/josepcarleslainez.com\/va\/#\/schema\/person\/4df12f79903b0a8f8bda77c99ca37ca1"},"headline":"Quadern d\u2019Almudena","datePublished":"2023-06-30T16:09:09+00:00","dateModified":"2025-01-06T11:28:30+00:00","mainEntityOfPage":{"@id":"https:\/\/josepcarleslainez.com\/va\/literatura-va\/diaris\/quadern-dalmudena\/"},"wordCount":86,"publisher":{"@id":"https:\/\/josepcarleslainez.com\/va\/#\/schema\/person\/4df12f79903b0a8f8bda77c99ca37ca1"},"image":{"@id":"https:\/\/josepcarleslainez.com\/va\/literatura-va\/diaris\/quadern-dalmudena\/#primaryimage"},"thumbnailUrl":"https:\/\/josepcarleslainez.com\/wp-content\/uploads\/Quadern-dAlmudena.png","keywords":["2021"],"articleSection":["Diaris"],"inLanguage":"va-ES"},{"@type":["WebPage","ItemPage"],"@id":"https:\/\/josepcarleslainez.com\/va\/literatura-va\/diaris\/quadern-dalmudena\/","url":"https:\/\/josepcarleslainez.com\/va\/literatura-va\/diaris\/quadern-dalmudena\/","name":"Quadern d\u2019Almudena | Josep Carles La\u00ednez","isPartOf":{"@id":"https:\/\/josepcarleslainez.com\/va\/#website"},"primaryImageOfPage":{"@id":"https:\/\/josepcarleslainez.com\/va\/literatura-va\/diaris\/quadern-dalmudena\/#primaryimage"},"image":{"@id":"https:\/\/josepcarleslainez.com\/va\/literatura-va\/diaris\/quadern-dalmudena\/#primaryimage"},"thumbnailUrl":"https:\/\/josepcarleslainez.com\/wp-content\/uploads\/Quadern-dAlmudena.png","datePublished":"2023-06-30T16:09:09+00:00","dateModified":"2025-01-06T11:28:30+00:00","description":"Quadern d\u2019Almudena. L\u2019origen d\u2019este text, que el considere part del meu diari a causa de la intensitat de l\u2019experi\u00e8ncia, i sobretot d\u2019estar delimitada","breadcrumb":{"@id":"https:\/\/josepcarleslainez.com\/va\/literatura-va\/diaris\/quadern-dalmudena\/#breadcrumb"},"inLanguage":"va-ES","potentialAction":[{"@type":"ReadAction","target":["https:\/\/josepcarleslainez.com\/va\/literatura-va\/diaris\/quadern-dalmudena\/"]}]},{"@type":"ImageObject","inLanguage":"va-ES","@id":"https:\/\/josepcarleslainez.com\/va\/literatura-va\/diaris\/quadern-dalmudena\/#primaryimage","url":"https:\/\/josepcarleslainez.com\/wp-content\/uploads\/Quadern-dAlmudena.png","contentUrl":"https:\/\/josepcarleslainez.com\/wp-content\/uploads\/Quadern-dAlmudena.png","width":400,"height":500,"caption":"Quadern d\u2019Almudena"},{"@type":"BreadcrumbList","@id":"https:\/\/josepcarleslainez.com\/va\/literatura-va\/diaris\/quadern-dalmudena\/#breadcrumb","itemListElement":[{"@type":"ListItem","position":1,"name":"Inici","item":"https:\/\/josepcarleslainez.com\/va\/"},{"@type":"ListItem","position":2,"name":"Literatura","item":"https:\/\/josepcarleslainez.com\/va\/categoria\/literatura-va\/"},{"@type":"ListItem","position":3,"name":"Diaris","item":"https:\/\/josepcarleslainez.com\/va\/categoria\/literatura-va\/diaris\/"},{"@type":"ListItem","position":4,"name":"Quadern d\u2019Almudena"}]},{"@type":"WebSite","@id":"https:\/\/josepcarleslainez.com\/va\/#website","url":"https:\/\/josepcarleslainez.com\/va\/","name":"Josep Carles La\u00ednez","description":"Literatura &amp; Arte","publisher":{"@id":"https:\/\/josepcarleslainez.com\/va\/#\/schema\/person\/4df12f79903b0a8f8bda77c99ca37ca1"},"potentialAction":[{"@type":"SearchAction","target":{"@type":"EntryPoint","urlTemplate":"https:\/\/josepcarleslainez.com\/va\/?s={search_term_string}"},"query-input":{"@type":"PropertyValueSpecification","valueRequired":true,"valueName":"search_term_string"}}],"inLanguage":"va-ES"},{"@type":["Person","Organization"],"@id":"https:\/\/josepcarleslainez.com\/va\/#\/schema\/person\/4df12f79903b0a8f8bda77c99ca37ca1","name":"Josep Carles La\u00ednez","image":{"@type":"ImageObject","inLanguage":"va-ES","@id":"https:\/\/josepcarleslainez.com\/wp-content\/uploads\/JosepCarlesLainez_Biografia.jpg","url":"https:\/\/josepcarleslainez.com\/wp-content\/uploads\/JosepCarlesLainez_Biografia.jpg","contentUrl":"https:\/\/josepcarleslainez.com\/wp-content\/uploads\/JosepCarlesLainez_Biografia.jpg","width":571,"height":600,"caption":"Josep Carles La\u00ednez"},"logo":{"@id":"https:\/\/josepcarleslainez.com\/wp-content\/uploads\/JosepCarlesLainez_Biografia.jpg"},"sameAs":["https:\/\/josepcarleslainez.com"],"url":"https:\/\/josepcarleslainez.com\/va\/author\/j_carleslainez\/"}]}},"_links":{"self":[{"href":"https:\/\/josepcarleslainez.com\/va\/wp-json\/wp\/v2\/posts\/1416","targetHints":{"allow":["GET"]}}],"collection":[{"href":"https:\/\/josepcarleslainez.com\/va\/wp-json\/wp\/v2\/posts"}],"about":[{"href":"https:\/\/josepcarleslainez.com\/va\/wp-json\/wp\/v2\/types\/post"}],"author":[{"embeddable":true,"href":"https:\/\/josepcarleslainez.com\/va\/wp-json\/wp\/v2\/users\/2"}],"replies":[{"embeddable":true,"href":"https:\/\/josepcarleslainez.com\/va\/wp-json\/wp\/v2\/comments?post=1416"}],"version-history":[{"count":1,"href":"https:\/\/josepcarleslainez.com\/va\/wp-json\/wp\/v2\/posts\/1416\/revisions"}],"predecessor-version":[{"id":3615,"href":"https:\/\/josepcarleslainez.com\/va\/wp-json\/wp\/v2\/posts\/1416\/revisions\/3615"}],"wp:featuredmedia":[{"embeddable":true,"href":"https:\/\/josepcarleslainez.com\/va\/wp-json\/wp\/v2\/media\/1168"}],"wp:attachment":[{"href":"https:\/\/josepcarleslainez.com\/va\/wp-json\/wp\/v2\/media?parent=1416"}],"wp:term":[{"taxonomy":"category","embeddable":true,"href":"https:\/\/josepcarleslainez.com\/va\/wp-json\/wp\/v2\/categories?post=1416"},{"taxonomy":"post_tag","embeddable":true,"href":"https:\/\/josepcarleslainez.com\/va\/wp-json\/wp\/v2\/tags?post=1416"}],"curies":[{"name":"wp","href":"https:\/\/api.w.org\/{rel}","templated":true}]}}