{"id":3002,"date":"2024-09-10T19:00:47","date_gmt":"2024-09-10T17:00:47","guid":{"rendered":"https:\/\/josepcarleslainez.com\/?p=3002"},"modified":"2025-01-06T12:28:58","modified_gmt":"2025-01-06T11:28:58","slug":"masnai","status":"publish","type":"post","link":"https:\/\/josepcarleslainez.com\/en\/literature\/poetry\/masnai\/","title":{"rendered":"Masn\u00e1i"},"content":{"rendered":"<p><em>Masn\u00e1i<\/em> \u2014voz celt\u00edbera que presumiblemente significa \u2018con desgarro\u2019\u2014 es un libro de poemas que fue adoptando la forma del haiku en un gradual despojamiento, aunque tambi\u00e9n sea posible leerlo como una suerte de tesis-ant\u00edtesis-s\u00edntesis hegelianas, de emanaciones plotinianas o de tr\u00edadas filos\u00f3ficas para extraer alg\u00fan saber de una escritura no autom\u00e1tica, pero en ocasiones torrencial, porque, en el fondo, no es un libro de haikus ni pretende serlo. Ni tampoco es estrictamente un poemario.<\/p>\n<p>Dividido en cuatro secciones que tienen su correlato en las estaciones del a\u00f1o, <em>Masn\u00e1i<\/em> muestra el proceso de asunci\u00f3n de la verdad esencial a toda vida, no dejando al margen la efervescencia de la b\u00fasqueda espiritual, la juventud de las eternidades de verano o el caminar hacia ninguna parte cual seres oto\u00f1ales bajo la niebla.<\/p>\n<p><em>Masn\u00e1i<\/em> es, a su modo, un diario, si bien el autor no lo incluye en su proyecto <em>Tabularium<\/em>, pues no busca la descripci\u00f3n discursiva, sino el impacto agudo y pasajero. No es, a pesar de ello, un volumen en exceso breve, de ah\u00ed la b\u00fasqueda de una avalancha sensorial \u00edntima, un desgarro de la lengua y de los hechos cotidianos a trav\u00e9s de lo cual la realidad, la verdadera realidad, se haga presente.<\/p>\n<h3 style=\"font-size: 13px; font-weight: 600;\"><em>Masn\u00e1i<\/em>, Valencia, Olelibros, 2024.<\/h3>\n<p>&nbsp;<\/p>\n<p><strong>SOBRE EL LIBRO<\/strong><\/p>\n<p><a href=\"https:\/\/www.makma.net\/josep-carles-lainez-masnai-haiku\/\" target=\"_blank\" rel=\"noopener\"><em><strong>Makma.net<\/strong><\/em> (04\/08\/2024): Netele Fuentes, \u201cJosep Carles La\u00ednez (Masn\u00e1i): El haiku es una disciplina de escritura. Y sin disciplina no hay nada\u201d.<\/a><\/p>\n<p><a href=\"https:\/\/www.todoliteratura.es\/noticia\/59814\/poesia\/masnai-de-josep-carles-lainez.html\" target=\"_blank\" rel=\"noopener\"><em><strong>Todoliteratura<\/strong><\/em> (14\/07\/2024): Isabel Alamar, \u201cMasn\u00e1i, de Josep Carles La\u00ednez\u201d.<\/a><\/p>\n<p><a href=\"https:\/\/valencianews.es\/cultura\/la-belleza-de-lo-cotidiano-masnai-de-josep-carles-lainez\/\" target=\"_blank\" rel=\"noopener\"><em><strong>ValenciaNews<\/strong><\/em> (07\/07\/2024): Juan Carlos Casta\u00f1os, \u201cLa belleza de lo cotidiano: Masn\u00e1i de Josep Carles La\u00ednez\u201d.<\/a><\/p>\n","protected":false},"excerpt":{"rendered":"<p>Masn\u00e1i \u2014voz celt\u00edbera que presumiblemente significa \u2018con desgarro\u2019\u2014 es un libro de poemas que fue adoptando la forma del haiku en un gradual despojamiento, aunque tambi\u00e9n sea posible leerlo como una suerte de tesis-ant\u00edtesis-s\u00edntesis hegelianas, de emanaciones plotinianas o de tr\u00edadas filos\u00f3ficas para extraer alg\u00fan saber de una escritura no autom\u00e1tica, pero en ocasiones torrencial,&hellip;<\/p>\n","protected":false},"author":2,"featured_media":2998,"comment_status":"closed","ping_status":"closed","sticky":false,"template":"","format":"standard","meta":{"footnotes":""},"categories":[87],"tags":[163],"class_list":["post-3002","post","type-post","status-publish","format-standard","has-post-thumbnail","hentry","category-poetry","tag-2024-en"],"yoast_head":"<!-- This site is optimized with the Yoast SEO plugin v27.4 - https:\/\/yoast.com\/product\/yoast-seo-wordpress\/ -->\n<title>Masn\u00e1i | Josep Carles La\u00ednez<\/title>\n<meta name=\"description\" content=\"Masn\u00e1i \u2014 voz celt\u00edbera que presumiblemente significa \u2018con desgarro\u2019\u2014 es un libro de poemas que fue adoptando la forma del haiku en un gradual\" \/>\n<meta name=\"robots\" content=\"index, follow, max-snippet:-1, max-image-preview:large, max-video-preview:-1\" \/>\n<link rel=\"canonical\" href=\"https:\/\/josepcarleslainez.com\/en\/literature\/poetry\/masnai\/\" \/>\n<meta property=\"og:locale\" content=\"en_US\" \/>\n<meta property=\"og:type\" content=\"article\" \/>\n<meta property=\"og:title\" content=\"Masn\u00e1i | Josep Carles La\u00ednez\" \/>\n<meta property=\"og:description\" content=\"Masn\u00e1i \u2014 voz celt\u00edbera que presumiblemente significa \u2018con desgarro\u2019\u2014 es un libro de poemas que fue adoptando la forma del haiku en un gradual\" \/>\n<meta property=\"og:url\" content=\"https:\/\/josepcarleslainez.com\/en\/literature\/poetry\/masnai\/\" \/>\n<meta property=\"og:site_name\" content=\"Josep Carles La\u00ednez\" \/>\n<meta property=\"article:published_time\" content=\"2024-09-10T17:00:47+00:00\" \/>\n<meta property=\"article:modified_time\" content=\"2025-01-06T11:28:58+00:00\" \/>\n<meta property=\"og:image\" content=\"https:\/\/josepcarleslainez.com\/wp-content\/uploads\/Masnai-Josep-Carles-Lainez.png\" \/>\n\t<meta property=\"og:image:width\" content=\"400\" \/>\n\t<meta property=\"og:image:height\" content=\"500\" \/>\n\t<meta property=\"og:image:type\" content=\"image\/png\" \/>\n<meta name=\"author\" content=\"Josep Carles La\u00ednez\" \/>\n<meta name=\"twitter:card\" content=\"summary_large_image\" \/>\n<meta name=\"twitter:label1\" content=\"Written by\" \/>\n\t<meta name=\"twitter:data1\" content=\"Josep Carles La\u00ednez\" \/>\n\t<meta name=\"twitter:label2\" content=\"Est. reading time\" \/>\n\t<meta name=\"twitter:data2\" content=\"2 minutes\" \/>\n<script type=\"application\/ld+json\" class=\"yoast-schema-graph\">{\"@context\":\"https:\\\/\\\/schema.org\",\"@graph\":[{\"@type\":\"Article\",\"@id\":\"https:\\\/\\\/josepcarleslainez.com\\\/en\\\/literature\\\/poetry\\\/masnai\\\/#article\",\"isPartOf\":{\"@id\":\"https:\\\/\\\/josepcarleslainez.com\\\/en\\\/literature\\\/poetry\\\/masnai\\\/\"},\"author\":{\"name\":\"Josep Carles La\u00ednez\",\"@id\":\"https:\\\/\\\/josepcarleslainez.com\\\/en\\\/#\\\/schema\\\/person\\\/4df12f79903b0a8f8bda77c99ca37ca1\"},\"headline\":\"Masn\u00e1i\",\"datePublished\":\"2024-09-10T17:00:47+00:00\",\"dateModified\":\"2025-01-06T11:28:58+00:00\",\"mainEntityOfPage\":{\"@id\":\"https:\\\/\\\/josepcarleslainez.com\\\/en\\\/literature\\\/poetry\\\/masnai\\\/\"},\"wordCount\":280,\"publisher\":{\"@id\":\"https:\\\/\\\/josepcarleslainez.com\\\/en\\\/#\\\/schema\\\/person\\\/4df12f79903b0a8f8bda77c99ca37ca1\"},\"image\":{\"@id\":\"https:\\\/\\\/josepcarleslainez.com\\\/en\\\/literature\\\/poetry\\\/masnai\\\/#primaryimage\"},\"thumbnailUrl\":\"https:\\\/\\\/josepcarleslainez.com\\\/wp-content\\\/uploads\\\/Masnai-Josep-Carles-Lainez.png\",\"keywords\":[\"2024\"],\"articleSection\":[\"Poetry\"],\"inLanguage\":\"en-US\"},{\"@type\":[\"WebPage\",\"ItemPage\"],\"@id\":\"https:\\\/\\\/josepcarleslainez.com\\\/en\\\/literature\\\/poetry\\\/masnai\\\/\",\"url\":\"https:\\\/\\\/josepcarleslainez.com\\\/en\\\/literature\\\/poetry\\\/masnai\\\/\",\"name\":\"Masn\u00e1i | Josep Carles La\u00ednez\",\"isPartOf\":{\"@id\":\"https:\\\/\\\/josepcarleslainez.com\\\/en\\\/#website\"},\"primaryImageOfPage\":{\"@id\":\"https:\\\/\\\/josepcarleslainez.com\\\/en\\\/literature\\\/poetry\\\/masnai\\\/#primaryimage\"},\"image\":{\"@id\":\"https:\\\/\\\/josepcarleslainez.com\\\/en\\\/literature\\\/poetry\\\/masnai\\\/#primaryimage\"},\"thumbnailUrl\":\"https:\\\/\\\/josepcarleslainez.com\\\/wp-content\\\/uploads\\\/Masnai-Josep-Carles-Lainez.png\",\"datePublished\":\"2024-09-10T17:00:47+00:00\",\"dateModified\":\"2025-01-06T11:28:58+00:00\",\"description\":\"Masn\u00e1i \u2014 voz celt\u00edbera que presumiblemente significa \u2018con desgarro\u2019\u2014 es un libro de poemas que fue adoptando la forma del haiku en un gradual\",\"breadcrumb\":{\"@id\":\"https:\\\/\\\/josepcarleslainez.com\\\/en\\\/literature\\\/poetry\\\/masnai\\\/#breadcrumb\"},\"inLanguage\":\"en-US\",\"potentialAction\":[{\"@type\":\"ReadAction\",\"target\":[\"https:\\\/\\\/josepcarleslainez.com\\\/en\\\/literature\\\/poetry\\\/masnai\\\/\"]}]},{\"@type\":\"ImageObject\",\"inLanguage\":\"en-US\",\"@id\":\"https:\\\/\\\/josepcarleslainez.com\\\/en\\\/literature\\\/poetry\\\/masnai\\\/#primaryimage\",\"url\":\"https:\\\/\\\/josepcarleslainez.com\\\/wp-content\\\/uploads\\\/Masnai-Josep-Carles-Lainez.png\",\"contentUrl\":\"https:\\\/\\\/josepcarleslainez.com\\\/wp-content\\\/uploads\\\/Masnai-Josep-Carles-Lainez.png\",\"width\":400,\"height\":500,\"caption\":\"Masn\u00e1i\"},{\"@type\":\"BreadcrumbList\",\"@id\":\"https:\\\/\\\/josepcarleslainez.com\\\/en\\\/literature\\\/poetry\\\/masnai\\\/#breadcrumb\",\"itemListElement\":[{\"@type\":\"ListItem\",\"position\":1,\"name\":\"Home\",\"item\":\"https:\\\/\\\/josepcarleslainez.com\\\/en\\\/\"},{\"@type\":\"ListItem\",\"position\":2,\"name\":\"Literature\",\"item\":\"https:\\\/\\\/josepcarleslainez.com\\\/en\\\/category\\\/literature\\\/\"},{\"@type\":\"ListItem\",\"position\":3,\"name\":\"Poetry\",\"item\":\"https:\\\/\\\/josepcarleslainez.com\\\/en\\\/category\\\/literature\\\/poetry\\\/\"},{\"@type\":\"ListItem\",\"position\":4,\"name\":\"Masn\u00e1i\"}]},{\"@type\":\"WebSite\",\"@id\":\"https:\\\/\\\/josepcarleslainez.com\\\/en\\\/#website\",\"url\":\"https:\\\/\\\/josepcarleslainez.com\\\/en\\\/\",\"name\":\"Josep Carles La\u00ednez\",\"description\":\"Literatura &amp; Arte\",\"publisher\":{\"@id\":\"https:\\\/\\\/josepcarleslainez.com\\\/en\\\/#\\\/schema\\\/person\\\/4df12f79903b0a8f8bda77c99ca37ca1\"},\"potentialAction\":[{\"@type\":\"SearchAction\",\"target\":{\"@type\":\"EntryPoint\",\"urlTemplate\":\"https:\\\/\\\/josepcarleslainez.com\\\/en\\\/?s={search_term_string}\"},\"query-input\":{\"@type\":\"PropertyValueSpecification\",\"valueRequired\":true,\"valueName\":\"search_term_string\"}}],\"inLanguage\":\"en-US\"},{\"@type\":[\"Person\",\"Organization\"],\"@id\":\"https:\\\/\\\/josepcarleslainez.com\\\/en\\\/#\\\/schema\\\/person\\\/4df12f79903b0a8f8bda77c99ca37ca1\",\"name\":\"Josep Carles La\u00ednez\",\"image\":{\"@type\":\"ImageObject\",\"inLanguage\":\"en-US\",\"@id\":\"https:\\\/\\\/josepcarleslainez.com\\\/wp-content\\\/uploads\\\/JosepCarlesLainez_Biografia.jpg\",\"url\":\"https:\\\/\\\/josepcarleslainez.com\\\/wp-content\\\/uploads\\\/JosepCarlesLainez_Biografia.jpg\",\"contentUrl\":\"https:\\\/\\\/josepcarleslainez.com\\\/wp-content\\\/uploads\\\/JosepCarlesLainez_Biografia.jpg\",\"width\":571,\"height\":600,\"caption\":\"Josep Carles La\u00ednez\"},\"logo\":{\"@id\":\"https:\\\/\\\/josepcarleslainez.com\\\/wp-content\\\/uploads\\\/JosepCarlesLainez_Biografia.jpg\"},\"sameAs\":[\"https:\\\/\\\/josepcarleslainez.com\"],\"url\":\"https:\\\/\\\/josepcarleslainez.com\\\/en\\\/author\\\/j_carleslainez\\\/\"}]}<\/script>\n<!-- \/ Yoast SEO plugin. -->","yoast_head_json":{"title":"Masn\u00e1i | Josep Carles La\u00ednez","description":"Masn\u00e1i \u2014 voz celt\u00edbera que presumiblemente significa \u2018con desgarro\u2019\u2014 es un libro de poemas que fue adoptando la forma del haiku en un gradual","robots":{"index":"index","follow":"follow","max-snippet":"max-snippet:-1","max-image-preview":"max-image-preview:large","max-video-preview":"max-video-preview:-1"},"canonical":"https:\/\/josepcarleslainez.com\/en\/literature\/poetry\/masnai\/","og_locale":"en_US","og_type":"article","og_title":"Masn\u00e1i | Josep Carles La\u00ednez","og_description":"Masn\u00e1i \u2014 voz celt\u00edbera que presumiblemente significa \u2018con desgarro\u2019\u2014 es un libro de poemas que fue adoptando la forma del haiku en un gradual","og_url":"https:\/\/josepcarleslainez.com\/en\/literature\/poetry\/masnai\/","og_site_name":"Josep Carles La\u00ednez","article_published_time":"2024-09-10T17:00:47+00:00","article_modified_time":"2025-01-06T11:28:58+00:00","og_image":[{"width":400,"height":500,"url":"https:\/\/josepcarleslainez.com\/wp-content\/uploads\/Masnai-Josep-Carles-Lainez.png","type":"image\/png"}],"author":"Josep Carles La\u00ednez","twitter_card":"summary_large_image","twitter_misc":{"Written by":"Josep Carles La\u00ednez","Est. reading time":"2 minutes"},"schema":{"@context":"https:\/\/schema.org","@graph":[{"@type":"Article","@id":"https:\/\/josepcarleslainez.com\/en\/literature\/poetry\/masnai\/#article","isPartOf":{"@id":"https:\/\/josepcarleslainez.com\/en\/literature\/poetry\/masnai\/"},"author":{"name":"Josep Carles La\u00ednez","@id":"https:\/\/josepcarleslainez.com\/en\/#\/schema\/person\/4df12f79903b0a8f8bda77c99ca37ca1"},"headline":"Masn\u00e1i","datePublished":"2024-09-10T17:00:47+00:00","dateModified":"2025-01-06T11:28:58+00:00","mainEntityOfPage":{"@id":"https:\/\/josepcarleslainez.com\/en\/literature\/poetry\/masnai\/"},"wordCount":280,"publisher":{"@id":"https:\/\/josepcarleslainez.com\/en\/#\/schema\/person\/4df12f79903b0a8f8bda77c99ca37ca1"},"image":{"@id":"https:\/\/josepcarleslainez.com\/en\/literature\/poetry\/masnai\/#primaryimage"},"thumbnailUrl":"https:\/\/josepcarleslainez.com\/wp-content\/uploads\/Masnai-Josep-Carles-Lainez.png","keywords":["2024"],"articleSection":["Poetry"],"inLanguage":"en-US"},{"@type":["WebPage","ItemPage"],"@id":"https:\/\/josepcarleslainez.com\/en\/literature\/poetry\/masnai\/","url":"https:\/\/josepcarleslainez.com\/en\/literature\/poetry\/masnai\/","name":"Masn\u00e1i | Josep Carles La\u00ednez","isPartOf":{"@id":"https:\/\/josepcarleslainez.com\/en\/#website"},"primaryImageOfPage":{"@id":"https:\/\/josepcarleslainez.com\/en\/literature\/poetry\/masnai\/#primaryimage"},"image":{"@id":"https:\/\/josepcarleslainez.com\/en\/literature\/poetry\/masnai\/#primaryimage"},"thumbnailUrl":"https:\/\/josepcarleslainez.com\/wp-content\/uploads\/Masnai-Josep-Carles-Lainez.png","datePublished":"2024-09-10T17:00:47+00:00","dateModified":"2025-01-06T11:28:58+00:00","description":"Masn\u00e1i \u2014 voz celt\u00edbera que presumiblemente significa \u2018con desgarro\u2019\u2014 es un libro de poemas que fue adoptando la forma del haiku en un gradual","breadcrumb":{"@id":"https:\/\/josepcarleslainez.com\/en\/literature\/poetry\/masnai\/#breadcrumb"},"inLanguage":"en-US","potentialAction":[{"@type":"ReadAction","target":["https:\/\/josepcarleslainez.com\/en\/literature\/poetry\/masnai\/"]}]},{"@type":"ImageObject","inLanguage":"en-US","@id":"https:\/\/josepcarleslainez.com\/en\/literature\/poetry\/masnai\/#primaryimage","url":"https:\/\/josepcarleslainez.com\/wp-content\/uploads\/Masnai-Josep-Carles-Lainez.png","contentUrl":"https:\/\/josepcarleslainez.com\/wp-content\/uploads\/Masnai-Josep-Carles-Lainez.png","width":400,"height":500,"caption":"Masn\u00e1i"},{"@type":"BreadcrumbList","@id":"https:\/\/josepcarleslainez.com\/en\/literature\/poetry\/masnai\/#breadcrumb","itemListElement":[{"@type":"ListItem","position":1,"name":"Home","item":"https:\/\/josepcarleslainez.com\/en\/"},{"@type":"ListItem","position":2,"name":"Literature","item":"https:\/\/josepcarleslainez.com\/en\/category\/literature\/"},{"@type":"ListItem","position":3,"name":"Poetry","item":"https:\/\/josepcarleslainez.com\/en\/category\/literature\/poetry\/"},{"@type":"ListItem","position":4,"name":"Masn\u00e1i"}]},{"@type":"WebSite","@id":"https:\/\/josepcarleslainez.com\/en\/#website","url":"https:\/\/josepcarleslainez.com\/en\/","name":"Josep Carles La\u00ednez","description":"Literatura &amp; Arte","publisher":{"@id":"https:\/\/josepcarleslainez.com\/en\/#\/schema\/person\/4df12f79903b0a8f8bda77c99ca37ca1"},"potentialAction":[{"@type":"SearchAction","target":{"@type":"EntryPoint","urlTemplate":"https:\/\/josepcarleslainez.com\/en\/?s={search_term_string}"},"query-input":{"@type":"PropertyValueSpecification","valueRequired":true,"valueName":"search_term_string"}}],"inLanguage":"en-US"},{"@type":["Person","Organization"],"@id":"https:\/\/josepcarleslainez.com\/en\/#\/schema\/person\/4df12f79903b0a8f8bda77c99ca37ca1","name":"Josep Carles La\u00ednez","image":{"@type":"ImageObject","inLanguage":"en-US","@id":"https:\/\/josepcarleslainez.com\/wp-content\/uploads\/JosepCarlesLainez_Biografia.jpg","url":"https:\/\/josepcarleslainez.com\/wp-content\/uploads\/JosepCarlesLainez_Biografia.jpg","contentUrl":"https:\/\/josepcarleslainez.com\/wp-content\/uploads\/JosepCarlesLainez_Biografia.jpg","width":571,"height":600,"caption":"Josep Carles La\u00ednez"},"logo":{"@id":"https:\/\/josepcarleslainez.com\/wp-content\/uploads\/JosepCarlesLainez_Biografia.jpg"},"sameAs":["https:\/\/josepcarleslainez.com"],"url":"https:\/\/josepcarleslainez.com\/en\/author\/j_carleslainez\/"}]}},"_links":{"self":[{"href":"https:\/\/josepcarleslainez.com\/en\/wp-json\/wp\/v2\/posts\/3002","targetHints":{"allow":["GET"]}}],"collection":[{"href":"https:\/\/josepcarleslainez.com\/en\/wp-json\/wp\/v2\/posts"}],"about":[{"href":"https:\/\/josepcarleslainez.com\/en\/wp-json\/wp\/v2\/types\/post"}],"author":[{"embeddable":true,"href":"https:\/\/josepcarleslainez.com\/en\/wp-json\/wp\/v2\/users\/2"}],"replies":[{"embeddable":true,"href":"https:\/\/josepcarleslainez.com\/en\/wp-json\/wp\/v2\/comments?post=3002"}],"version-history":[{"count":1,"href":"https:\/\/josepcarleslainez.com\/en\/wp-json\/wp\/v2\/posts\/3002\/revisions"}],"predecessor-version":[{"id":3476,"href":"https:\/\/josepcarleslainez.com\/en\/wp-json\/wp\/v2\/posts\/3002\/revisions\/3476"}],"wp:featuredmedia":[{"embeddable":true,"href":"https:\/\/josepcarleslainez.com\/en\/wp-json\/wp\/v2\/media\/2998"}],"wp:attachment":[{"href":"https:\/\/josepcarleslainez.com\/en\/wp-json\/wp\/v2\/media?parent=3002"}],"wp:term":[{"taxonomy":"category","embeddable":true,"href":"https:\/\/josepcarleslainez.com\/en\/wp-json\/wp\/v2\/categories?post=3002"},{"taxonomy":"post_tag","embeddable":true,"href":"https:\/\/josepcarleslainez.com\/en\/wp-json\/wp\/v2\/tags?post=3002"}],"curies":[{"name":"wp","href":"https:\/\/api.w.org\/{rel}","templated":true}]}}