{"id":2608,"date":"2023-06-30T20:04:47","date_gmt":"2023-06-30T18:04:47","guid":{"rendered":"https:\/\/josepcarleslainez.com\/sin-categorizar\/cartas-a-emilio-gasco-contell-2\/"},"modified":"2025-01-06T12:29:03","modified_gmt":"2025-01-06T11:29:03","slug":"cartas-a-emilio-gasco-contell-2","status":"publish","type":"post","link":"https:\/\/josepcarleslainez.com\/en\/literature\/editions\/cartas-a-emilio-gasco-contell-2\/","title":{"rendered":"Cartas a Emilio Gasc\u00f3 Contell"},"content":{"rendered":"<p>This volume collects my meticulous edition of 23 unpublished letters, with their facsimile reproduction and an introductory study, sent by Vicente Blasco Ib\u00e1\u00f1ez (1867-1928) to the Valencian writer and editor Emilio Gasc\u00f3 Contell (1898-1974). They belong to the years 1925-1927, that is to say, to the last stage of the life of the author of <em>Sangre y arena<\/em> (Blood and Sand), and are of great utility to know more intimately his novelistic work, his political thought, and his illness.<\/p>\n<h3 style=\"font-size: 13px; font-weight: 600;\">Vicente Blasco Ib\u00e1\u00f1ez, <em>Cartas a Emilio Gasc\u00f3 Contell<\/em> [Letters to Emilio Gasc\u00f3 Contell], Valencia, Valencia City Council, 2012, edition and study.<\/h3>\n","protected":false},"excerpt":{"rendered":"<p>This volume collects my meticulous edition of 23 unpublished letters, with their facsimile reproduction and an introductory study, sent by Vicente Blasco Ib\u00e1\u00f1ez (1867-1928) to the Valencian writer and editor Emilio Gasc\u00f3 Contell (1898-1974). They belong to the years 1925-1927, that is to say, to the last stage of the life of the author of&hellip;<\/p>\n","protected":false},"author":2,"featured_media":1364,"comment_status":"closed","ping_status":"closed","sticky":false,"template":"","format":"standard","meta":{"footnotes":""},"categories":[83],"tags":[146],"class_list":["post-2608","post","type-post","status-publish","format-standard","has-post-thumbnail","hentry","category-editions","tag-2012-en"],"yoast_head":"<!-- This site is optimized with the Yoast SEO plugin v27.4 - https:\/\/yoast.com\/product\/yoast-seo-wordpress\/ -->\n<title>Cartas a Emilio Gasc\u00f3 Contell | Josep Carles La\u00ednez<\/title>\n<meta name=\"description\" content=\"Cartas a Emilio Gasc\u00f3 Contell. This volume collects my meticulous edition of 23 unpublished letters, with their facsimile reproduction and an\" \/>\n<meta name=\"robots\" content=\"index, follow, max-snippet:-1, max-image-preview:large, max-video-preview:-1\" \/>\n<link rel=\"canonical\" href=\"https:\/\/josepcarleslainez.com\/en\/literature\/editions\/cartas-a-emilio-gasco-contell-2\/\" \/>\n<meta property=\"og:locale\" content=\"en_US\" \/>\n<meta property=\"og:type\" content=\"article\" \/>\n<meta property=\"og:title\" content=\"Cartas a Emilio Gasc\u00f3 Contell | Josep Carles La\u00ednez\" \/>\n<meta property=\"og:description\" content=\"Cartas a Emilio Gasc\u00f3 Contell. This volume collects my meticulous edition of 23 unpublished letters, with their facsimile reproduction and an\" \/>\n<meta property=\"og:url\" content=\"https:\/\/josepcarleslainez.com\/en\/literature\/editions\/cartas-a-emilio-gasco-contell-2\/\" \/>\n<meta property=\"og:site_name\" content=\"Josep Carles La\u00ednez\" \/>\n<meta property=\"article:published_time\" content=\"2023-06-30T18:04:47+00:00\" \/>\n<meta property=\"article:modified_time\" content=\"2025-01-06T11:29:03+00:00\" \/>\n<meta property=\"og:image\" content=\"https:\/\/josepcarleslainez.com\/wp-content\/uploads\/Vicente-Blasco-Ibanez-Cartas-a-Emilio-Gasco-Contell.png\" \/>\n\t<meta property=\"og:image:width\" content=\"400\" \/>\n\t<meta property=\"og:image:height\" content=\"500\" \/>\n\t<meta property=\"og:image:type\" content=\"image\/png\" \/>\n<meta name=\"author\" content=\"Josep Carles La\u00ednez\" \/>\n<meta name=\"twitter:card\" content=\"summary_large_image\" \/>\n<meta name=\"twitter:label1\" content=\"Written by\" \/>\n\t<meta name=\"twitter:data1\" content=\"Josep Carles La\u00ednez\" \/>\n\t<meta name=\"twitter:label2\" content=\"Est. reading time\" \/>\n\t<meta name=\"twitter:data2\" content=\"1 minute\" \/>\n<script type=\"application\/ld+json\" class=\"yoast-schema-graph\">{\"@context\":\"https:\\\/\\\/schema.org\",\"@graph\":[{\"@type\":\"Article\",\"@id\":\"https:\\\/\\\/josepcarleslainez.com\\\/en\\\/literature\\\/editions\\\/cartas-a-emilio-gasco-contell-2\\\/#article\",\"isPartOf\":{\"@id\":\"https:\\\/\\\/josepcarleslainez.com\\\/en\\\/literature\\\/editions\\\/cartas-a-emilio-gasco-contell-2\\\/\"},\"author\":{\"name\":\"Josep Carles La\u00ednez\",\"@id\":\"https:\\\/\\\/josepcarleslainez.com\\\/en\\\/#\\\/schema\\\/person\\\/4df12f79903b0a8f8bda77c99ca37ca1\"},\"headline\":\"Cartas a Emilio Gasc\u00f3 Contell\",\"datePublished\":\"2023-06-30T18:04:47+00:00\",\"dateModified\":\"2025-01-06T11:29:03+00:00\",\"mainEntityOfPage\":{\"@id\":\"https:\\\/\\\/josepcarleslainez.com\\\/en\\\/literature\\\/editions\\\/cartas-a-emilio-gasco-contell-2\\\/\"},\"wordCount\":105,\"publisher\":{\"@id\":\"https:\\\/\\\/josepcarleslainez.com\\\/en\\\/#\\\/schema\\\/person\\\/4df12f79903b0a8f8bda77c99ca37ca1\"},\"image\":{\"@id\":\"https:\\\/\\\/josepcarleslainez.com\\\/en\\\/literature\\\/editions\\\/cartas-a-emilio-gasco-contell-2\\\/#primaryimage\"},\"thumbnailUrl\":\"https:\\\/\\\/josepcarleslainez.com\\\/wp-content\\\/uploads\\\/Vicente-Blasco-Ibanez-Cartas-a-Emilio-Gasco-Contell.png\",\"keywords\":[\"2012\"],\"articleSection\":[\"Editions\"],\"inLanguage\":\"en-US\"},{\"@type\":[\"WebPage\",\"ItemPage\"],\"@id\":\"https:\\\/\\\/josepcarleslainez.com\\\/en\\\/literature\\\/editions\\\/cartas-a-emilio-gasco-contell-2\\\/\",\"url\":\"https:\\\/\\\/josepcarleslainez.com\\\/en\\\/literature\\\/editions\\\/cartas-a-emilio-gasco-contell-2\\\/\",\"name\":\"Cartas a Emilio Gasc\u00f3 Contell | Josep Carles La\u00ednez\",\"isPartOf\":{\"@id\":\"https:\\\/\\\/josepcarleslainez.com\\\/en\\\/#website\"},\"primaryImageOfPage\":{\"@id\":\"https:\\\/\\\/josepcarleslainez.com\\\/en\\\/literature\\\/editions\\\/cartas-a-emilio-gasco-contell-2\\\/#primaryimage\"},\"image\":{\"@id\":\"https:\\\/\\\/josepcarleslainez.com\\\/en\\\/literature\\\/editions\\\/cartas-a-emilio-gasco-contell-2\\\/#primaryimage\"},\"thumbnailUrl\":\"https:\\\/\\\/josepcarleslainez.com\\\/wp-content\\\/uploads\\\/Vicente-Blasco-Ibanez-Cartas-a-Emilio-Gasco-Contell.png\",\"datePublished\":\"2023-06-30T18:04:47+00:00\",\"dateModified\":\"2025-01-06T11:29:03+00:00\",\"description\":\"Cartas a Emilio Gasc\u00f3 Contell. This volume collects my meticulous edition of 23 unpublished letters, with their facsimile reproduction and an\",\"breadcrumb\":{\"@id\":\"https:\\\/\\\/josepcarleslainez.com\\\/en\\\/literature\\\/editions\\\/cartas-a-emilio-gasco-contell-2\\\/#breadcrumb\"},\"inLanguage\":\"en-US\",\"potentialAction\":[{\"@type\":\"ReadAction\",\"target\":[\"https:\\\/\\\/josepcarleslainez.com\\\/en\\\/literature\\\/editions\\\/cartas-a-emilio-gasco-contell-2\\\/\"]}]},{\"@type\":\"ImageObject\",\"inLanguage\":\"en-US\",\"@id\":\"https:\\\/\\\/josepcarleslainez.com\\\/en\\\/literature\\\/editions\\\/cartas-a-emilio-gasco-contell-2\\\/#primaryimage\",\"url\":\"https:\\\/\\\/josepcarleslainez.com\\\/wp-content\\\/uploads\\\/Vicente-Blasco-Ibanez-Cartas-a-Emilio-Gasco-Contell.png\",\"contentUrl\":\"https:\\\/\\\/josepcarleslainez.com\\\/wp-content\\\/uploads\\\/Vicente-Blasco-Ibanez-Cartas-a-Emilio-Gasco-Contell.png\",\"width\":400,\"height\":500,\"caption\":\"Cartas a Emilio Gasc\u00f3 Contell\"},{\"@type\":\"BreadcrumbList\",\"@id\":\"https:\\\/\\\/josepcarleslainez.com\\\/en\\\/literature\\\/editions\\\/cartas-a-emilio-gasco-contell-2\\\/#breadcrumb\",\"itemListElement\":[{\"@type\":\"ListItem\",\"position\":1,\"name\":\"Home\",\"item\":\"https:\\\/\\\/josepcarleslainez.com\\\/en\\\/\"},{\"@type\":\"ListItem\",\"position\":2,\"name\":\"Literature\",\"item\":\"https:\\\/\\\/josepcarleslainez.com\\\/en\\\/category\\\/literature\\\/\"},{\"@type\":\"ListItem\",\"position\":3,\"name\":\"Editions\",\"item\":\"https:\\\/\\\/josepcarleslainez.com\\\/en\\\/category\\\/literature\\\/editions\\\/\"},{\"@type\":\"ListItem\",\"position\":4,\"name\":\"Cartas a Emilio Gasc\u00f3 Contell\"}]},{\"@type\":\"WebSite\",\"@id\":\"https:\\\/\\\/josepcarleslainez.com\\\/en\\\/#website\",\"url\":\"https:\\\/\\\/josepcarleslainez.com\\\/en\\\/\",\"name\":\"Josep Carles La\u00ednez\",\"description\":\"Literatura &amp; Arte\",\"publisher\":{\"@id\":\"https:\\\/\\\/josepcarleslainez.com\\\/en\\\/#\\\/schema\\\/person\\\/4df12f79903b0a8f8bda77c99ca37ca1\"},\"potentialAction\":[{\"@type\":\"SearchAction\",\"target\":{\"@type\":\"EntryPoint\",\"urlTemplate\":\"https:\\\/\\\/josepcarleslainez.com\\\/en\\\/?s={search_term_string}\"},\"query-input\":{\"@type\":\"PropertyValueSpecification\",\"valueRequired\":true,\"valueName\":\"search_term_string\"}}],\"inLanguage\":\"en-US\"},{\"@type\":[\"Person\",\"Organization\"],\"@id\":\"https:\\\/\\\/josepcarleslainez.com\\\/en\\\/#\\\/schema\\\/person\\\/4df12f79903b0a8f8bda77c99ca37ca1\",\"name\":\"Josep Carles La\u00ednez\",\"image\":{\"@type\":\"ImageObject\",\"inLanguage\":\"en-US\",\"@id\":\"https:\\\/\\\/josepcarleslainez.com\\\/wp-content\\\/uploads\\\/JosepCarlesLainez_Biografia.jpg\",\"url\":\"https:\\\/\\\/josepcarleslainez.com\\\/wp-content\\\/uploads\\\/JosepCarlesLainez_Biografia.jpg\",\"contentUrl\":\"https:\\\/\\\/josepcarleslainez.com\\\/wp-content\\\/uploads\\\/JosepCarlesLainez_Biografia.jpg\",\"width\":571,\"height\":600,\"caption\":\"Josep Carles La\u00ednez\"},\"logo\":{\"@id\":\"https:\\\/\\\/josepcarleslainez.com\\\/wp-content\\\/uploads\\\/JosepCarlesLainez_Biografia.jpg\"},\"sameAs\":[\"https:\\\/\\\/josepcarleslainez.com\"],\"url\":\"https:\\\/\\\/josepcarleslainez.com\\\/en\\\/author\\\/j_carleslainez\\\/\"}]}<\/script>\n<!-- \/ Yoast SEO plugin. -->","yoast_head_json":{"title":"Cartas a Emilio Gasc\u00f3 Contell | Josep Carles La\u00ednez","description":"Cartas a Emilio Gasc\u00f3 Contell. This volume collects my meticulous edition of 23 unpublished letters, with their facsimile reproduction and an","robots":{"index":"index","follow":"follow","max-snippet":"max-snippet:-1","max-image-preview":"max-image-preview:large","max-video-preview":"max-video-preview:-1"},"canonical":"https:\/\/josepcarleslainez.com\/en\/literature\/editions\/cartas-a-emilio-gasco-contell-2\/","og_locale":"en_US","og_type":"article","og_title":"Cartas a Emilio Gasc\u00f3 Contell | Josep Carles La\u00ednez","og_description":"Cartas a Emilio Gasc\u00f3 Contell. This volume collects my meticulous edition of 23 unpublished letters, with their facsimile reproduction and an","og_url":"https:\/\/josepcarleslainez.com\/en\/literature\/editions\/cartas-a-emilio-gasco-contell-2\/","og_site_name":"Josep Carles La\u00ednez","article_published_time":"2023-06-30T18:04:47+00:00","article_modified_time":"2025-01-06T11:29:03+00:00","og_image":[{"width":400,"height":500,"url":"https:\/\/josepcarleslainez.com\/wp-content\/uploads\/Vicente-Blasco-Ibanez-Cartas-a-Emilio-Gasco-Contell.png","type":"image\/png"}],"author":"Josep Carles La\u00ednez","twitter_card":"summary_large_image","twitter_misc":{"Written by":"Josep Carles La\u00ednez","Est. reading time":"1 minute"},"schema":{"@context":"https:\/\/schema.org","@graph":[{"@type":"Article","@id":"https:\/\/josepcarleslainez.com\/en\/literature\/editions\/cartas-a-emilio-gasco-contell-2\/#article","isPartOf":{"@id":"https:\/\/josepcarleslainez.com\/en\/literature\/editions\/cartas-a-emilio-gasco-contell-2\/"},"author":{"name":"Josep Carles La\u00ednez","@id":"https:\/\/josepcarleslainez.com\/en\/#\/schema\/person\/4df12f79903b0a8f8bda77c99ca37ca1"},"headline":"Cartas a Emilio Gasc\u00f3 Contell","datePublished":"2023-06-30T18:04:47+00:00","dateModified":"2025-01-06T11:29:03+00:00","mainEntityOfPage":{"@id":"https:\/\/josepcarleslainez.com\/en\/literature\/editions\/cartas-a-emilio-gasco-contell-2\/"},"wordCount":105,"publisher":{"@id":"https:\/\/josepcarleslainez.com\/en\/#\/schema\/person\/4df12f79903b0a8f8bda77c99ca37ca1"},"image":{"@id":"https:\/\/josepcarleslainez.com\/en\/literature\/editions\/cartas-a-emilio-gasco-contell-2\/#primaryimage"},"thumbnailUrl":"https:\/\/josepcarleslainez.com\/wp-content\/uploads\/Vicente-Blasco-Ibanez-Cartas-a-Emilio-Gasco-Contell.png","keywords":["2012"],"articleSection":["Editions"],"inLanguage":"en-US"},{"@type":["WebPage","ItemPage"],"@id":"https:\/\/josepcarleslainez.com\/en\/literature\/editions\/cartas-a-emilio-gasco-contell-2\/","url":"https:\/\/josepcarleslainez.com\/en\/literature\/editions\/cartas-a-emilio-gasco-contell-2\/","name":"Cartas a Emilio Gasc\u00f3 Contell | Josep Carles La\u00ednez","isPartOf":{"@id":"https:\/\/josepcarleslainez.com\/en\/#website"},"primaryImageOfPage":{"@id":"https:\/\/josepcarleslainez.com\/en\/literature\/editions\/cartas-a-emilio-gasco-contell-2\/#primaryimage"},"image":{"@id":"https:\/\/josepcarleslainez.com\/en\/literature\/editions\/cartas-a-emilio-gasco-contell-2\/#primaryimage"},"thumbnailUrl":"https:\/\/josepcarleslainez.com\/wp-content\/uploads\/Vicente-Blasco-Ibanez-Cartas-a-Emilio-Gasco-Contell.png","datePublished":"2023-06-30T18:04:47+00:00","dateModified":"2025-01-06T11:29:03+00:00","description":"Cartas a Emilio Gasc\u00f3 Contell. This volume collects my meticulous edition of 23 unpublished letters, with their facsimile reproduction and an","breadcrumb":{"@id":"https:\/\/josepcarleslainez.com\/en\/literature\/editions\/cartas-a-emilio-gasco-contell-2\/#breadcrumb"},"inLanguage":"en-US","potentialAction":[{"@type":"ReadAction","target":["https:\/\/josepcarleslainez.com\/en\/literature\/editions\/cartas-a-emilio-gasco-contell-2\/"]}]},{"@type":"ImageObject","inLanguage":"en-US","@id":"https:\/\/josepcarleslainez.com\/en\/literature\/editions\/cartas-a-emilio-gasco-contell-2\/#primaryimage","url":"https:\/\/josepcarleslainez.com\/wp-content\/uploads\/Vicente-Blasco-Ibanez-Cartas-a-Emilio-Gasco-Contell.png","contentUrl":"https:\/\/josepcarleslainez.com\/wp-content\/uploads\/Vicente-Blasco-Ibanez-Cartas-a-Emilio-Gasco-Contell.png","width":400,"height":500,"caption":"Cartas a Emilio Gasc\u00f3 Contell"},{"@type":"BreadcrumbList","@id":"https:\/\/josepcarleslainez.com\/en\/literature\/editions\/cartas-a-emilio-gasco-contell-2\/#breadcrumb","itemListElement":[{"@type":"ListItem","position":1,"name":"Home","item":"https:\/\/josepcarleslainez.com\/en\/"},{"@type":"ListItem","position":2,"name":"Literature","item":"https:\/\/josepcarleslainez.com\/en\/category\/literature\/"},{"@type":"ListItem","position":3,"name":"Editions","item":"https:\/\/josepcarleslainez.com\/en\/category\/literature\/editions\/"},{"@type":"ListItem","position":4,"name":"Cartas a Emilio Gasc\u00f3 Contell"}]},{"@type":"WebSite","@id":"https:\/\/josepcarleslainez.com\/en\/#website","url":"https:\/\/josepcarleslainez.com\/en\/","name":"Josep Carles La\u00ednez","description":"Literatura &amp; Arte","publisher":{"@id":"https:\/\/josepcarleslainez.com\/en\/#\/schema\/person\/4df12f79903b0a8f8bda77c99ca37ca1"},"potentialAction":[{"@type":"SearchAction","target":{"@type":"EntryPoint","urlTemplate":"https:\/\/josepcarleslainez.com\/en\/?s={search_term_string}"},"query-input":{"@type":"PropertyValueSpecification","valueRequired":true,"valueName":"search_term_string"}}],"inLanguage":"en-US"},{"@type":["Person","Organization"],"@id":"https:\/\/josepcarleslainez.com\/en\/#\/schema\/person\/4df12f79903b0a8f8bda77c99ca37ca1","name":"Josep Carles La\u00ednez","image":{"@type":"ImageObject","inLanguage":"en-US","@id":"https:\/\/josepcarleslainez.com\/wp-content\/uploads\/JosepCarlesLainez_Biografia.jpg","url":"https:\/\/josepcarleslainez.com\/wp-content\/uploads\/JosepCarlesLainez_Biografia.jpg","contentUrl":"https:\/\/josepcarleslainez.com\/wp-content\/uploads\/JosepCarlesLainez_Biografia.jpg","width":571,"height":600,"caption":"Josep Carles La\u00ednez"},"logo":{"@id":"https:\/\/josepcarleslainez.com\/wp-content\/uploads\/JosepCarlesLainez_Biografia.jpg"},"sameAs":["https:\/\/josepcarleslainez.com"],"url":"https:\/\/josepcarleslainez.com\/en\/author\/j_carleslainez\/"}]}},"_links":{"self":[{"href":"https:\/\/josepcarleslainez.com\/en\/wp-json\/wp\/v2\/posts\/2608","targetHints":{"allow":["GET"]}}],"collection":[{"href":"https:\/\/josepcarleslainez.com\/en\/wp-json\/wp\/v2\/posts"}],"about":[{"href":"https:\/\/josepcarleslainez.com\/en\/wp-json\/wp\/v2\/types\/post"}],"author":[{"embeddable":true,"href":"https:\/\/josepcarleslainez.com\/en\/wp-json\/wp\/v2\/users\/2"}],"replies":[{"embeddable":true,"href":"https:\/\/josepcarleslainez.com\/en\/wp-json\/wp\/v2\/comments?post=2608"}],"version-history":[{"count":1,"href":"https:\/\/josepcarleslainez.com\/en\/wp-json\/wp\/v2\/posts\/2608\/revisions"}],"predecessor-version":[{"id":3528,"href":"https:\/\/josepcarleslainez.com\/en\/wp-json\/wp\/v2\/posts\/2608\/revisions\/3528"}],"wp:featuredmedia":[{"embeddable":true,"href":"https:\/\/josepcarleslainez.com\/en\/wp-json\/wp\/v2\/media\/1364"}],"wp:attachment":[{"href":"https:\/\/josepcarleslainez.com\/en\/wp-json\/wp\/v2\/media?parent=2608"}],"wp:term":[{"taxonomy":"category","embeddable":true,"href":"https:\/\/josepcarleslainez.com\/en\/wp-json\/wp\/v2\/categories?post=2608"},{"taxonomy":"post_tag","embeddable":true,"href":"https:\/\/josepcarleslainez.com\/en\/wp-json\/wp\/v2\/tags?post=2608"}],"curies":[{"name":"wp","href":"https:\/\/api.w.org\/{rel}","templated":true}]}}