{"id":2549,"date":"2023-06-30T19:28:03","date_gmt":"2023-06-30T17:28:03","guid":{"rendered":"https:\/\/josepcarleslainez.com\/sin-categorizar\/como-tu-2\/"},"modified":"2025-01-06T12:29:07","modified_gmt":"2025-01-06T11:29:07","slug":"como-tu-2","status":"publish","type":"post","link":"https:\/\/josepcarleslainez.com\/en\/literature\/theatre\/como-tu-2\/","title":{"rendered":"Como t\u00fa"},"content":{"rendered":"<p>Although I signed this piece on my own, I co-wrote it with the actor Javier Salinas in 1994 or perhaps earlier, and my participation was less than his. Thanks to his effort, it was premiered at the Sala Tri\u00e1ngulo in Madrid in March 1995, under the direction of Mariano Venancio. I do not keep the text, and not even the memory of having kept it, so, for my part, I can consider this work as lost, although a video recording was made, of which I do not have a copy either. <em>Como t\u00fa<\/em> was a monologue with the background of drugs, in an ambiguous relationship of loving friendship between two boys. The greatest satisfaction, undoubtedly, was the review by Lorenzo L\u00f3pez Sancho in the newspaper <em>ABC<\/em>.<\/p>\n<h3 style=\"font-size: 13px; font-weight: 600;\"><em>Como t\u00fa<\/em> [Like You], unpublished<\/h3>\n","protected":false},"excerpt":{"rendered":"<p>Although I signed this piece on my own, I co-wrote it with the actor Javier Salinas in 1994 or perhaps earlier, and my participation was less than his. Thanks to his effort, it was premiered at the Sala Tri\u00e1ngulo in Madrid in March 1995, under the direction of Mariano Venancio. I do not keep the&hellip;<\/p>\n","protected":false},"author":2,"featured_media":1237,"comment_status":"closed","ping_status":"closed","sticky":false,"template":"","format":"standard","meta":{"footnotes":""},"categories":[88],"tags":[129],"class_list":["post-2549","post","type-post","status-publish","format-standard","has-post-thumbnail","hentry","category-theatre","tag-1995-en"],"yoast_head":"<!-- This site is optimized with the Yoast SEO plugin v27.4 - https:\/\/yoast.com\/product\/yoast-seo-wordpress\/ -->\n<title>Como t\u00fa | Josep Carles La\u00ednez<\/title>\n<meta name=\"description\" content=\"Como t\u00fa. Although I signed this piece on my own, I co-wrote it with the actor Javier Salinas in 1994 or perhaps earlier, and my participation was less than his.\" \/>\n<meta name=\"robots\" content=\"index, follow, max-snippet:-1, max-image-preview:large, max-video-preview:-1\" \/>\n<link rel=\"canonical\" href=\"https:\/\/josepcarleslainez.com\/en\/literature\/theatre\/como-tu-2\/\" \/>\n<meta property=\"og:locale\" content=\"en_US\" \/>\n<meta property=\"og:type\" content=\"article\" \/>\n<meta property=\"og:title\" content=\"Como t\u00fa | Josep Carles La\u00ednez\" \/>\n<meta property=\"og:description\" content=\"Como t\u00fa. Although I signed this piece on my own, I co-wrote it with the actor Javier Salinas in 1994 or perhaps earlier, and my participation was less than his.\" \/>\n<meta property=\"og:url\" content=\"https:\/\/josepcarleslainez.com\/en\/literature\/theatre\/como-tu-2\/\" \/>\n<meta property=\"og:site_name\" content=\"Josep Carles La\u00ednez\" \/>\n<meta property=\"article:published_time\" content=\"2023-06-30T17:28:03+00:00\" \/>\n<meta property=\"article:modified_time\" content=\"2025-01-06T11:29:07+00:00\" \/>\n<meta property=\"og:image\" content=\"https:\/\/josepcarleslainez.com\/wp-content\/uploads\/Como-tu.png\" \/>\n\t<meta property=\"og:image:width\" content=\"400\" \/>\n\t<meta property=\"og:image:height\" content=\"500\" \/>\n\t<meta property=\"og:image:type\" content=\"image\/png\" \/>\n<meta name=\"author\" content=\"Josep Carles La\u00ednez\" \/>\n<meta name=\"twitter:card\" content=\"summary_large_image\" \/>\n<meta name=\"twitter:label1\" content=\"Written by\" \/>\n\t<meta name=\"twitter:data1\" content=\"Josep Carles La\u00ednez\" \/>\n\t<meta name=\"twitter:label2\" content=\"Est. reading time\" \/>\n\t<meta name=\"twitter:data2\" content=\"1 minute\" \/>\n<script type=\"application\/ld+json\" class=\"yoast-schema-graph\">{\"@context\":\"https:\\\/\\\/schema.org\",\"@graph\":[{\"@type\":\"Article\",\"@id\":\"https:\\\/\\\/josepcarleslainez.com\\\/en\\\/literature\\\/theatre\\\/como-tu-2\\\/#article\",\"isPartOf\":{\"@id\":\"https:\\\/\\\/josepcarleslainez.com\\\/en\\\/literature\\\/theatre\\\/como-tu-2\\\/\"},\"author\":{\"name\":\"Josep Carles La\u00ednez\",\"@id\":\"https:\\\/\\\/josepcarleslainez.com\\\/en\\\/#\\\/schema\\\/person\\\/4df12f79903b0a8f8bda77c99ca37ca1\"},\"headline\":\"Como t\u00fa\",\"datePublished\":\"2023-06-30T17:28:03+00:00\",\"dateModified\":\"2025-01-06T11:29:07+00:00\",\"mainEntityOfPage\":{\"@id\":\"https:\\\/\\\/josepcarleslainez.com\\\/en\\\/literature\\\/theatre\\\/como-tu-2\\\/\"},\"wordCount\":133,\"publisher\":{\"@id\":\"https:\\\/\\\/josepcarleslainez.com\\\/en\\\/#\\\/schema\\\/person\\\/4df12f79903b0a8f8bda77c99ca37ca1\"},\"image\":{\"@id\":\"https:\\\/\\\/josepcarleslainez.com\\\/en\\\/literature\\\/theatre\\\/como-tu-2\\\/#primaryimage\"},\"thumbnailUrl\":\"https:\\\/\\\/josepcarleslainez.com\\\/wp-content\\\/uploads\\\/Como-tu.png\",\"keywords\":[\"1995\"],\"articleSection\":[\"Theatre\"],\"inLanguage\":\"en-US\"},{\"@type\":[\"WebPage\",\"ItemPage\"],\"@id\":\"https:\\\/\\\/josepcarleslainez.com\\\/en\\\/literature\\\/theatre\\\/como-tu-2\\\/\",\"url\":\"https:\\\/\\\/josepcarleslainez.com\\\/en\\\/literature\\\/theatre\\\/como-tu-2\\\/\",\"name\":\"Como t\u00fa | Josep Carles La\u00ednez\",\"isPartOf\":{\"@id\":\"https:\\\/\\\/josepcarleslainez.com\\\/en\\\/#website\"},\"primaryImageOfPage\":{\"@id\":\"https:\\\/\\\/josepcarleslainez.com\\\/en\\\/literature\\\/theatre\\\/como-tu-2\\\/#primaryimage\"},\"image\":{\"@id\":\"https:\\\/\\\/josepcarleslainez.com\\\/en\\\/literature\\\/theatre\\\/como-tu-2\\\/#primaryimage\"},\"thumbnailUrl\":\"https:\\\/\\\/josepcarleslainez.com\\\/wp-content\\\/uploads\\\/Como-tu.png\",\"datePublished\":\"2023-06-30T17:28:03+00:00\",\"dateModified\":\"2025-01-06T11:29:07+00:00\",\"description\":\"Como t\u00fa. Although I signed this piece on my own, I co-wrote it with the actor Javier Salinas in 1994 or perhaps earlier, and my participation was less than his.\",\"breadcrumb\":{\"@id\":\"https:\\\/\\\/josepcarleslainez.com\\\/en\\\/literature\\\/theatre\\\/como-tu-2\\\/#breadcrumb\"},\"inLanguage\":\"en-US\",\"potentialAction\":[{\"@type\":\"ReadAction\",\"target\":[\"https:\\\/\\\/josepcarleslainez.com\\\/en\\\/literature\\\/theatre\\\/como-tu-2\\\/\"]}]},{\"@type\":\"ImageObject\",\"inLanguage\":\"en-US\",\"@id\":\"https:\\\/\\\/josepcarleslainez.com\\\/en\\\/literature\\\/theatre\\\/como-tu-2\\\/#primaryimage\",\"url\":\"https:\\\/\\\/josepcarleslainez.com\\\/wp-content\\\/uploads\\\/Como-tu.png\",\"contentUrl\":\"https:\\\/\\\/josepcarleslainez.com\\\/wp-content\\\/uploads\\\/Como-tu.png\",\"width\":400,\"height\":500,\"caption\":\"Como t\u00fa\"},{\"@type\":\"BreadcrumbList\",\"@id\":\"https:\\\/\\\/josepcarleslainez.com\\\/en\\\/literature\\\/theatre\\\/como-tu-2\\\/#breadcrumb\",\"itemListElement\":[{\"@type\":\"ListItem\",\"position\":1,\"name\":\"Home\",\"item\":\"https:\\\/\\\/josepcarleslainez.com\\\/en\\\/\"},{\"@type\":\"ListItem\",\"position\":2,\"name\":\"Literature\",\"item\":\"https:\\\/\\\/josepcarleslainez.com\\\/en\\\/category\\\/literature\\\/\"},{\"@type\":\"ListItem\",\"position\":3,\"name\":\"Theatre\",\"item\":\"https:\\\/\\\/josepcarleslainez.com\\\/en\\\/category\\\/literature\\\/theatre\\\/\"},{\"@type\":\"ListItem\",\"position\":4,\"name\":\"Como t\u00fa\"}]},{\"@type\":\"WebSite\",\"@id\":\"https:\\\/\\\/josepcarleslainez.com\\\/en\\\/#website\",\"url\":\"https:\\\/\\\/josepcarleslainez.com\\\/en\\\/\",\"name\":\"Josep Carles La\u00ednez\",\"description\":\"Literatura &amp; Arte\",\"publisher\":{\"@id\":\"https:\\\/\\\/josepcarleslainez.com\\\/en\\\/#\\\/schema\\\/person\\\/4df12f79903b0a8f8bda77c99ca37ca1\"},\"potentialAction\":[{\"@type\":\"SearchAction\",\"target\":{\"@type\":\"EntryPoint\",\"urlTemplate\":\"https:\\\/\\\/josepcarleslainez.com\\\/en\\\/?s={search_term_string}\"},\"query-input\":{\"@type\":\"PropertyValueSpecification\",\"valueRequired\":true,\"valueName\":\"search_term_string\"}}],\"inLanguage\":\"en-US\"},{\"@type\":[\"Person\",\"Organization\"],\"@id\":\"https:\\\/\\\/josepcarleslainez.com\\\/en\\\/#\\\/schema\\\/person\\\/4df12f79903b0a8f8bda77c99ca37ca1\",\"name\":\"Josep Carles La\u00ednez\",\"image\":{\"@type\":\"ImageObject\",\"inLanguage\":\"en-US\",\"@id\":\"https:\\\/\\\/josepcarleslainez.com\\\/wp-content\\\/uploads\\\/JosepCarlesLainez_Biografia.jpg\",\"url\":\"https:\\\/\\\/josepcarleslainez.com\\\/wp-content\\\/uploads\\\/JosepCarlesLainez_Biografia.jpg\",\"contentUrl\":\"https:\\\/\\\/josepcarleslainez.com\\\/wp-content\\\/uploads\\\/JosepCarlesLainez_Biografia.jpg\",\"width\":571,\"height\":600,\"caption\":\"Josep Carles La\u00ednez\"},\"logo\":{\"@id\":\"https:\\\/\\\/josepcarleslainez.com\\\/wp-content\\\/uploads\\\/JosepCarlesLainez_Biografia.jpg\"},\"sameAs\":[\"https:\\\/\\\/josepcarleslainez.com\"],\"url\":\"https:\\\/\\\/josepcarleslainez.com\\\/en\\\/author\\\/j_carleslainez\\\/\"}]}<\/script>\n<!-- \/ Yoast SEO plugin. -->","yoast_head_json":{"title":"Como t\u00fa | Josep Carles La\u00ednez","description":"Como t\u00fa. Although I signed this piece on my own, I co-wrote it with the actor Javier Salinas in 1994 or perhaps earlier, and my participation was less than his.","robots":{"index":"index","follow":"follow","max-snippet":"max-snippet:-1","max-image-preview":"max-image-preview:large","max-video-preview":"max-video-preview:-1"},"canonical":"https:\/\/josepcarleslainez.com\/en\/literature\/theatre\/como-tu-2\/","og_locale":"en_US","og_type":"article","og_title":"Como t\u00fa | Josep Carles La\u00ednez","og_description":"Como t\u00fa. Although I signed this piece on my own, I co-wrote it with the actor Javier Salinas in 1994 or perhaps earlier, and my participation was less than his.","og_url":"https:\/\/josepcarleslainez.com\/en\/literature\/theatre\/como-tu-2\/","og_site_name":"Josep Carles La\u00ednez","article_published_time":"2023-06-30T17:28:03+00:00","article_modified_time":"2025-01-06T11:29:07+00:00","og_image":[{"width":400,"height":500,"url":"https:\/\/josepcarleslainez.com\/wp-content\/uploads\/Como-tu.png","type":"image\/png"}],"author":"Josep Carles La\u00ednez","twitter_card":"summary_large_image","twitter_misc":{"Written by":"Josep Carles La\u00ednez","Est. reading time":"1 minute"},"schema":{"@context":"https:\/\/schema.org","@graph":[{"@type":"Article","@id":"https:\/\/josepcarleslainez.com\/en\/literature\/theatre\/como-tu-2\/#article","isPartOf":{"@id":"https:\/\/josepcarleslainez.com\/en\/literature\/theatre\/como-tu-2\/"},"author":{"name":"Josep Carles La\u00ednez","@id":"https:\/\/josepcarleslainez.com\/en\/#\/schema\/person\/4df12f79903b0a8f8bda77c99ca37ca1"},"headline":"Como t\u00fa","datePublished":"2023-06-30T17:28:03+00:00","dateModified":"2025-01-06T11:29:07+00:00","mainEntityOfPage":{"@id":"https:\/\/josepcarleslainez.com\/en\/literature\/theatre\/como-tu-2\/"},"wordCount":133,"publisher":{"@id":"https:\/\/josepcarleslainez.com\/en\/#\/schema\/person\/4df12f79903b0a8f8bda77c99ca37ca1"},"image":{"@id":"https:\/\/josepcarleslainez.com\/en\/literature\/theatre\/como-tu-2\/#primaryimage"},"thumbnailUrl":"https:\/\/josepcarleslainez.com\/wp-content\/uploads\/Como-tu.png","keywords":["1995"],"articleSection":["Theatre"],"inLanguage":"en-US"},{"@type":["WebPage","ItemPage"],"@id":"https:\/\/josepcarleslainez.com\/en\/literature\/theatre\/como-tu-2\/","url":"https:\/\/josepcarleslainez.com\/en\/literature\/theatre\/como-tu-2\/","name":"Como t\u00fa | Josep Carles La\u00ednez","isPartOf":{"@id":"https:\/\/josepcarleslainez.com\/en\/#website"},"primaryImageOfPage":{"@id":"https:\/\/josepcarleslainez.com\/en\/literature\/theatre\/como-tu-2\/#primaryimage"},"image":{"@id":"https:\/\/josepcarleslainez.com\/en\/literature\/theatre\/como-tu-2\/#primaryimage"},"thumbnailUrl":"https:\/\/josepcarleslainez.com\/wp-content\/uploads\/Como-tu.png","datePublished":"2023-06-30T17:28:03+00:00","dateModified":"2025-01-06T11:29:07+00:00","description":"Como t\u00fa. Although I signed this piece on my own, I co-wrote it with the actor Javier Salinas in 1994 or perhaps earlier, and my participation was less than his.","breadcrumb":{"@id":"https:\/\/josepcarleslainez.com\/en\/literature\/theatre\/como-tu-2\/#breadcrumb"},"inLanguage":"en-US","potentialAction":[{"@type":"ReadAction","target":["https:\/\/josepcarleslainez.com\/en\/literature\/theatre\/como-tu-2\/"]}]},{"@type":"ImageObject","inLanguage":"en-US","@id":"https:\/\/josepcarleslainez.com\/en\/literature\/theatre\/como-tu-2\/#primaryimage","url":"https:\/\/josepcarleslainez.com\/wp-content\/uploads\/Como-tu.png","contentUrl":"https:\/\/josepcarleslainez.com\/wp-content\/uploads\/Como-tu.png","width":400,"height":500,"caption":"Como t\u00fa"},{"@type":"BreadcrumbList","@id":"https:\/\/josepcarleslainez.com\/en\/literature\/theatre\/como-tu-2\/#breadcrumb","itemListElement":[{"@type":"ListItem","position":1,"name":"Home","item":"https:\/\/josepcarleslainez.com\/en\/"},{"@type":"ListItem","position":2,"name":"Literature","item":"https:\/\/josepcarleslainez.com\/en\/category\/literature\/"},{"@type":"ListItem","position":3,"name":"Theatre","item":"https:\/\/josepcarleslainez.com\/en\/category\/literature\/theatre\/"},{"@type":"ListItem","position":4,"name":"Como t\u00fa"}]},{"@type":"WebSite","@id":"https:\/\/josepcarleslainez.com\/en\/#website","url":"https:\/\/josepcarleslainez.com\/en\/","name":"Josep Carles La\u00ednez","description":"Literatura &amp; Arte","publisher":{"@id":"https:\/\/josepcarleslainez.com\/en\/#\/schema\/person\/4df12f79903b0a8f8bda77c99ca37ca1"},"potentialAction":[{"@type":"SearchAction","target":{"@type":"EntryPoint","urlTemplate":"https:\/\/josepcarleslainez.com\/en\/?s={search_term_string}"},"query-input":{"@type":"PropertyValueSpecification","valueRequired":true,"valueName":"search_term_string"}}],"inLanguage":"en-US"},{"@type":["Person","Organization"],"@id":"https:\/\/josepcarleslainez.com\/en\/#\/schema\/person\/4df12f79903b0a8f8bda77c99ca37ca1","name":"Josep Carles La\u00ednez","image":{"@type":"ImageObject","inLanguage":"en-US","@id":"https:\/\/josepcarleslainez.com\/wp-content\/uploads\/JosepCarlesLainez_Biografia.jpg","url":"https:\/\/josepcarleslainez.com\/wp-content\/uploads\/JosepCarlesLainez_Biografia.jpg","contentUrl":"https:\/\/josepcarleslainez.com\/wp-content\/uploads\/JosepCarlesLainez_Biografia.jpg","width":571,"height":600,"caption":"Josep Carles La\u00ednez"},"logo":{"@id":"https:\/\/josepcarleslainez.com\/wp-content\/uploads\/JosepCarlesLainez_Biografia.jpg"},"sameAs":["https:\/\/josepcarleslainez.com"],"url":"https:\/\/josepcarleslainez.com\/en\/author\/j_carleslainez\/"}]}},"_links":{"self":[{"href":"https:\/\/josepcarleslainez.com\/en\/wp-json\/wp\/v2\/posts\/2549","targetHints":{"allow":["GET"]}}],"collection":[{"href":"https:\/\/josepcarleslainez.com\/en\/wp-json\/wp\/v2\/posts"}],"about":[{"href":"https:\/\/josepcarleslainez.com\/en\/wp-json\/wp\/v2\/types\/post"}],"author":[{"embeddable":true,"href":"https:\/\/josepcarleslainez.com\/en\/wp-json\/wp\/v2\/users\/2"}],"replies":[{"embeddable":true,"href":"https:\/\/josepcarleslainez.com\/en\/wp-json\/wp\/v2\/comments?post=2549"}],"version-history":[{"count":1,"href":"https:\/\/josepcarleslainez.com\/en\/wp-json\/wp\/v2\/posts\/2549\/revisions"}],"predecessor-version":[{"id":3564,"href":"https:\/\/josepcarleslainez.com\/en\/wp-json\/wp\/v2\/posts\/2549\/revisions\/3564"}],"wp:featuredmedia":[{"embeddable":true,"href":"https:\/\/josepcarleslainez.com\/en\/wp-json\/wp\/v2\/media\/1237"}],"wp:attachment":[{"href":"https:\/\/josepcarleslainez.com\/en\/wp-json\/wp\/v2\/media?parent=2549"}],"wp:term":[{"taxonomy":"category","embeddable":true,"href":"https:\/\/josepcarleslainez.com\/en\/wp-json\/wp\/v2\/categories?post=2549"},{"taxonomy":"post_tag","embeddable":true,"href":"https:\/\/josepcarleslainez.com\/en\/wp-json\/wp\/v2\/tags?post=2549"}],"curies":[{"name":"wp","href":"https:\/\/api.w.org\/{rel}","templated":true}]}}