{"id":2536,"date":"2023-06-30T19:12:27","date_gmt":"2023-06-30T17:12:27","guid":{"rendered":"https:\/\/josepcarleslainez.com\/sin-categorizar\/algun-dia-2\/"},"modified":"2025-01-06T12:29:02","modified_gmt":"2025-01-06T11:29:02","slug":"algun-dia-2","status":"publish","type":"post","link":"https:\/\/josepcarleslainez.com\/en\/literature\/poetry\/algun-dia-2\/","title":{"rendered":"Alg\u00fan d\u00eda"},"content":{"rendered":"<p><em>Alg\u00fan d\u00eda. My Poetic Work in Aragonese (1989-2000) <\/em> gathers a wide production of my poetry in the Aragonese language, as well as in the Castilian-Aragonese dialect of my region, Alto Palancia. All the texts are previously published, and of special importance in the volume is the book that was originally appeared in 1998 and that gives the title to the collection: <em>Bel diya<\/em>. The volume includes an in-depth study by the philosopher and critic Rosa Mar\u00eda Rodr\u00edguez Magda, which is based on an article published in 2004 on the relationship between my poetry and Generation X, created or championed by the Canadian Douglas Coupland.<\/p>\n<h3 style=\"font-size: 13px; font-weight: 600;\"><em>Alg\u00fan d\u00eda. Obra po\u00e9tica en aragon\u00e9s (1989-2000) [Someday. Poetic Work in Aragonese (1989-2000)], <\/em>introduction by Rosa Mar\u00eda Rodr\u00edguez Magda, Oca\u00f1a, Lastura, 2019.<\/h3>\n","protected":false},"excerpt":{"rendered":"<p>Alg\u00fan d\u00eda. My Poetic Work in Aragonese (1989-2000) gathers a wide production of my poetry in the Aragonese language, as well as in the Castilian-Aragonese dialect of my region, Alto Palancia. All the texts are previously published, and of special importance in the volume is the book that was originally appeared in 1998 and that&hellip;<\/p>\n","protected":false},"author":2,"featured_media":1184,"comment_status":"closed","ping_status":"closed","sticky":false,"template":"","format":"standard","meta":{"footnotes":""},"categories":[87],"tags":[152],"class_list":["post-2536","post","type-post","status-publish","format-standard","has-post-thumbnail","hentry","category-poetry","tag-2019-en"],"yoast_head":"<!-- This site is optimized with the Yoast SEO plugin v27.4 - https:\/\/yoast.com\/product\/yoast-seo-wordpress\/ -->\n<title>Alg\u00fan d\u00eda | Josep Carles La\u00ednez<\/title>\n<meta name=\"description\" content=\"Alg\u00fan d\u00eda. My Poetic Work in Aragonese (1989-2000) gathers a wide production of my poetry in the Aragonese language, as well as in the\" \/>\n<meta name=\"robots\" content=\"index, follow, max-snippet:-1, max-image-preview:large, max-video-preview:-1\" \/>\n<link rel=\"canonical\" href=\"https:\/\/josepcarleslainez.com\/en\/literature\/poetry\/algun-dia-2\/\" \/>\n<meta property=\"og:locale\" content=\"en_US\" \/>\n<meta property=\"og:type\" content=\"article\" \/>\n<meta property=\"og:title\" content=\"Alg\u00fan d\u00eda | Josep Carles La\u00ednez\" \/>\n<meta property=\"og:description\" content=\"Alg\u00fan d\u00eda. My Poetic Work in Aragonese (1989-2000) gathers a wide production of my poetry in the Aragonese language, as well as in the\" \/>\n<meta property=\"og:url\" content=\"https:\/\/josepcarleslainez.com\/en\/literature\/poetry\/algun-dia-2\/\" \/>\n<meta property=\"og:site_name\" content=\"Josep Carles La\u00ednez\" \/>\n<meta property=\"article:published_time\" content=\"2023-06-30T17:12:27+00:00\" \/>\n<meta property=\"article:modified_time\" content=\"2025-01-06T11:29:02+00:00\" \/>\n<meta property=\"og:image\" content=\"https:\/\/josepcarleslainez.com\/wp-content\/uploads\/Algun-dia.png\" \/>\n\t<meta property=\"og:image:width\" content=\"400\" \/>\n\t<meta property=\"og:image:height\" content=\"500\" \/>\n\t<meta property=\"og:image:type\" content=\"image\/png\" \/>\n<meta name=\"author\" content=\"Josep Carles La\u00ednez\" \/>\n<meta name=\"twitter:card\" content=\"summary_large_image\" \/>\n<meta name=\"twitter:label1\" content=\"Written by\" \/>\n\t<meta name=\"twitter:data1\" content=\"Josep Carles La\u00ednez\" \/>\n\t<meta name=\"twitter:label2\" content=\"Est. reading time\" \/>\n\t<meta name=\"twitter:data2\" content=\"1 minute\" \/>\n<script type=\"application\/ld+json\" class=\"yoast-schema-graph\">{\"@context\":\"https:\\\/\\\/schema.org\",\"@graph\":[{\"@type\":\"Article\",\"@id\":\"https:\\\/\\\/josepcarleslainez.com\\\/en\\\/literature\\\/poetry\\\/algun-dia-2\\\/#article\",\"isPartOf\":{\"@id\":\"https:\\\/\\\/josepcarleslainez.com\\\/en\\\/literature\\\/poetry\\\/algun-dia-2\\\/\"},\"author\":{\"name\":\"Josep Carles La\u00ednez\",\"@id\":\"https:\\\/\\\/josepcarleslainez.com\\\/en\\\/#\\\/schema\\\/person\\\/4df12f79903b0a8f8bda77c99ca37ca1\"},\"headline\":\"Alg\u00fan d\u00eda\",\"datePublished\":\"2023-06-30T17:12:27+00:00\",\"dateModified\":\"2025-01-06T11:29:02+00:00\",\"mainEntityOfPage\":{\"@id\":\"https:\\\/\\\/josepcarleslainez.com\\\/en\\\/literature\\\/poetry\\\/algun-dia-2\\\/\"},\"wordCount\":138,\"publisher\":{\"@id\":\"https:\\\/\\\/josepcarleslainez.com\\\/en\\\/#\\\/schema\\\/person\\\/4df12f79903b0a8f8bda77c99ca37ca1\"},\"image\":{\"@id\":\"https:\\\/\\\/josepcarleslainez.com\\\/en\\\/literature\\\/poetry\\\/algun-dia-2\\\/#primaryimage\"},\"thumbnailUrl\":\"https:\\\/\\\/josepcarleslainez.com\\\/wp-content\\\/uploads\\\/Algun-dia.png\",\"keywords\":[\"2019\"],\"articleSection\":[\"Poetry\"],\"inLanguage\":\"en-US\"},{\"@type\":[\"WebPage\",\"ItemPage\"],\"@id\":\"https:\\\/\\\/josepcarleslainez.com\\\/en\\\/literature\\\/poetry\\\/algun-dia-2\\\/\",\"url\":\"https:\\\/\\\/josepcarleslainez.com\\\/en\\\/literature\\\/poetry\\\/algun-dia-2\\\/\",\"name\":\"Alg\u00fan d\u00eda | Josep Carles La\u00ednez\",\"isPartOf\":{\"@id\":\"https:\\\/\\\/josepcarleslainez.com\\\/en\\\/#website\"},\"primaryImageOfPage\":{\"@id\":\"https:\\\/\\\/josepcarleslainez.com\\\/en\\\/literature\\\/poetry\\\/algun-dia-2\\\/#primaryimage\"},\"image\":{\"@id\":\"https:\\\/\\\/josepcarleslainez.com\\\/en\\\/literature\\\/poetry\\\/algun-dia-2\\\/#primaryimage\"},\"thumbnailUrl\":\"https:\\\/\\\/josepcarleslainez.com\\\/wp-content\\\/uploads\\\/Algun-dia.png\",\"datePublished\":\"2023-06-30T17:12:27+00:00\",\"dateModified\":\"2025-01-06T11:29:02+00:00\",\"description\":\"Alg\u00fan d\u00eda. My Poetic Work in Aragonese (1989-2000) gathers a wide production of my poetry in the Aragonese language, as well as in the\",\"breadcrumb\":{\"@id\":\"https:\\\/\\\/josepcarleslainez.com\\\/en\\\/literature\\\/poetry\\\/algun-dia-2\\\/#breadcrumb\"},\"inLanguage\":\"en-US\",\"potentialAction\":[{\"@type\":\"ReadAction\",\"target\":[\"https:\\\/\\\/josepcarleslainez.com\\\/en\\\/literature\\\/poetry\\\/algun-dia-2\\\/\"]}]},{\"@type\":\"ImageObject\",\"inLanguage\":\"en-US\",\"@id\":\"https:\\\/\\\/josepcarleslainez.com\\\/en\\\/literature\\\/poetry\\\/algun-dia-2\\\/#primaryimage\",\"url\":\"https:\\\/\\\/josepcarleslainez.com\\\/wp-content\\\/uploads\\\/Algun-dia.png\",\"contentUrl\":\"https:\\\/\\\/josepcarleslainez.com\\\/wp-content\\\/uploads\\\/Algun-dia.png\",\"width\":400,\"height\":500,\"caption\":\"Alg\u00fan d\u00eda\"},{\"@type\":\"BreadcrumbList\",\"@id\":\"https:\\\/\\\/josepcarleslainez.com\\\/en\\\/literature\\\/poetry\\\/algun-dia-2\\\/#breadcrumb\",\"itemListElement\":[{\"@type\":\"ListItem\",\"position\":1,\"name\":\"Home\",\"item\":\"https:\\\/\\\/josepcarleslainez.com\\\/en\\\/\"},{\"@type\":\"ListItem\",\"position\":2,\"name\":\"Literature\",\"item\":\"https:\\\/\\\/josepcarleslainez.com\\\/en\\\/category\\\/literature\\\/\"},{\"@type\":\"ListItem\",\"position\":3,\"name\":\"Poetry\",\"item\":\"https:\\\/\\\/josepcarleslainez.com\\\/en\\\/category\\\/literature\\\/poetry\\\/\"},{\"@type\":\"ListItem\",\"position\":4,\"name\":\"Alg\u00fan d\u00eda\"}]},{\"@type\":\"WebSite\",\"@id\":\"https:\\\/\\\/josepcarleslainez.com\\\/en\\\/#website\",\"url\":\"https:\\\/\\\/josepcarleslainez.com\\\/en\\\/\",\"name\":\"Josep Carles La\u00ednez\",\"description\":\"Literatura &amp; Arte\",\"publisher\":{\"@id\":\"https:\\\/\\\/josepcarleslainez.com\\\/en\\\/#\\\/schema\\\/person\\\/4df12f79903b0a8f8bda77c99ca37ca1\"},\"potentialAction\":[{\"@type\":\"SearchAction\",\"target\":{\"@type\":\"EntryPoint\",\"urlTemplate\":\"https:\\\/\\\/josepcarleslainez.com\\\/en\\\/?s={search_term_string}\"},\"query-input\":{\"@type\":\"PropertyValueSpecification\",\"valueRequired\":true,\"valueName\":\"search_term_string\"}}],\"inLanguage\":\"en-US\"},{\"@type\":[\"Person\",\"Organization\"],\"@id\":\"https:\\\/\\\/josepcarleslainez.com\\\/en\\\/#\\\/schema\\\/person\\\/4df12f79903b0a8f8bda77c99ca37ca1\",\"name\":\"Josep Carles La\u00ednez\",\"image\":{\"@type\":\"ImageObject\",\"inLanguage\":\"en-US\",\"@id\":\"https:\\\/\\\/josepcarleslainez.com\\\/wp-content\\\/uploads\\\/JosepCarlesLainez_Biografia.jpg\",\"url\":\"https:\\\/\\\/josepcarleslainez.com\\\/wp-content\\\/uploads\\\/JosepCarlesLainez_Biografia.jpg\",\"contentUrl\":\"https:\\\/\\\/josepcarleslainez.com\\\/wp-content\\\/uploads\\\/JosepCarlesLainez_Biografia.jpg\",\"width\":571,\"height\":600,\"caption\":\"Josep Carles La\u00ednez\"},\"logo\":{\"@id\":\"https:\\\/\\\/josepcarleslainez.com\\\/wp-content\\\/uploads\\\/JosepCarlesLainez_Biografia.jpg\"},\"sameAs\":[\"https:\\\/\\\/josepcarleslainez.com\"],\"url\":\"https:\\\/\\\/josepcarleslainez.com\\\/en\\\/author\\\/j_carleslainez\\\/\"}]}<\/script>\n<!-- \/ Yoast SEO plugin. -->","yoast_head_json":{"title":"Alg\u00fan d\u00eda | Josep Carles La\u00ednez","description":"Alg\u00fan d\u00eda. My Poetic Work in Aragonese (1989-2000) gathers a wide production of my poetry in the Aragonese language, as well as in the","robots":{"index":"index","follow":"follow","max-snippet":"max-snippet:-1","max-image-preview":"max-image-preview:large","max-video-preview":"max-video-preview:-1"},"canonical":"https:\/\/josepcarleslainez.com\/en\/literature\/poetry\/algun-dia-2\/","og_locale":"en_US","og_type":"article","og_title":"Alg\u00fan d\u00eda | Josep Carles La\u00ednez","og_description":"Alg\u00fan d\u00eda. My Poetic Work in Aragonese (1989-2000) gathers a wide production of my poetry in the Aragonese language, as well as in the","og_url":"https:\/\/josepcarleslainez.com\/en\/literature\/poetry\/algun-dia-2\/","og_site_name":"Josep Carles La\u00ednez","article_published_time":"2023-06-30T17:12:27+00:00","article_modified_time":"2025-01-06T11:29:02+00:00","og_image":[{"width":400,"height":500,"url":"https:\/\/josepcarleslainez.com\/wp-content\/uploads\/Algun-dia.png","type":"image\/png"}],"author":"Josep Carles La\u00ednez","twitter_card":"summary_large_image","twitter_misc":{"Written by":"Josep Carles La\u00ednez","Est. reading time":"1 minute"},"schema":{"@context":"https:\/\/schema.org","@graph":[{"@type":"Article","@id":"https:\/\/josepcarleslainez.com\/en\/literature\/poetry\/algun-dia-2\/#article","isPartOf":{"@id":"https:\/\/josepcarleslainez.com\/en\/literature\/poetry\/algun-dia-2\/"},"author":{"name":"Josep Carles La\u00ednez","@id":"https:\/\/josepcarleslainez.com\/en\/#\/schema\/person\/4df12f79903b0a8f8bda77c99ca37ca1"},"headline":"Alg\u00fan d\u00eda","datePublished":"2023-06-30T17:12:27+00:00","dateModified":"2025-01-06T11:29:02+00:00","mainEntityOfPage":{"@id":"https:\/\/josepcarleslainez.com\/en\/literature\/poetry\/algun-dia-2\/"},"wordCount":138,"publisher":{"@id":"https:\/\/josepcarleslainez.com\/en\/#\/schema\/person\/4df12f79903b0a8f8bda77c99ca37ca1"},"image":{"@id":"https:\/\/josepcarleslainez.com\/en\/literature\/poetry\/algun-dia-2\/#primaryimage"},"thumbnailUrl":"https:\/\/josepcarleslainez.com\/wp-content\/uploads\/Algun-dia.png","keywords":["2019"],"articleSection":["Poetry"],"inLanguage":"en-US"},{"@type":["WebPage","ItemPage"],"@id":"https:\/\/josepcarleslainez.com\/en\/literature\/poetry\/algun-dia-2\/","url":"https:\/\/josepcarleslainez.com\/en\/literature\/poetry\/algun-dia-2\/","name":"Alg\u00fan d\u00eda | Josep Carles La\u00ednez","isPartOf":{"@id":"https:\/\/josepcarleslainez.com\/en\/#website"},"primaryImageOfPage":{"@id":"https:\/\/josepcarleslainez.com\/en\/literature\/poetry\/algun-dia-2\/#primaryimage"},"image":{"@id":"https:\/\/josepcarleslainez.com\/en\/literature\/poetry\/algun-dia-2\/#primaryimage"},"thumbnailUrl":"https:\/\/josepcarleslainez.com\/wp-content\/uploads\/Algun-dia.png","datePublished":"2023-06-30T17:12:27+00:00","dateModified":"2025-01-06T11:29:02+00:00","description":"Alg\u00fan d\u00eda. My Poetic Work in Aragonese (1989-2000) gathers a wide production of my poetry in the Aragonese language, as well as in the","breadcrumb":{"@id":"https:\/\/josepcarleslainez.com\/en\/literature\/poetry\/algun-dia-2\/#breadcrumb"},"inLanguage":"en-US","potentialAction":[{"@type":"ReadAction","target":["https:\/\/josepcarleslainez.com\/en\/literature\/poetry\/algun-dia-2\/"]}]},{"@type":"ImageObject","inLanguage":"en-US","@id":"https:\/\/josepcarleslainez.com\/en\/literature\/poetry\/algun-dia-2\/#primaryimage","url":"https:\/\/josepcarleslainez.com\/wp-content\/uploads\/Algun-dia.png","contentUrl":"https:\/\/josepcarleslainez.com\/wp-content\/uploads\/Algun-dia.png","width":400,"height":500,"caption":"Alg\u00fan d\u00eda"},{"@type":"BreadcrumbList","@id":"https:\/\/josepcarleslainez.com\/en\/literature\/poetry\/algun-dia-2\/#breadcrumb","itemListElement":[{"@type":"ListItem","position":1,"name":"Home","item":"https:\/\/josepcarleslainez.com\/en\/"},{"@type":"ListItem","position":2,"name":"Literature","item":"https:\/\/josepcarleslainez.com\/en\/category\/literature\/"},{"@type":"ListItem","position":3,"name":"Poetry","item":"https:\/\/josepcarleslainez.com\/en\/category\/literature\/poetry\/"},{"@type":"ListItem","position":4,"name":"Alg\u00fan d\u00eda"}]},{"@type":"WebSite","@id":"https:\/\/josepcarleslainez.com\/en\/#website","url":"https:\/\/josepcarleslainez.com\/en\/","name":"Josep Carles La\u00ednez","description":"Literatura &amp; Arte","publisher":{"@id":"https:\/\/josepcarleslainez.com\/en\/#\/schema\/person\/4df12f79903b0a8f8bda77c99ca37ca1"},"potentialAction":[{"@type":"SearchAction","target":{"@type":"EntryPoint","urlTemplate":"https:\/\/josepcarleslainez.com\/en\/?s={search_term_string}"},"query-input":{"@type":"PropertyValueSpecification","valueRequired":true,"valueName":"search_term_string"}}],"inLanguage":"en-US"},{"@type":["Person","Organization"],"@id":"https:\/\/josepcarleslainez.com\/en\/#\/schema\/person\/4df12f79903b0a8f8bda77c99ca37ca1","name":"Josep Carles La\u00ednez","image":{"@type":"ImageObject","inLanguage":"en-US","@id":"https:\/\/josepcarleslainez.com\/wp-content\/uploads\/JosepCarlesLainez_Biografia.jpg","url":"https:\/\/josepcarleslainez.com\/wp-content\/uploads\/JosepCarlesLainez_Biografia.jpg","contentUrl":"https:\/\/josepcarleslainez.com\/wp-content\/uploads\/JosepCarlesLainez_Biografia.jpg","width":571,"height":600,"caption":"Josep Carles La\u00ednez"},"logo":{"@id":"https:\/\/josepcarleslainez.com\/wp-content\/uploads\/JosepCarlesLainez_Biografia.jpg"},"sameAs":["https:\/\/josepcarleslainez.com"],"url":"https:\/\/josepcarleslainez.com\/en\/author\/j_carleslainez\/"}]}},"_links":{"self":[{"href":"https:\/\/josepcarleslainez.com\/en\/wp-json\/wp\/v2\/posts\/2536","targetHints":{"allow":["GET"]}}],"collection":[{"href":"https:\/\/josepcarleslainez.com\/en\/wp-json\/wp\/v2\/posts"}],"about":[{"href":"https:\/\/josepcarleslainez.com\/en\/wp-json\/wp\/v2\/types\/post"}],"author":[{"embeddable":true,"href":"https:\/\/josepcarleslainez.com\/en\/wp-json\/wp\/v2\/users\/2"}],"replies":[{"embeddable":true,"href":"https:\/\/josepcarleslainez.com\/en\/wp-json\/wp\/v2\/comments?post=2536"}],"version-history":[{"count":1,"href":"https:\/\/josepcarleslainez.com\/en\/wp-json\/wp\/v2\/posts\/2536\/revisions"}],"predecessor-version":[{"id":3516,"href":"https:\/\/josepcarleslainez.com\/en\/wp-json\/wp\/v2\/posts\/2536\/revisions\/3516"}],"wp:featuredmedia":[{"embeddable":true,"href":"https:\/\/josepcarleslainez.com\/en\/wp-json\/wp\/v2\/media\/1184"}],"wp:attachment":[{"href":"https:\/\/josepcarleslainez.com\/en\/wp-json\/wp\/v2\/media?parent=2536"}],"wp:term":[{"taxonomy":"category","embeddable":true,"href":"https:\/\/josepcarleslainez.com\/en\/wp-json\/wp\/v2\/categories?post=2536"},{"taxonomy":"post_tag","embeddable":true,"href":"https:\/\/josepcarleslainez.com\/en\/wp-json\/wp\/v2\/tags?post=2536"}],"curies":[{"name":"wp","href":"https:\/\/api.w.org\/{rel}","templated":true}]}}